{"id":21889,"date":"2023-04-12T16:21:48","date_gmt":"2023-04-12T19:21:48","guid":{"rendered":"https:\/\/elfederalmendoza.com\/?p=21889"},"modified":"2023-04-12T16:22:30","modified_gmt":"2023-04-12T19:22:30","slug":"otro-empresa-consiguio-una-resolucion-contra-la-entrega-de-tierras-a-los-mapuches-la-justicia-fallo-a-favor-de-una-minera","status":"publish","type":"post","link":"https:\/\/elfederalmendoza.com.ar\/index.php\/2023\/04\/12\/otro-empresa-consiguio-una-resolucion-contra-la-entrega-de-tierras-a-los-mapuches-la-justicia-fallo-a-favor-de-una-minera\/","title":{"rendered":"Otro empresa consigui\u00f3 una resoluci\u00f3n contra la entrega de tierras a los mapuches: la justicia fall\u00f3 a favor de una minera"},"content":{"rendered":"\n<p>Este martes se conoci\u00f3 la resoluci\u00f3n de la Justicia Federal en la cual declar\u00f3 institucional la resoluci\u00f3n del INAI sobre el reconocimiento de pueblos mapuches en la ocupaci\u00f3n de tierras ubicadas en Malag\u00fce. En ese momento, la demandante fue la empresa\u00a0<strong>Nieves de Mendoza S.A., administradora de Las Le\u00f1as. Ahora, la minera Sominar\u00a0<\/strong>realiz\u00f3 el mismo reclamo y obtuvo la misma respuesta beneficiosa por parte de la Justicia.<\/p>\n\n\n\n<p><strong>Sominar asegura que en 1942 adquiri\u00f3&nbsp;328.400 hect\u00e1reas,<\/strong>&nbsp;actualmente conocidas como \u00abEstancia El Sosneado\u00bb, que se ubican en los departamentos de&nbsp;<strong>San Rafael y San Carlos, en la provincia de Mendoza<\/strong>.<\/p>\n\n\n\n<p>En la extensi\u00f3n de tierras realizan actividades mineras,\u00a0arrendamientos ganaderos, arrendamientos agr\u00edcolas y turismo.<\/p>\n\n\n\n<p>Durante el mes de enero del 2023, una resoluci\u00f3n del&nbsp;<strong>INAI reconoci\u00f3 el derecho de pueblos mapuches sobre 21 mil de esas hect\u00e1reas de San Rafael.<\/strong><\/p>\n\n\n\n<p>Frente a esto la empresa realiz\u00f3 una presentaci\u00f3n en la Justicia Federal donde pidi\u00f3 la nulidad de la resoluci\u00f3n Instituto Nacional de Asuntos Ind\u00edgenas. En la misma plantea que el INAI no respect\u00f3 las facultades concurrentes reconocidas por la Carta Magna a las provincias. Asimismo, asegura, hizo caso omiso al&nbsp;<strong>proceso de reivindicaci\u00f3n tramitado ante la justicia provincial.<\/strong><\/p>\n\n\n\n<p>Tambi\u00e9n dej\u00f3 entrever que La Comunidad Lof El Sosneado carece de personer\u00eda jur\u00eddica como requisito previo al reconocimiento de la ocupaci\u00f3n actual, tradicional y p\u00fablica que efectu\u00f3 el Instituto.<\/p>\n\n\n\n<p>Con este pedido, y al igual que ocurri\u00f3 con Nievas, el juez Eduardo Puigd\u00e9ndolas declar\u00f3 la institucionalidad de los art\u00edculos 4, 5, y 6 de la ley 26854\u00a0 y de esta manera\u00a0<strong>hizo lugar a la medida cautelar realizada por Sominar y suspendi\u00f3 la reluci\u00f3n del INAI.<\/strong><\/p>\n\n\n\n<p><em>Fuente: Memo<\/em><\/p>\n","protected":false},"excerpt":{"rendered":"<p>Este martes se conoci\u00f3 la resoluci\u00f3n de la Justicia Federal en la cual declar\u00f3 institucional la resoluci\u00f3n del INAI sobre el reconocimiento de pueblos mapuches en la ocupaci\u00f3n de tierras ubicadas en Malag\u00fce. En ese momento, la demandante fue la empresa\u00a0Nieves de Mendoza S.A., administradora de Las Le\u00f1as. Ahora, la minera Sominar\u00a0realiz\u00f3 el mismo reclamo<a class=\"read-more\" href=\"https:\/\/elfederalmendoza.com.ar\/index.php\/2023\/04\/12\/otro-empresa-consiguio-una-resolucion-contra-la-entrega-de-tierras-a-los-mapuches-la-justicia-fallo-a-favor-de-una-minera\/\"> [&hellip;]<\/a><\/p>\n","protected":false},"author":2,"featured_media":21890,"comment_status":"open","ping_status":"open","sticky":false,"template":"","format":"standard","meta":{"footnotes":""},"categories":[1],"tags":[],"class_list":["post-21889","post","type-post","status-publish","format-standard","has-post-thumbnail","hentry","category-mza"],"rttpg_featured_image_url":{"full":["https:\/\/elfederalmendoza.com.ar\/wp-content\/uploads\/2023\/04\/6436be6adfc57_905_510.jpg",905,510,false],"landscape":["https:\/\/elfederalmendoza.com.ar\/wp-content\/uploads\/2023\/04\/6436be6adfc57_905_510.jpg",905,510,false],"portraits":["https:\/\/elfederalmendoza.com.ar\/wp-content\/uploads\/2023\/04\/6436be6adfc57_905_510.jpg",905,510,false],"thumbnail":["https:\/\/elfederalmendoza.com.ar\/wp-content\/uploads\/2023\/04\/6436be6adfc57_905_510-150x150.jpg",150,150,true],"medium":["https:\/\/elfederalmendoza.com.ar\/wp-content\/uploads\/2023\/04\/6436be6adfc57_905_510-300x169.jpg",300,169,true],"large":["https:\/\/elfederalmendoza.com.ar\/wp-content\/uploads\/2023\/04\/6436be6adfc57_905_510.jpg",640,361,false],"1536x1536":["https:\/\/elfederalmendoza.com.ar\/wp-content\/uploads\/2023\/04\/6436be6adfc57_905_510.jpg",905,510,false],"2048x2048":["https:\/\/elfederalmendoza.com.ar\/wp-content\/uploads\/2023\/04\/6436be6adfc57_905_510.jpg",905,510,false],"ultp_layout_landscape_large":["https:\/\/elfederalmendoza.com.ar\/wp-content\/uploads\/2023\/04\/6436be6adfc57_905_510.jpg",905,510,false],"ultp_layout_landscape":["https:\/\/elfederalmendoza.com.ar\/wp-content\/uploads\/2023\/04\/6436be6adfc57_905_510-870x510.jpg",870,510,true],"ultp_layout_portrait":["https:\/\/elfederalmendoza.com.ar\/wp-content\/uploads\/2023\/04\/6436be6adfc57_905_510-600x510.jpg",600,510,true],"ultp_layout_square":["https:\/\/elfederalmendoza.com.ar\/wp-content\/uploads\/2023\/04\/6436be6adfc57_905_510-600x510.jpg",600,510,true],"rpwe-thumbnail":["https:\/\/elfederalmendoza.com.ar\/wp-content\/uploads\/2023\/04\/6436be6adfc57_905_510-45x45.jpg",45,45,true],"advps-thumb-one":["https:\/\/elfederalmendoza.com.ar\/wp-content\/uploads\/2023\/04\/6436be6adfc57_905_510-905x420.jpg",905,420,true]},"rttpg_author":{"display_name":"Redacci\u00f3n El Federal","author_link":"https:\/\/elfederalmendoza.com.ar\/index.php\/author\/angelflores\/"},"rttpg_comment":0,"rttpg_category":"<a href=\"https:\/\/elfederalmendoza.com.ar\/index.php\/category\/mza\/\" rel=\"category tag\">Mendoza<\/a>","rttpg_excerpt":"Este martes se conoci\u00f3 la resoluci\u00f3n de la Justicia Federal en la cual declar\u00f3 institucional la resoluci\u00f3n del INAI sobre el reconocimiento de pueblos mapuches en la ocupaci\u00f3n de tierras ubicadas en Malag\u00fce. En ese momento, la demandante fue la empresa\u00a0Nieves de Mendoza S.A., administradora de Las Le\u00f1as. Ahora, la minera Sominar\u00a0realiz\u00f3 el mismo reclamo&hellip;","_links":{"self":[{"href":"https:\/\/elfederalmendoza.com.ar\/index.php\/wp-json\/wp\/v2\/posts\/21889","targetHints":{"allow":["GET"]}}],"collection":[{"href":"https:\/\/elfederalmendoza.com.ar\/index.php\/wp-json\/wp\/v2\/posts"}],"about":[{"href":"https:\/\/elfederalmendoza.com.ar\/index.php\/wp-json\/wp\/v2\/types\/post"}],"author":[{"embeddable":true,"href":"https:\/\/elfederalmendoza.com.ar\/index.php\/wp-json\/wp\/v2\/users\/2"}],"replies":[{"embeddable":true,"href":"https:\/\/elfederalmendoza.com.ar\/index.php\/wp-json\/wp\/v2\/comments?post=21889"}],"version-history":[{"count":2,"href":"https:\/\/elfederalmendoza.com.ar\/index.php\/wp-json\/wp\/v2\/posts\/21889\/revisions"}],"predecessor-version":[{"id":21892,"href":"https:\/\/elfederalmendoza.com.ar\/index.php\/wp-json\/wp\/v2\/posts\/21889\/revisions\/21892"}],"wp:featuredmedia":[{"embeddable":true,"href":"https:\/\/elfederalmendoza.com.ar\/index.php\/wp-json\/wp\/v2\/media\/21890"}],"wp:attachment":[{"href":"https:\/\/elfederalmendoza.com.ar\/index.php\/wp-json\/wp\/v2\/media?parent=21889"}],"wp:term":[{"taxonomy":"category","embeddable":true,"href":"https:\/\/elfederalmendoza.com.ar\/index.php\/wp-json\/wp\/v2\/categories?post=21889"},{"taxonomy":"post_tag","embeddable":true,"href":"https:\/\/elfederalmendoza.com.ar\/index.php\/wp-json\/wp\/v2\/tags?post=21889"}],"curies":[{"name":"wp","href":"https:\/\/api.w.org\/{rel}","templated":true}]}}