{"id":21893,"date":"2023-04-12T04:30:00","date_gmt":"2023-04-12T07:30:00","guid":{"rendered":"https:\/\/elfederalmendoza.com\/?p=21893"},"modified":"2023-04-12T17:24:07","modified_gmt":"2023-04-12T20:24:07","slug":"hotesur-los-sauces-la-justicia-define-si-cristina-kirchner-y-sus-hijos-van-a-juicio-por-lavado-de-dinero","status":"publish","type":"post","link":"https:\/\/elfederalmendoza.com.ar\/index.php\/2023\/04\/12\/hotesur-los-sauces-la-justicia-define-si-cristina-kirchner-y-sus-hijos-van-a-juicio-por-lavado-de-dinero\/","title":{"rendered":"Hotesur-Los Sauces: la Justicia define si Cristina Kirchner y sus hijos van a juicio por lavado de dinero"},"content":{"rendered":"\n<p>A cinco meses del pedido del fiscal ante la C\u00e1mara de Casaci\u00f3n,\u00a0<strong>Mario Villar,\u00a0<\/strong>para anular el sobreseimiento de la vicepresidenta\u00a0<strong>Cristina Kirchner\u00a0<\/strong>y sus hijos\u00a0<strong>M\u00e1ximo\u00a0<\/strong>y\u00a0<strong>Florencia\u00a0<\/strong>en la causa\u00a0<strong>Hotesur<\/strong>&#8211;\u00a0<strong>Los Sauces<\/strong>, el Tribunal volvi\u00f3 a quedar con la conformaci\u00f3n completa -tras el regreso de la camarista\u00a0<strong>Ana Mar\u00eda Figueroa<\/strong>&#8211; y se aceleran los tiempos para una definici\u00f3n sobre el futuro judicial de la familia Kirchner.<\/p>\n\n\n\n<p>Figueroa viene de participar en un encuentro de jueces que denunci\u00f3 el lawfare en el Vaticano.\u00a0<strong>El suyo es el \u00fanico de los tres votos que falta\u00a0<\/strong>para que el Tribunal decida si, finalmente, termina sobreseyendo a la familia Kircher y otros funcionarios p\u00fablicos o, caso contrario, ordena llevar adelante el debate oral.<\/p>\n\n\n\n<p>La defensa de la Vicepresidenta hab\u00eda pedido ante Casaci\u00f3n que el tribunal confirme la decisi\u00f3n de cerrar por inexistencia de delito, con sobreseimientos y sin juicio oral, la causa Hotesur-Los Sauces.<\/p>\n\n\n\n<p>Se trata de un caso en el que se investigan supuestas maniobras de lavado de dinero a trav\u00e9s de la inmobiliaria de la familia Kirchner. El expediente est\u00e1 conectado con \u201c<strong>La Ruta del Dinero K<\/strong>\u201d y\u00a0<strong>Vialidad<\/strong>, ya que los Kirchner est\u00e1n acusados de recibir retornos, es decir, coimas, de los empresarios\u00a0<strong>L\u00e1zaro B\u00e1ez<\/strong>\u00a0y<strong>\u00a0Crist\u00f3bal L\u00f3pez<\/strong>.<\/p>\n\n\n\n<p>Adem\u00e1s de Cristina Kirchner y sus hijos, en este caso est\u00e1n involucradas unas 30 personas m\u00e1s. Si la C\u00e1mara entiende que hay elementos para reabrir el caso y que los imputados vayan a juicio,\u00a0<strong>la expresidenta tendr\u00e1 la herramienta de recurrir a la Corte Suprema de Justicia, que no tiene plazos para emitir una definici\u00f3n<\/strong>.<\/p>\n\n\n\n<p>En su momento, la defensa de Cristina Kirchner plante\u00f3 que si la C\u00e1mara reabre el caso y se va a juicio, no existe posibilidad de que la Vice sea condenada. \u201cNo creo que al mismo tribunal que ya dijo que no hab\u00eda prueba sea obligado a encarar un juicio en el que, si son coherentes, deben dictar el sobreseimiento\u201d, dijeron fuentes cercanas a los abogados de la vicepresidenta.<\/p>\n","protected":false},"excerpt":{"rendered":"<p>A cinco meses del pedido del fiscal ante la C\u00e1mara de Casaci\u00f3n,\u00a0Mario Villar,\u00a0para anular el sobreseimiento de la vicepresidenta\u00a0Cristina Kirchner\u00a0y sus hijos\u00a0M\u00e1ximo\u00a0y\u00a0Florencia\u00a0en la causa\u00a0Hotesur&#8211;\u00a0Los Sauces, el Tribunal volvi\u00f3 a quedar con la conformaci\u00f3n completa -tras el regreso de la camarista\u00a0Ana Mar\u00eda Figueroa&#8211; y se aceleran los tiempos para una definici\u00f3n sobre el futuro judicial de<a class=\"read-more\" href=\"https:\/\/elfederalmendoza.com.ar\/index.php\/2023\/04\/12\/hotesur-los-sauces-la-justicia-define-si-cristina-kirchner-y-sus-hijos-van-a-juicio-por-lavado-de-dinero\/\"> [&hellip;]<\/a><\/p>\n","protected":false},"author":2,"featured_media":19285,"comment_status":"open","ping_status":"open","sticky":false,"template":"","format":"standard","meta":{"footnotes":""},"categories":[1],"tags":[],"class_list":["post-21893","post","type-post","status-publish","format-standard","has-post-thumbnail","hentry","category-mza"],"rttpg_featured_image_url":{"full":["https:\/\/elfederalmendoza.com.ar\/wp-content\/uploads\/2022\/12\/cfk22.jpg",994,624,false],"landscape":["https:\/\/elfederalmendoza.com.ar\/wp-content\/uploads\/2022\/12\/cfk22.jpg",994,624,false],"portraits":["https:\/\/elfederalmendoza.com.ar\/wp-content\/uploads\/2022\/12\/cfk22.jpg",994,624,false],"thumbnail":["https:\/\/elfederalmendoza.com.ar\/wp-content\/uploads\/2022\/12\/cfk22-150x150.jpg",150,150,true],"medium":["https:\/\/elfederalmendoza.com.ar\/wp-content\/uploads\/2022\/12\/cfk22-300x188.jpg",300,188,true],"large":["https:\/\/elfederalmendoza.com.ar\/wp-content\/uploads\/2022\/12\/cfk22.jpg",640,402,false],"1536x1536":["https:\/\/elfederalmendoza.com.ar\/wp-content\/uploads\/2022\/12\/cfk22.jpg",994,624,false],"2048x2048":["https:\/\/elfederalmendoza.com.ar\/wp-content\/uploads\/2022\/12\/cfk22.jpg",994,624,false],"ultp_layout_landscape_large":["https:\/\/elfederalmendoza.com.ar\/wp-content\/uploads\/2022\/12\/cfk22.jpg",994,624,false],"ultp_layout_landscape":["https:\/\/elfederalmendoza.com.ar\/wp-content\/uploads\/2022\/12\/cfk22-870x570.jpg",870,570,true],"ultp_layout_portrait":["https:\/\/elfederalmendoza.com.ar\/wp-content\/uploads\/2022\/12\/cfk22-600x624.jpg",600,624,true],"ultp_layout_square":["https:\/\/elfederalmendoza.com.ar\/wp-content\/uploads\/2022\/12\/cfk22-600x600.jpg",600,600,true],"rpwe-thumbnail":["https:\/\/elfederalmendoza.com.ar\/wp-content\/uploads\/2022\/12\/cfk22-45x45.jpg",45,45,true],"advps-thumb-one":["https:\/\/elfederalmendoza.com.ar\/wp-content\/uploads\/2022\/12\/cfk22-994x420.jpg",994,420,true]},"rttpg_author":{"display_name":"Redacci\u00f3n El Federal","author_link":"https:\/\/elfederalmendoza.com.ar\/index.php\/author\/angelflores\/"},"rttpg_comment":0,"rttpg_category":"<a href=\"https:\/\/elfederalmendoza.com.ar\/index.php\/category\/mza\/\" rel=\"category tag\">Mendoza<\/a>","rttpg_excerpt":"A cinco meses del pedido del fiscal ante la C\u00e1mara de Casaci\u00f3n,\u00a0Mario Villar,\u00a0para anular el sobreseimiento de la vicepresidenta\u00a0Cristina Kirchner\u00a0y sus hijos\u00a0M\u00e1ximo\u00a0y\u00a0Florencia\u00a0en la causa\u00a0Hotesur&#8211;\u00a0Los Sauces, el Tribunal volvi\u00f3 a quedar con la conformaci\u00f3n completa -tras el regreso de la camarista\u00a0Ana Mar\u00eda Figueroa&#8211; y se aceleran los tiempos para una definici\u00f3n sobre el futuro judicial de&hellip;","_links":{"self":[{"href":"https:\/\/elfederalmendoza.com.ar\/index.php\/wp-json\/wp\/v2\/posts\/21893","targetHints":{"allow":["GET"]}}],"collection":[{"href":"https:\/\/elfederalmendoza.com.ar\/index.php\/wp-json\/wp\/v2\/posts"}],"about":[{"href":"https:\/\/elfederalmendoza.com.ar\/index.php\/wp-json\/wp\/v2\/types\/post"}],"author":[{"embeddable":true,"href":"https:\/\/elfederalmendoza.com.ar\/index.php\/wp-json\/wp\/v2\/users\/2"}],"replies":[{"embeddable":true,"href":"https:\/\/elfederalmendoza.com.ar\/index.php\/wp-json\/wp\/v2\/comments?post=21893"}],"version-history":[{"count":1,"href":"https:\/\/elfederalmendoza.com.ar\/index.php\/wp-json\/wp\/v2\/posts\/21893\/revisions"}],"predecessor-version":[{"id":21894,"href":"https:\/\/elfederalmendoza.com.ar\/index.php\/wp-json\/wp\/v2\/posts\/21893\/revisions\/21894"}],"wp:featuredmedia":[{"embeddable":true,"href":"https:\/\/elfederalmendoza.com.ar\/index.php\/wp-json\/wp\/v2\/media\/19285"}],"wp:attachment":[{"href":"https:\/\/elfederalmendoza.com.ar\/index.php\/wp-json\/wp\/v2\/media?parent=21893"}],"wp:term":[{"taxonomy":"category","embeddable":true,"href":"https:\/\/elfederalmendoza.com.ar\/index.php\/wp-json\/wp\/v2\/categories?post=21893"},{"taxonomy":"post_tag","embeddable":true,"href":"https:\/\/elfederalmendoza.com.ar\/index.php\/wp-json\/wp\/v2\/tags?post=21893"}],"curies":[{"name":"wp","href":"https:\/\/api.w.org\/{rel}","templated":true}]}}