{"id":21895,"date":"2023-04-12T18:05:34","date_gmt":"2023-04-12T21:05:34","guid":{"rendered":"https:\/\/elfederalmendoza.com\/?p=21895"},"modified":"2023-04-12T18:05:36","modified_gmt":"2023-04-12T21:05:36","slug":"detuvieron-a-cacho-garay-tras-ser-denunciado-por-violencia-de-genero-y-le-encontraron-varias-armas-sin-declarar","status":"publish","type":"post","link":"https:\/\/elfederalmendoza.com.ar\/index.php\/2023\/04\/12\/detuvieron-a-cacho-garay-tras-ser-denunciado-por-violencia-de-genero-y-le-encontraron-varias-armas-sin-declarar\/","title":{"rendered":"Detuvieron a Cacho Garay tras ser denunciado por violencia de g\u00e9nero y le encontraron varias armas sin declarar"},"content":{"rendered":"\n<p>El humorista&nbsp;<strong>Cacho Garay<\/strong>&nbsp;enfrenta problemas legales tras&nbsp;<strong>haber sido detenido por tenencia de armas no declaradas,&nbsp;<\/strong>en un allanamiento en su domicilio en Luj\u00e1n de Cuyo.&nbsp;<strong>Garay se encuentra actualmente aprehendido.<\/strong><\/p>\n\n\n\n<p>La detenci\u00f3n de Garay se produjo poco despu\u00e9s de que su esposa,&nbsp;<strong>Ver\u00f3nica Macias Bracamonte, denunciara violencia de g\u00e9nero por parte del humorista<\/strong>. Seg\u00fan el abogado de la denunciante, la decisi\u00f3n de acudir a la Justicia se produjo despu\u00e9s de una fuerte discusi\u00f3n en un hotel, en la que tuvo que intervenir la seguridad del establecimiento.<\/p>\n\n\n\n<p>Aunque Garay se ha declarado inocente en su cuenta oficial de Facebook, el abogado de Ver\u00f3nica ha explicado que la Justicia debe tomar medidas para proteger a la denunciante, como la exclusi\u00f3n del agresor del hogar, pero que en este caso no se ha cumplido.<\/p>\n\n\n\n<p>El abogado tambi\u00e9n ha se\u00f1alado que&nbsp;<strong>Ver\u00f3nica se encuentra actualmente en un refugio para mujere<\/strong>s, ya que<strong>&nbsp;Garay<\/strong>&nbsp;se negaba &nbsp;a abandonar la casa que compart\u00edan en Luj\u00e1n de Cuyo. La denuncia por violencia de g\u00e9nero fue presentada recientemente y se refiere a un incidente ocurrido en el<strong>&nbsp;Hotel Eleton<\/strong>.<mark><strong>&nbsp;Ver\u00f3nica habr\u00eda sufrido violencia f\u00edsica, econ\u00f3mica y sexual durante su relaci\u00f3n de 13 a\u00f1os con Garay.<\/strong><\/mark><\/p>\n\n\n\n<p>La situaci\u00f3n legal de<strong>&nbsp;Cacho Garay&nbsp;<\/strong>no parece estar en su mejor momento. Aunque a\u00fan no ha sido imputado por la denuncia de violencia de g\u00e9nero, la detenci\u00f3n por tenencia ilegal de armas ha puesto al humorista en el ojo del hurac\u00e1n.<\/p>\n","protected":false},"excerpt":{"rendered":"<p>El humorista&nbsp;Cacho Garay&nbsp;enfrenta problemas legales tras&nbsp;haber sido detenido por tenencia de armas no declaradas,&nbsp;en un allanamiento en su domicilio en Luj\u00e1n de Cuyo.&nbsp;Garay se encuentra actualmente aprehendido. La detenci\u00f3n de Garay se produjo poco despu\u00e9s de que su esposa,&nbsp;Ver\u00f3nica Macias Bracamonte, denunciara violencia de g\u00e9nero por parte del humorista. Seg\u00fan el abogado de la denunciante,<a class=\"read-more\" href=\"https:\/\/elfederalmendoza.com.ar\/index.php\/2023\/04\/12\/detuvieron-a-cacho-garay-tras-ser-denunciado-por-violencia-de-genero-y-le-encontraron-varias-armas-sin-declarar\/\"> [&hellip;]<\/a><\/p>\n","protected":false},"author":2,"featured_media":21896,"comment_status":"open","ping_status":"open","sticky":false,"template":"","format":"standard","meta":{"footnotes":""},"categories":[1],"tags":[],"class_list":["post-21895","post","type-post","status-publish","format-standard","has-post-thumbnail","hentry","category-mza"],"rttpg_featured_image_url":{"full":["https:\/\/elfederalmendoza.com.ar\/wp-content\/uploads\/2023\/04\/WhatsApp-Image-2023-04-12-at-18.05.18.jpeg",1200,800,false],"landscape":["https:\/\/elfederalmendoza.com.ar\/wp-content\/uploads\/2023\/04\/WhatsApp-Image-2023-04-12-at-18.05.18.jpeg",1200,800,false],"portraits":["https:\/\/elfederalmendoza.com.ar\/wp-content\/uploads\/2023\/04\/WhatsApp-Image-2023-04-12-at-18.05.18.jpeg",1200,800,false],"thumbnail":["https:\/\/elfederalmendoza.com.ar\/wp-content\/uploads\/2023\/04\/WhatsApp-Image-2023-04-12-at-18.05.18-150x150.jpeg",150,150,true],"medium":["https:\/\/elfederalmendoza.com.ar\/wp-content\/uploads\/2023\/04\/WhatsApp-Image-2023-04-12-at-18.05.18-300x200.jpeg",300,200,true],"large":["https:\/\/elfederalmendoza.com.ar\/wp-content\/uploads\/2023\/04\/WhatsApp-Image-2023-04-12-at-18.05.18-1024x683.jpeg",640,427,true],"1536x1536":["https:\/\/elfederalmendoza.com.ar\/wp-content\/uploads\/2023\/04\/WhatsApp-Image-2023-04-12-at-18.05.18.jpeg",1200,800,false],"2048x2048":["https:\/\/elfederalmendoza.com.ar\/wp-content\/uploads\/2023\/04\/WhatsApp-Image-2023-04-12-at-18.05.18.jpeg",1200,800,false],"ultp_layout_landscape_large":["https:\/\/elfederalmendoza.com.ar\/wp-content\/uploads\/2023\/04\/WhatsApp-Image-2023-04-12-at-18.05.18-1200x800.jpeg",1200,800,true],"ultp_layout_landscape":["https:\/\/elfederalmendoza.com.ar\/wp-content\/uploads\/2023\/04\/WhatsApp-Image-2023-04-12-at-18.05.18-870x570.jpeg",870,570,true],"ultp_layout_portrait":["https:\/\/elfederalmendoza.com.ar\/wp-content\/uploads\/2023\/04\/WhatsApp-Image-2023-04-12-at-18.05.18-600x800.jpeg",600,800,true],"ultp_layout_square":["https:\/\/elfederalmendoza.com.ar\/wp-content\/uploads\/2023\/04\/WhatsApp-Image-2023-04-12-at-18.05.18-600x600.jpeg",600,600,true],"rpwe-thumbnail":["https:\/\/elfederalmendoza.com.ar\/wp-content\/uploads\/2023\/04\/WhatsApp-Image-2023-04-12-at-18.05.18-45x45.jpeg",45,45,true],"advps-thumb-one":["https:\/\/elfederalmendoza.com.ar\/wp-content\/uploads\/2023\/04\/WhatsApp-Image-2023-04-12-at-18.05.18-1200x420.jpeg",1200,420,true]},"rttpg_author":{"display_name":"Redacci\u00f3n El Federal","author_link":"https:\/\/elfederalmendoza.com.ar\/index.php\/author\/angelflores\/"},"rttpg_comment":0,"rttpg_category":"<a href=\"https:\/\/elfederalmendoza.com.ar\/index.php\/category\/mza\/\" rel=\"category tag\">Mendoza<\/a>","rttpg_excerpt":"El humorista&nbsp;Cacho Garay&nbsp;enfrenta problemas legales tras&nbsp;haber sido detenido por tenencia de armas no declaradas,&nbsp;en un allanamiento en su domicilio en Luj\u00e1n de Cuyo.&nbsp;Garay se encuentra actualmente aprehendido. La detenci\u00f3n de Garay se produjo poco despu\u00e9s de que su esposa,&nbsp;Ver\u00f3nica Macias Bracamonte, denunciara violencia de g\u00e9nero por parte del humorista. Seg\u00fan el abogado de la denunciante,&hellip;","_links":{"self":[{"href":"https:\/\/elfederalmendoza.com.ar\/index.php\/wp-json\/wp\/v2\/posts\/21895","targetHints":{"allow":["GET"]}}],"collection":[{"href":"https:\/\/elfederalmendoza.com.ar\/index.php\/wp-json\/wp\/v2\/posts"}],"about":[{"href":"https:\/\/elfederalmendoza.com.ar\/index.php\/wp-json\/wp\/v2\/types\/post"}],"author":[{"embeddable":true,"href":"https:\/\/elfederalmendoza.com.ar\/index.php\/wp-json\/wp\/v2\/users\/2"}],"replies":[{"embeddable":true,"href":"https:\/\/elfederalmendoza.com.ar\/index.php\/wp-json\/wp\/v2\/comments?post=21895"}],"version-history":[{"count":1,"href":"https:\/\/elfederalmendoza.com.ar\/index.php\/wp-json\/wp\/v2\/posts\/21895\/revisions"}],"predecessor-version":[{"id":21897,"href":"https:\/\/elfederalmendoza.com.ar\/index.php\/wp-json\/wp\/v2\/posts\/21895\/revisions\/21897"}],"wp:featuredmedia":[{"embeddable":true,"href":"https:\/\/elfederalmendoza.com.ar\/index.php\/wp-json\/wp\/v2\/media\/21896"}],"wp:attachment":[{"href":"https:\/\/elfederalmendoza.com.ar\/index.php\/wp-json\/wp\/v2\/media?parent=21895"}],"wp:term":[{"taxonomy":"category","embeddable":true,"href":"https:\/\/elfederalmendoza.com.ar\/index.php\/wp-json\/wp\/v2\/categories?post=21895"},{"taxonomy":"post_tag","embeddable":true,"href":"https:\/\/elfederalmendoza.com.ar\/index.php\/wp-json\/wp\/v2\/tags?post=21895"}],"curies":[{"name":"wp","href":"https:\/\/api.w.org\/{rel}","templated":true}]}}