{"id":21899,"date":"2023-04-13T08:29:44","date_gmt":"2023-04-13T11:29:44","guid":{"rendered":"https:\/\/elfederalmendoza.com\/?p=21899"},"modified":"2023-04-13T08:29:45","modified_gmt":"2023-04-13T11:29:45","slug":"la-historia-de-la-misteriosa-piedra-ovni-de-huaco-en-la-provincia-de-la-rioja-y-su-enigmatico-tallado","status":"publish","type":"post","link":"https:\/\/elfederalmendoza.com.ar\/index.php\/2023\/04\/13\/la-historia-de-la-misteriosa-piedra-ovni-de-huaco-en-la-provincia-de-la-rioja-y-su-enigmatico-tallado\/","title":{"rendered":"La historia de la misteriosa piedra ovni de Huaco en la provincia de La Rioja y su enigm\u00e1tico tallado"},"content":{"rendered":"\n<p><strong>La perfecta roca con forma de ovni fue encontrada en el 2005 en las Sierras de Huaco, La Rioja,<\/strong>\u00a0y forma parte de un misterio que incluye a otras rocas similares descubiertas en otras partes del mundo.<\/p>\n\n\n\n<p>El misterio aumenta si esta roca fue tallada por antiguas civilizaciones, que algunos creen que vieron y tuvieron contacto con naves extraterrestres.&nbsp;<strong>La roca tiene un perfecto trabajo de tallado, algo dif\u00edcil de imaginar por las precarias herramientas en la antig\u00fcedad.<\/strong><\/p>\n\n\n\n<p>Poco se sabe de su origen y de qui\u00e9nes pudieron lograr tan perfecta pieza arqueol\u00f3gica. Antiguas civilizaciones como los diaguitas ocuparon la zona, pero el tiempo y la poca investigaci\u00f3n de la piedra quedaron reflejados en una publicaci\u00f3n en el portal\u00a0<a href=\"https:\/\/codigooculto.com\/ovni\/las-rocas-con-forma-de-ovni-o-ufo-rocks-replanteando-nuestra-historia\/\"><em>C\u00f3digo Oculto<\/em><\/a>, que recopil\u00f3 varias piedras con similares formas.\u00a0<strong>A tal punto se aumenta la misteriosa roca, que solo existe documentada un par de fotos.<\/strong><\/p>\n\n\n\n<figure class=\"wp-block-image size-large\"><img loading=\"lazy\" decoding=\"async\" width=\"1024\" height=\"581\" src=\"https:\/\/elfederalmendoza.com\/wp-content\/uploads\/2023\/04\/piedra-ovni-1024x581.jpg\" alt=\"\" class=\"wp-image-21900\" srcset=\"https:\/\/elfederalmendoza.com.ar\/wp-content\/uploads\/2023\/04\/piedra-ovni-1024x581.jpg 1024w, https:\/\/elfederalmendoza.com.ar\/wp-content\/uploads\/2023\/04\/piedra-ovni-300x170.jpg 300w, https:\/\/elfederalmendoza.com.ar\/wp-content\/uploads\/2023\/04\/piedra-ovni-768x435.jpg 768w, https:\/\/elfederalmendoza.com.ar\/wp-content\/uploads\/2023\/04\/piedra-ovni.jpg 1046w\" sizes=\"auto, (max-width: 1024px) 100vw, 1024px\" \/><\/figure>\n\n\n\n<p>La piedra posee varios s\u00edmbolos tallados y es\u00a0<strong>muy parecida a otra piedra encontrada en Nazca, Per\u00fa<\/strong>, siendo la pieza de Huaco mejor conservada y con perfectas formas geom\u00e9tricas.<\/p>\n\n\n\n<figure class=\"wp-block-image size-full is-resized\"><img loading=\"lazy\" decoding=\"async\" src=\"https:\/\/elfederalmendoza.com\/wp-content\/uploads\/2023\/04\/piedra-ovni1.jpg\" alt=\"\" class=\"wp-image-21901\" width=\"948\" height=\"711\" srcset=\"https:\/\/elfederalmendoza.com.ar\/wp-content\/uploads\/2023\/04\/piedra-ovni1.jpg 545w, https:\/\/elfederalmendoza.com.ar\/wp-content\/uploads\/2023\/04\/piedra-ovni1-300x225.jpg 300w\" sizes=\"auto, (max-width: 948px) 100vw, 948px\" \/><\/figure>\n\n\n\n<p>El descubrimiento fue en 2005, cuando un grupo de j\u00f3venes monta\u00f1eros que recorr\u00edan las sierras de Huaco, provincia de La Rioja se toparon con una curiosa y extra\u00f1a escultura prehisp\u00e1nica. <\/p>\n\n\n\n<p>Seg\u00fan\u00a0<strong>Jorge Jabif<\/strong>, uno de los descubridores, la piedra labrada fue hallada en la orilla de un camino de tierra,<strong>\u00a0en las cercan\u00edas del r\u00edo Huaco, junto a morteros y otros elementos abor\u00edgenes<\/strong>, seg\u00fan relata el art\u00edculo de\u00a0<em>C\u00f3digo Oculto.<\/em><\/p>\n\n\n\n<figure class=\"wp-block-image size-large\"><img loading=\"lazy\" decoding=\"async\" width=\"1024\" height=\"995\" src=\"https:\/\/elfederalmendoza.com\/wp-content\/uploads\/2023\/04\/jorge-jalif-1024x995.jpg\" alt=\"\" class=\"wp-image-21906\" srcset=\"https:\/\/elfederalmendoza.com.ar\/wp-content\/uploads\/2023\/04\/jorge-jalif-1024x995.jpg 1024w, https:\/\/elfederalmendoza.com.ar\/wp-content\/uploads\/2023\/04\/jorge-jalif-300x291.jpg 300w, https:\/\/elfederalmendoza.com.ar\/wp-content\/uploads\/2023\/04\/jorge-jalif-768x746.jpg 768w, https:\/\/elfederalmendoza.com.ar\/wp-content\/uploads\/2023\/04\/jorge-jalif-45x45.jpg 45w, https:\/\/elfederalmendoza.com.ar\/wp-content\/uploads\/2023\/04\/jorge-jalif.jpg 1080w\" sizes=\"auto, (max-width: 1024px) 100vw, 1024px\" \/><figcaption class=\"wp-element-caption\">Jorge Jalif<\/figcaption><\/figure>\n\n\n\n<p>Un folleto para exhibici\u00f3n tur\u00edstica en La Rioja, dice que la piedra \u00abes una representaci\u00f3n exacta de los platillos voladores denominados as\u00ed a partir de 1947 cuando el norteamericano Keneth Arnold los divis\u00f3 por primera vez\u00bb<\/p>\n\n\n\n<figure class=\"wp-block-image size-full is-resized\"><img loading=\"lazy\" decoding=\"async\" src=\"https:\/\/elfederalmendoza.com\/wp-content\/uploads\/2023\/04\/piedra-curiosa1.jpg\" alt=\"\" class=\"wp-image-21905\" width=\"959\" height=\"1262\" srcset=\"https:\/\/elfederalmendoza.com.ar\/wp-content\/uploads\/2023\/04\/piedra-curiosa1.jpg 507w, https:\/\/elfederalmendoza.com.ar\/wp-content\/uploads\/2023\/04\/piedra-curiosa1-228x300.jpg 228w\" sizes=\"auto, (max-width: 959px) 100vw, 959px\" \/><\/figure>\n\n\n\n<p>\u201cLa talla est\u00e1 hecha con dimensiones exactas, es perfectamente circular, de unos diez cent\u00edmetros de di\u00e1metro, tiene tres o cuatro anillos superpuestos, con diferentes tonos, y la c\u00fapula superior est\u00e1 dividida en ocho partes exactamente iguales\u201d, explic\u00f3 a la prensa local. Algunos creen que la enigm\u00e1tica pieza representa un platillo volador observado hace cientos de a\u00f1os por los habitantes primitivos de la regi\u00f3n.<\/p>\n\n\n\n<h3 class=\"wp-block-heading\"><strong>La piedra ovni de\u00a0Nazca, Per\u00fa<\/strong><\/h3>\n\n\n\n<figure class=\"wp-block-image size-full is-resized\"><img loading=\"lazy\" decoding=\"async\" src=\"https:\/\/elfederalmendoza.com\/wp-content\/uploads\/2023\/04\/piedra-nazca.jpg\" alt=\"\" class=\"wp-image-21902\" width=\"949\" height=\"686\" srcset=\"https:\/\/elfederalmendoza.com.ar\/wp-content\/uploads\/2023\/04\/piedra-nazca.jpg 634w, https:\/\/elfederalmendoza.com.ar\/wp-content\/uploads\/2023\/04\/piedra-nazca-300x217.jpg 300w\" sizes=\"auto, (max-width: 949px) 100vw, 949px\" \/><\/figure>\n\n\n\n<p><strong>Este roca fue encontrada en 1930 en el desierto de Nazca, Per\u00fa<\/strong>. Sobre sus superficie se pueden ver varios s\u00edmbolos tallados similares a los existentes en las l\u00edneas de Nazca, aunque algunos se han desgastado con el tiempo, se pueden apreciar los siguientes:<\/p>\n\n\n\n<p>1) La espiral<\/p>\n\n\n\n<p>2) La ara\u00f1a<\/p>\n\n\n\n<p>3) Un rostro<\/p>\n\n\n\n<p>4) C\u00edrculos<\/p>\n\n\n\n<p>5) El cocodrilo<\/p>\n\n\n\n<p>La roca presenta un aspecto descuidado,\u00a0<strong>lo cual indicar\u00eda sin realizar un an\u00e1lisis que posee muchos m\u00e1s a\u00f1os de los que se cree<\/strong>. La persona que ha pose\u00eddo esta roca durante mucho tiempo, ha estimado su edad en aproximadamente\u00a0<strong>800 a\u00f1os.<\/strong><\/p>\n\n\n\n<figure class=\"wp-block-image size-full is-resized\"><img loading=\"lazy\" decoding=\"async\" src=\"https:\/\/elfederalmendoza.com\/wp-content\/uploads\/2023\/04\/piedra-nazca1.jpg\" alt=\"\" class=\"wp-image-21903\" width=\"949\" height=\"638\" srcset=\"https:\/\/elfederalmendoza.com.ar\/wp-content\/uploads\/2023\/04\/piedra-nazca1.jpg 637w, https:\/\/elfederalmendoza.com.ar\/wp-content\/uploads\/2023\/04\/piedra-nazca1-300x202.jpg 300w\" sizes=\"auto, (max-width: 949px) 100vw, 949px\" \/><\/figure>\n\n\n\n<p><strong>El propietario no puede establecer de que material estar\u00eda conformada la roca<\/strong>, pues posee un peso que no concuerda con su tama\u00f1o. La roca posee las siguientes caracter\u00edsticas: \u2013 Peso: 3 kilos aprox. \u2013 Ancho: 17 cent\u00edmetros \u2013 Alto: 11 cent\u00edmetros \u2013 Edad aprox.: 700 a 800 a\u00f1os.<\/p>\n\n\n\n<p>Afortunadamente la roca no ha sido limpiada ni restaurada, pues sabiamente el propietario decidi\u00f3 no hacerlo para preservar sus caracter\u00edsticas intactas.<\/p>\n\n\n\n<p><strong>El misterio sigue vigente, y la perfecci\u00f3n de la roca ovni de Huaco merece una investigaci\u00f3n. Actualmente no se sabe d\u00f3nde o qui\u00e9n la tiene.<\/strong><\/p>\n","protected":false},"excerpt":{"rendered":"<p>La perfecta roca con forma de ovni fue encontrada en el 2005 en las Sierras de Huaco, La Rioja,\u00a0y forma parte de un misterio que incluye a otras rocas similares descubiertas en otras partes del mundo. El misterio aumenta si esta roca fue tallada por antiguas civilizaciones, que algunos creen que vieron y tuvieron contacto<a class=\"read-more\" href=\"https:\/\/elfederalmendoza.com.ar\/index.php\/2023\/04\/13\/la-historia-de-la-misteriosa-piedra-ovni-de-huaco-en-la-provincia-de-la-rioja-y-su-enigmatico-tallado\/\"> [&hellip;]<\/a><\/p>\n","protected":false},"author":2,"featured_media":21904,"comment_status":"open","ping_status":"open","sticky":false,"template":"","format":"standard","meta":{"footnotes":""},"categories":[5618],"tags":[],"class_list":["post-21899","post","type-post","status-publish","format-standard","has-post-thumbnail","hentry","category-arg"],"rttpg_featured_image_url":{"full":["https:\/\/elfederalmendoza.com.ar\/wp-content\/uploads\/2023\/04\/piedra-huaco1.jpg",844,594,false],"landscape":["https:\/\/elfederalmendoza.com.ar\/wp-content\/uploads\/2023\/04\/piedra-huaco1.jpg",844,594,false],"portraits":["https:\/\/elfederalmendoza.com.ar\/wp-content\/uploads\/2023\/04\/piedra-huaco1.jpg",844,594,false],"thumbnail":["https:\/\/elfederalmendoza.com.ar\/wp-content\/uploads\/2023\/04\/piedra-huaco1-150x150.jpg",150,150,true],"medium":["https:\/\/elfederalmendoza.com.ar\/wp-content\/uploads\/2023\/04\/piedra-huaco1-300x211.jpg",300,211,true],"large":["https:\/\/elfederalmendoza.com.ar\/wp-content\/uploads\/2023\/04\/piedra-huaco1.jpg",640,450,false],"1536x1536":["https:\/\/elfederalmendoza.com.ar\/wp-content\/uploads\/2023\/04\/piedra-huaco1.jpg",844,594,false],"2048x2048":["https:\/\/elfederalmendoza.com.ar\/wp-content\/uploads\/2023\/04\/piedra-huaco1.jpg",844,594,false],"ultp_layout_landscape_large":["https:\/\/elfederalmendoza.com.ar\/wp-content\/uploads\/2023\/04\/piedra-huaco1.jpg",844,594,false],"ultp_layout_landscape":["https:\/\/elfederalmendoza.com.ar\/wp-content\/uploads\/2023\/04\/piedra-huaco1-844x570.jpg",844,570,true],"ultp_layout_portrait":["https:\/\/elfederalmendoza.com.ar\/wp-content\/uploads\/2023\/04\/piedra-huaco1-600x594.jpg",600,594,true],"ultp_layout_square":["https:\/\/elfederalmendoza.com.ar\/wp-content\/uploads\/2023\/04\/piedra-huaco1-600x594.jpg",600,594,true],"rpwe-thumbnail":["https:\/\/elfederalmendoza.com.ar\/wp-content\/uploads\/2023\/04\/piedra-huaco1-45x45.jpg",45,45,true],"advps-thumb-one":["https:\/\/elfederalmendoza.com.ar\/wp-content\/uploads\/2023\/04\/piedra-huaco1-844x420.jpg",844,420,true]},"rttpg_author":{"display_name":"Redacci\u00f3n El Federal","author_link":"https:\/\/elfederalmendoza.com.ar\/index.php\/author\/angelflores\/"},"rttpg_comment":0,"rttpg_category":"<a href=\"https:\/\/elfederalmendoza.com.ar\/index.php\/category\/arg\/\" rel=\"category tag\">Argentina<\/a>","rttpg_excerpt":"La perfecta roca con forma de ovni fue encontrada en el 2005 en las Sierras de Huaco, La Rioja,\u00a0y forma parte de un misterio que incluye a otras rocas similares descubiertas en otras partes del mundo. El misterio aumenta si esta roca fue tallada por antiguas civilizaciones, que algunos creen que vieron y tuvieron contacto&hellip;","_links":{"self":[{"href":"https:\/\/elfederalmendoza.com.ar\/index.php\/wp-json\/wp\/v2\/posts\/21899","targetHints":{"allow":["GET"]}}],"collection":[{"href":"https:\/\/elfederalmendoza.com.ar\/index.php\/wp-json\/wp\/v2\/posts"}],"about":[{"href":"https:\/\/elfederalmendoza.com.ar\/index.php\/wp-json\/wp\/v2\/types\/post"}],"author":[{"embeddable":true,"href":"https:\/\/elfederalmendoza.com.ar\/index.php\/wp-json\/wp\/v2\/users\/2"}],"replies":[{"embeddable":true,"href":"https:\/\/elfederalmendoza.com.ar\/index.php\/wp-json\/wp\/v2\/comments?post=21899"}],"version-history":[{"count":1,"href":"https:\/\/elfederalmendoza.com.ar\/index.php\/wp-json\/wp\/v2\/posts\/21899\/revisions"}],"predecessor-version":[{"id":21907,"href":"https:\/\/elfederalmendoza.com.ar\/index.php\/wp-json\/wp\/v2\/posts\/21899\/revisions\/21907"}],"wp:featuredmedia":[{"embeddable":true,"href":"https:\/\/elfederalmendoza.com.ar\/index.php\/wp-json\/wp\/v2\/media\/21904"}],"wp:attachment":[{"href":"https:\/\/elfederalmendoza.com.ar\/index.php\/wp-json\/wp\/v2\/media?parent=21899"}],"wp:term":[{"taxonomy":"category","embeddable":true,"href":"https:\/\/elfederalmendoza.com.ar\/index.php\/wp-json\/wp\/v2\/categories?post=21899"},{"taxonomy":"post_tag","embeddable":true,"href":"https:\/\/elfederalmendoza.com.ar\/index.php\/wp-json\/wp\/v2\/tags?post=21899"}],"curies":[{"name":"wp","href":"https:\/\/api.w.org\/{rel}","templated":true}]}}