{"id":21908,"date":"2023-04-13T09:23:38","date_gmt":"2023-04-13T12:23:38","guid":{"rendered":"https:\/\/elfederalmendoza.com\/?p=21908"},"modified":"2023-04-13T09:23:42","modified_gmt":"2023-04-13T12:23:42","slug":"cacho-garay-fue-detenido-por-denuncias-de-violencia-de-genero-y-abuso-sexual-su-descargo-en-las-redes-sociales","status":"publish","type":"post","link":"https:\/\/elfederalmendoza.com.ar\/index.php\/2023\/04\/13\/cacho-garay-fue-detenido-por-denuncias-de-violencia-de-genero-y-abuso-sexual-su-descargo-en-las-redes-sociales\/","title":{"rendered":"Cacho Garay fue detenido por denuncias de violencia de g\u00e9nero y abuso sexual: su descargo en las redes sociales"},"content":{"rendered":"\n<p>Juan \u00abCacho\u00bb Garay, un popular humorista mendocino,\u00a0fue detenido este mi\u00e9rcoles tras ser denunciado por su esposa por\u00a0violencia de g\u00e9nero\u00a0y abuso sexual.\u00a0La polic\u00eda realiz\u00f3 un allanamiento en su domicilio de Luj\u00e1n de Cuyo a las 13:30, a instancias de la Unidad Fiscal de Violencia de G\u00e9nero.\u00a0<strong>Durante el registro, las fuerzas de seguridad descubrieron y confiscaron cinco armas de fuego.<\/strong><\/p>\n\n\n\n<p><strong>Seg\u00fan recientes entrevistas con medios televisivos de Buenos Aires, el abogado querellante revel\u00f3 que la esposa de un humorista ha decidido iniciar acciones legales a ra\u00edz de un incidente de\u00a0violencia\u00a0ocurrido en un hotel de Carlos Paz, C\u00f3rdoba, el pasado fin de semana.<\/strong><\/p>\n\n\n\n<p><strong>Cacho Garay<\/strong>&nbsp;fue detenido este mi\u00e9rcoles por la tenencia de armas en su casa de Luj\u00e1n de Cuyo, adem\u00e1s de la denuncia por violencia de g\u00e9nero que realiz\u00f3 quien ser\u00eda su ex pareja&nbsp;<strong>Ver\u00f3nica Macias Brancamonte<\/strong>.<\/p>\n\n\n\n<p><strong>Bracamonte<\/strong>, trabaja como bailarina y vedete de&nbsp;<strong>Cacho Garay&nbsp;<\/strong>en sus espect\u00e1culos. La acusaci\u00f3n la realiz\u00f3 en sede judicial de C\u00f3rdoba, asegurando que hab\u00eda sido golpeada en varias oportunidades, abusada sexualmente y obligada a mantener relaciones sexuales con otros hombres.&nbsp;<\/p>\n\n\n\n<p>En sus redes @Cachogarayoficial subi\u00f3 un posteo a Instagram donde realiz\u00f3 su descargo ante las acusaciones:&nbsp;<strong><em>\u00abGracias a los miles de mensajes de apoyo. Gracias a Dios porque mi verdad me mantiene la conciencia cristalina\u00bb.<\/em><\/strong><\/p>\n\n\n\n<iframe loading=\"lazy\" src=\"https:\/\/www.facebook.com\/plugins\/post.php?href=https%3A%2F%2Fwww.facebook.com%2Fpermalink.php%3Fstory_fbid%3Dpfbid0m3zfCs5SbSqYxw2KCimWkp5UkkJURHD5wkoggwQZ5Dgx2p2vMh57PWWkXsV3F6Swl%26id%3D100027800732492&amp;show_text=true&amp;width=500\" width=\"500\" height=\"497\" style=\"border:none;overflow:hidden\" scrolling=\"no\" frameborder=\"0\" allowfullscreen=\"true\" allow=\"autoplay; clipboard-write; encrypted-media; picture-in-picture; web-share\"><\/iframe>\n\n\n\n<p>Junto al mensaje public\u00f3 una imagen con una famosa frase del pintor Salvador Dal\u00ed:<em>&nbsp;\u00abQue hablen bien o mal, lo importante es que hablen de m\u00ed, aunque confieso que me gusta que hablen mal porque eso significa que las cosas van muy bien. De los mediocre no habla nadie, y cuando lo hacen s\u00f3lo dicen maravillas\u00bb.<\/em>&nbsp;<\/p>\n\n\n\n<figure class=\"wp-block-image is-resized\"><img loading=\"lazy\" decoding=\"async\" src=\"https:\/\/www.mendozapost.com\/files\/image\/473\/473641\/6437097845ee5_570_321!.jpg?s=d7c124499312fdc2853ac58e46e60431&amp;d=1681328507\" alt=\"\" width=\"954\" height=\"537\"\/><figcaption class=\"wp-element-caption\">Cacho Garay y su esposa<\/figcaption><\/figure>\n\n\n\n<p>Las armas secuestradas en la casa de Cacho Garay<\/p>\n\n\n\n<figure class=\"wp-block-image is-resized\"><img loading=\"lazy\" decoding=\"async\" src=\"https:\/\/www.mendozapost.com\/files\/image\/473\/473651\/64370dd023611_570_321!.jpg?s=92bb94fed7ab39cfdba975c2ee6b11ae&amp;d=1681329623\" alt=\"\" width=\"951\" height=\"536\"\/><figcaption class=\"wp-element-caption\">El allanamiento fue este mi\u00e9rcoles<\/figcaption><\/figure>\n","protected":false},"excerpt":{"rendered":"<p>Juan \u00abCacho\u00bb Garay, un popular humorista mendocino,\u00a0fue detenido este mi\u00e9rcoles tras ser denunciado por su esposa por\u00a0violencia de g\u00e9nero\u00a0y abuso sexual.\u00a0La polic\u00eda realiz\u00f3 un allanamiento en su domicilio de Luj\u00e1n de Cuyo a las 13:30, a instancias de la Unidad Fiscal de Violencia de G\u00e9nero.\u00a0Durante el registro, las fuerzas de seguridad descubrieron y confiscaron cinco<a class=\"read-more\" href=\"https:\/\/elfederalmendoza.com.ar\/index.php\/2023\/04\/13\/cacho-garay-fue-detenido-por-denuncias-de-violencia-de-genero-y-abuso-sexual-su-descargo-en-las-redes-sociales\/\"> [&hellip;]<\/a><\/p>\n","protected":false},"author":2,"featured_media":21909,"comment_status":"open","ping_status":"open","sticky":false,"template":"","format":"standard","meta":{"footnotes":""},"categories":[1],"tags":[],"class_list":["post-21908","post","type-post","status-publish","format-standard","has-post-thumbnail","hentry","category-mza"],"rttpg_featured_image_url":{"full":["https:\/\/elfederalmendoza.com.ar\/wp-content\/uploads\/2023\/04\/cacho-garay1.jpg",922,516,false],"landscape":["https:\/\/elfederalmendoza.com.ar\/wp-content\/uploads\/2023\/04\/cacho-garay1.jpg",922,516,false],"portraits":["https:\/\/elfederalmendoza.com.ar\/wp-content\/uploads\/2023\/04\/cacho-garay1.jpg",922,516,false],"thumbnail":["https:\/\/elfederalmendoza.com.ar\/wp-content\/uploads\/2023\/04\/cacho-garay1-150x150.jpg",150,150,true],"medium":["https:\/\/elfederalmendoza.com.ar\/wp-content\/uploads\/2023\/04\/cacho-garay1-300x168.jpg",300,168,true],"large":["https:\/\/elfederalmendoza.com.ar\/wp-content\/uploads\/2023\/04\/cacho-garay1.jpg",640,358,false],"1536x1536":["https:\/\/elfederalmendoza.com.ar\/wp-content\/uploads\/2023\/04\/cacho-garay1.jpg",922,516,false],"2048x2048":["https:\/\/elfederalmendoza.com.ar\/wp-content\/uploads\/2023\/04\/cacho-garay1.jpg",922,516,false],"ultp_layout_landscape_large":["https:\/\/elfederalmendoza.com.ar\/wp-content\/uploads\/2023\/04\/cacho-garay1.jpg",922,516,false],"ultp_layout_landscape":["https:\/\/elfederalmendoza.com.ar\/wp-content\/uploads\/2023\/04\/cacho-garay1-870x516.jpg",870,516,true],"ultp_layout_portrait":["https:\/\/elfederalmendoza.com.ar\/wp-content\/uploads\/2023\/04\/cacho-garay1-600x516.jpg",600,516,true],"ultp_layout_square":["https:\/\/elfederalmendoza.com.ar\/wp-content\/uploads\/2023\/04\/cacho-garay1-600x516.jpg",600,516,true],"rpwe-thumbnail":["https:\/\/elfederalmendoza.com.ar\/wp-content\/uploads\/2023\/04\/cacho-garay1-45x45.jpg",45,45,true],"advps-thumb-one":["https:\/\/elfederalmendoza.com.ar\/wp-content\/uploads\/2023\/04\/cacho-garay1-922x420.jpg",922,420,true]},"rttpg_author":{"display_name":"Redacci\u00f3n El Federal","author_link":"https:\/\/elfederalmendoza.com.ar\/index.php\/author\/angelflores\/"},"rttpg_comment":0,"rttpg_category":"<a href=\"https:\/\/elfederalmendoza.com.ar\/index.php\/category\/mza\/\" rel=\"category tag\">Mendoza<\/a>","rttpg_excerpt":"Juan \u00abCacho\u00bb Garay, un popular humorista mendocino,\u00a0fue detenido este mi\u00e9rcoles tras ser denunciado por su esposa por\u00a0violencia de g\u00e9nero\u00a0y abuso sexual.\u00a0La polic\u00eda realiz\u00f3 un allanamiento en su domicilio de Luj\u00e1n de Cuyo a las 13:30, a instancias de la Unidad Fiscal de Violencia de G\u00e9nero.\u00a0Durante el registro, las fuerzas de seguridad descubrieron y confiscaron cinco&hellip;","_links":{"self":[{"href":"https:\/\/elfederalmendoza.com.ar\/index.php\/wp-json\/wp\/v2\/posts\/21908","targetHints":{"allow":["GET"]}}],"collection":[{"href":"https:\/\/elfederalmendoza.com.ar\/index.php\/wp-json\/wp\/v2\/posts"}],"about":[{"href":"https:\/\/elfederalmendoza.com.ar\/index.php\/wp-json\/wp\/v2\/types\/post"}],"author":[{"embeddable":true,"href":"https:\/\/elfederalmendoza.com.ar\/index.php\/wp-json\/wp\/v2\/users\/2"}],"replies":[{"embeddable":true,"href":"https:\/\/elfederalmendoza.com.ar\/index.php\/wp-json\/wp\/v2\/comments?post=21908"}],"version-history":[{"count":2,"href":"https:\/\/elfederalmendoza.com.ar\/index.php\/wp-json\/wp\/v2\/posts\/21908\/revisions"}],"predecessor-version":[{"id":21911,"href":"https:\/\/elfederalmendoza.com.ar\/index.php\/wp-json\/wp\/v2\/posts\/21908\/revisions\/21911"}],"wp:featuredmedia":[{"embeddable":true,"href":"https:\/\/elfederalmendoza.com.ar\/index.php\/wp-json\/wp\/v2\/media\/21909"}],"wp:attachment":[{"href":"https:\/\/elfederalmendoza.com.ar\/index.php\/wp-json\/wp\/v2\/media?parent=21908"}],"wp:term":[{"taxonomy":"category","embeddable":true,"href":"https:\/\/elfederalmendoza.com.ar\/index.php\/wp-json\/wp\/v2\/categories?post=21908"},{"taxonomy":"post_tag","embeddable":true,"href":"https:\/\/elfederalmendoza.com.ar\/index.php\/wp-json\/wp\/v2\/tags?post=21908"}],"curies":[{"name":"wp","href":"https:\/\/api.w.org\/{rel}","templated":true}]}}