{"id":21912,"date":"2023-04-13T05:42:00","date_gmt":"2023-04-13T08:42:00","guid":{"rendered":"https:\/\/elfederalmendoza.com\/?p=21912"},"modified":"2023-04-13T09:47:35","modified_gmt":"2023-04-13T12:47:35","slug":"netflix-la-pelicula-basada-en-hechos-reales-que-te-hara-estremecer","status":"publish","type":"post","link":"https:\/\/elfederalmendoza.com.ar\/index.php\/2023\/04\/13\/netflix-la-pelicula-basada-en-hechos-reales-que-te-hara-estremecer\/","title":{"rendered":"Netflix: la pel\u00edcula basada en hechos reales que te har\u00e1 estremecer"},"content":{"rendered":"\n<p><strong>Castillo de arena<\/strong>,&nbsp;<strong>pel\u00edcula&nbsp;<\/strong>dram\u00e1tica de guerra que la rompe y sigue siendo recomendada por la mayor\u00eda de los suscriptores que la vieron, es una de las entregas m\u00e1s valoradas de<strong>&nbsp;Netflix<\/strong>.<\/p>\n\n\n\n<p>El film est\u00e1 dirigido por <strong>Fernando Coimbra<\/strong> y escrito por <strong>Chris Roessner<\/strong>, quien se inspir\u00f3 con su experiencia como soldado en la Guerra de Irak.<\/p>\n\n\n\n<p>La producci\u00f3n estadounidense de<strong>&nbsp;Netflix<\/strong>, que cosech\u00f3 muy buenas rese\u00f1as por parte de la cr\u00edtica especializada en todo el mundo, se convirti\u00f3 en una de las&nbsp;<strong>pel\u00edculas<\/strong>&nbsp;m\u00e1s vistas dentro del top.<\/p>\n\n\n\n<p>La exitosa&nbsp;<strong>pel\u00edcula<\/strong>&nbsp;de&nbsp;<strong>Netflix<\/strong>, que se estren\u00f3 en la cartelera del gigante de streaming el pasado 21 de abril de 2017, tiene una duraci\u00f3n de 1 hora y 53 minutos.<\/p>\n\n\n\n<figure class=\"wp-block-image\"><img decoding=\"async\" src=\"https:\/\/media.diariouno.com.ar\/p\/4b53fbf3ac0b7c26523fa9eb41aa4e8e\/adjuntos\/298\/imagenes\/009\/141\/0009141378\/1200x0\/smart\/castillo-de-arena-netflixjpg.jpg\" alt=\"La pel\u00edcula Castillo de arena, de Netflix, no te dejar\u00e1 moverte del sill\u00f3n.\"\/><\/figure>\n\n\n\n<p>La pel\u00edcula Castillo de arena, de Netflix, no te dejar\u00e1 moverte del sill\u00f3n.<\/p>\n\n\n\n<h2 class=\"wp-block-heading\" id=\"Netflix:_de_qu\u00e9_trata_la_pel\u00edcula_Castillo_de_arena\"><strong>Netflix: de qu\u00e9 trata la pel\u00edcula Castillo de arena<\/strong><\/h2>\n\n\n\n<p>La sinopsis oficial de la&nbsp;<strong>pel\u00edcula Castillo de arena<\/strong>, de&nbsp;<strong>Netflix<\/strong>, se\u00f1ala en su sinopsis oficial: \u201cTras la invasi\u00f3n de Irak en 2003, un pelot\u00f3n intenta reparar el sistema de abastecimiento de agua en una zona hostil\u201d.<\/p>\n\n\n\n<figure class=\"wp-block-image\"><img decoding=\"async\" src=\"https:\/\/media.diariouno.com.ar\/p\/d612b3d606e088975fa2782eed06375d\/adjuntos\/298\/imagenes\/009\/141\/0009141380\/1200x0\/smart\/castillo-de-arena-netflix1jpg.jpg\" alt=\"Netflix es furor con la pel\u00edcula dram\u00e1tica de guerra.\"\/><\/figure>\n\n\n\n<p>Netflix es furor con la pel\u00edcula dram\u00e1tica de guerra.<\/p>\n\n\n\n<h2 class=\"wp-block-heading\" id=\"Reparto_de_Castillo_de_arena,_pel\u00edcula_de_Netflix\"><strong>Reparto de Castillo de arena, pel\u00edcula de Netflix<\/strong><\/h2>\n\n\n\n<ul class=\"wp-block-list\">\n<li>&nbsp;Nicholas Hoult (PVT Matt Ocre)<\/li>\n\n\n\n<li>Logan Marshall-Green (sargento Harper)<\/li>\n\n\n\n<li>Henry Cavill (CPT Syverson)<\/li>\n\n\n\n<li>Glen Powell (sargento Chutsky)<\/li>\n\n\n\n<li>Neil Brown Jr. (CPL Enzo)<\/li>\n\n\n\n<li>Beau Knapp (sargento Burton)<\/li>\n\n\n\n<li>Sammy Sheik (Machmoud)<\/li>\n\n\n\n<li>Gonzalo Men\u00e9ndez (Medic Haring)<\/li>\n\n\n\n<li>Sam Spruell (1LT Anthony)<\/li>\n\n\n\n<li>Navid Negahban (Kadeer)<\/li>\n\n\n\n<li>Tommy Flanagan (SGM McGregor)<\/li>\n<\/ul>\n\n\n\n<h2 class=\"wp-block-heading\" id=\"TRAILER\"><strong>TRAILER<\/strong><\/h2>\n\n\n\n<figure class=\"wp-block-embed is-type-video is-provider-youtube wp-block-embed-youtube wp-embed-aspect-16-9 wp-has-aspect-ratio\"><div class=\"wp-block-embed__wrapper\">\n<iframe loading=\"lazy\" title=\"Castillo de arena | Tr\u00e1iler oficial | Netflix\" width=\"640\" height=\"360\" src=\"https:\/\/www.youtube.com\/embed\/lGfjzzO_z_o?feature=oembed\" frameborder=\"0\" allow=\"accelerometer; autoplay; clipboard-write; encrypted-media; gyroscope; picture-in-picture; web-share\" referrerpolicy=\"strict-origin-when-cross-origin\" allowfullscreen><\/iframe>\n<\/div><\/figure>\n","protected":false},"excerpt":{"rendered":"<p>Castillo de arena,&nbsp;pel\u00edcula&nbsp;dram\u00e1tica de guerra que la rompe y sigue siendo recomendada por la mayor\u00eda de los suscriptores que la vieron, es una de las entregas m\u00e1s valoradas de&nbsp;Netflix. El film est\u00e1 dirigido por Fernando Coimbra y escrito por Chris Roessner, quien se inspir\u00f3 con su experiencia como soldado en la Guerra de Irak. La<a class=\"read-more\" href=\"https:\/\/elfederalmendoza.com.ar\/index.php\/2023\/04\/13\/netflix-la-pelicula-basada-en-hechos-reales-que-te-hara-estremecer\/\"> [&hellip;]<\/a><\/p>\n","protected":false},"author":2,"featured_media":21913,"comment_status":"open","ping_status":"open","sticky":false,"template":"","format":"standard","meta":{"footnotes":""},"categories":[5618],"tags":[],"class_list":["post-21912","post","type-post","status-publish","format-standard","has-post-thumbnail","hentry","category-arg"],"rttpg_featured_image_url":{"full":["https:\/\/elfederalmendoza.com.ar\/wp-content\/uploads\/2023\/04\/TRAILER.jpg",1106,582,false],"landscape":["https:\/\/elfederalmendoza.com.ar\/wp-content\/uploads\/2023\/04\/TRAILER.jpg",1106,582,false],"portraits":["https:\/\/elfederalmendoza.com.ar\/wp-content\/uploads\/2023\/04\/TRAILER.jpg",1106,582,false],"thumbnail":["https:\/\/elfederalmendoza.com.ar\/wp-content\/uploads\/2023\/04\/TRAILER-150x150.jpg",150,150,true],"medium":["https:\/\/elfederalmendoza.com.ar\/wp-content\/uploads\/2023\/04\/TRAILER-300x158.jpg",300,158,true],"large":["https:\/\/elfederalmendoza.com.ar\/wp-content\/uploads\/2023\/04\/TRAILER-1024x539.jpg",640,337,true],"1536x1536":["https:\/\/elfederalmendoza.com.ar\/wp-content\/uploads\/2023\/04\/TRAILER.jpg",1106,582,false],"2048x2048":["https:\/\/elfederalmendoza.com.ar\/wp-content\/uploads\/2023\/04\/TRAILER.jpg",1106,582,false],"ultp_layout_landscape_large":["https:\/\/elfederalmendoza.com.ar\/wp-content\/uploads\/2023\/04\/TRAILER.jpg",1106,582,false],"ultp_layout_landscape":["https:\/\/elfederalmendoza.com.ar\/wp-content\/uploads\/2023\/04\/TRAILER-870x570.jpg",870,570,true],"ultp_layout_portrait":["https:\/\/elfederalmendoza.com.ar\/wp-content\/uploads\/2023\/04\/TRAILER-600x582.jpg",600,582,true],"ultp_layout_square":["https:\/\/elfederalmendoza.com.ar\/wp-content\/uploads\/2023\/04\/TRAILER-600x582.jpg",600,582,true],"rpwe-thumbnail":["https:\/\/elfederalmendoza.com.ar\/wp-content\/uploads\/2023\/04\/TRAILER-45x45.jpg",45,45,true],"advps-thumb-one":["https:\/\/elfederalmendoza.com.ar\/wp-content\/uploads\/2023\/04\/TRAILER-1106x420.jpg",1106,420,true]},"rttpg_author":{"display_name":"Redacci\u00f3n El Federal","author_link":"https:\/\/elfederalmendoza.com.ar\/index.php\/author\/angelflores\/"},"rttpg_comment":0,"rttpg_category":"<a href=\"https:\/\/elfederalmendoza.com.ar\/index.php\/category\/arg\/\" rel=\"category tag\">Argentina<\/a>","rttpg_excerpt":"Castillo de arena,&nbsp;pel\u00edcula&nbsp;dram\u00e1tica de guerra que la rompe y sigue siendo recomendada por la mayor\u00eda de los suscriptores que la vieron, es una de las entregas m\u00e1s valoradas de&nbsp;Netflix. El film est\u00e1 dirigido por Fernando Coimbra y escrito por Chris Roessner, quien se inspir\u00f3 con su experiencia como soldado en la Guerra de Irak. La&hellip;","_links":{"self":[{"href":"https:\/\/elfederalmendoza.com.ar\/index.php\/wp-json\/wp\/v2\/posts\/21912","targetHints":{"allow":["GET"]}}],"collection":[{"href":"https:\/\/elfederalmendoza.com.ar\/index.php\/wp-json\/wp\/v2\/posts"}],"about":[{"href":"https:\/\/elfederalmendoza.com.ar\/index.php\/wp-json\/wp\/v2\/types\/post"}],"author":[{"embeddable":true,"href":"https:\/\/elfederalmendoza.com.ar\/index.php\/wp-json\/wp\/v2\/users\/2"}],"replies":[{"embeddable":true,"href":"https:\/\/elfederalmendoza.com.ar\/index.php\/wp-json\/wp\/v2\/comments?post=21912"}],"version-history":[{"count":1,"href":"https:\/\/elfederalmendoza.com.ar\/index.php\/wp-json\/wp\/v2\/posts\/21912\/revisions"}],"predecessor-version":[{"id":21914,"href":"https:\/\/elfederalmendoza.com.ar\/index.php\/wp-json\/wp\/v2\/posts\/21912\/revisions\/21914"}],"wp:featuredmedia":[{"embeddable":true,"href":"https:\/\/elfederalmendoza.com.ar\/index.php\/wp-json\/wp\/v2\/media\/21913"}],"wp:attachment":[{"href":"https:\/\/elfederalmendoza.com.ar\/index.php\/wp-json\/wp\/v2\/media?parent=21912"}],"wp:term":[{"taxonomy":"category","embeddable":true,"href":"https:\/\/elfederalmendoza.com.ar\/index.php\/wp-json\/wp\/v2\/categories?post=21912"},{"taxonomy":"post_tag","embeddable":true,"href":"https:\/\/elfederalmendoza.com.ar\/index.php\/wp-json\/wp\/v2\/tags?post=21912"}],"curies":[{"name":"wp","href":"https:\/\/api.w.org\/{rel}","templated":true}]}}