{"id":21915,"date":"2023-04-13T05:18:00","date_gmt":"2023-04-13T08:18:00","guid":{"rendered":"https:\/\/elfederalmendoza.com\/?p=21915"},"modified":"2023-04-13T10:24:22","modified_gmt":"2023-04-13T13:24:22","slug":"el-cuartetero-ulises-bueno-anuncio-que-se-retira-de-la-musica","status":"publish","type":"post","link":"https:\/\/elfederalmendoza.com.ar\/index.php\/2023\/04\/13\/el-cuartetero-ulises-bueno-anuncio-que-se-retira-de-la-musica\/","title":{"rendered":"El cuartetero Ulises Bueno anunci\u00f3 que se retira de la m\u00fasica"},"content":{"rendered":"\n<p>Luego de un grav\u00edsimo problema de salud que lo oblig\u00f3 a suspender todos sus shows,\u00a0<strong>Ulises Bueno<\/strong>\u00a0sorprendi\u00f3 a sus fan\u00e1ticos al anunciar que dejar\u00e1 los escenarios por tiempo indeterminado, haciendo temer que nunca m\u00e1s vuelva a presentarse en vivo.<\/p>\n\n\n\n<p>El texto remarca: \u201cLas fechas pactadas y ya programadas se cumplir\u00e1n como fueron acordadas.&nbsp;<strong>Siendo su \u00faltima presentaci\u00f3n el 13 de mayo en COMPLEJO FORJA en CBA Capital<\/strong>\u201d.<\/p>\n\n\n\n<p>El comunicado cierra diciendo: \u201cDesde ya les llevamos tranquilidad a todos y los esperamos este s\u00e1bado en la \u00faltima Plaza de La M\u00fasica. Saludos\u201d.<\/p>\n\n\n\n<figure class=\"wp-block-image is-resized\"><img loading=\"lazy\" decoding=\"async\" src=\"https:\/\/media.tiempodesanjuan.com\/p\/f96cea16c07e6c33259c182b24277a49\/adjuntos\/331\/imagenes\/000\/690\/0000690317\/790x0\/smart\/comunicado-de-rodrigo-buenojpg.jpg\" alt=\"\" width=\"953\" height=\"477\"\/><\/figure>\n\n\n\n<h2 class=\"wp-block-heading\"><strong>El problema d<\/strong><strong>e&nbsp;<\/strong><strong>salud que hab\u00eda sufrido Ulises<\/strong><\/h2>\n\n\n\n<p>El cantante fue internado, d\u00edas atr\u00e1s, y en ese momento su equipo inform\u00f3: \u201c\u00c9l se encuentra cursando una&nbsp;<strong>bronconeumopat\u00eda<\/strong>&nbsp;aguda con s\u00edndrome febril, disnea con baja saturaci\u00f3n de ox\u00edgeno, por lo que requiere de ox\u00edgeno domiciliario\u201d.<\/p>\n\n\n\n<p>Y luego explicaron: \u201cPor este motivo de fuerza mayor, los shows programados para este fin de semana ser\u00e1n suspendidos\u201d.<\/p>\n\n\n\n<p>Del grupo \u00edntimo de&nbsp;<strong>Ulises Bueno<\/strong>&nbsp;dieron detalles realmente tremendos sobre c\u00f3mo empeor\u00f3 el problema de salud que sufri\u00f3 el cantante cordob\u00e9s: \u201cComenz\u00f3 con una gripe y el cuadro se agrav\u00f3 con fiebre. Los m\u00e9dicos lo evaluaron y le proporcionaron ox\u00edgeno para facilitar su respiraci\u00f3n, ya que presenta mucha tos\u201d.<\/p>\n\n\n\n<p>Es importante saber que la&nbsp;<strong>bronconeumopat\u00eda<\/strong>&nbsp;es una neumon\u00eda que afecta los bronquios y suele ser generada por infecci\u00f3n bacteriana, aunque tambi\u00e9n puede ser causada por infecciones virales y f\u00fangicas.<\/p>\n\n\n\n<p>En los casos m\u00e1s graves, la enfermedad puede causar la muerte del paciente, por eso se recomienda su atenci\u00f3n inmediata, antes que empeoren los s\u00edntomas.<\/p>\n","protected":false},"excerpt":{"rendered":"<p>Luego de un grav\u00edsimo problema de salud que lo oblig\u00f3 a suspender todos sus shows,\u00a0Ulises Bueno\u00a0sorprendi\u00f3 a sus fan\u00e1ticos al anunciar que dejar\u00e1 los escenarios por tiempo indeterminado, haciendo temer que nunca m\u00e1s vuelva a presentarse en vivo. El texto remarca: \u201cLas fechas pactadas y ya programadas se cumplir\u00e1n como fueron acordadas.&nbsp;Siendo su \u00faltima presentaci\u00f3n<a class=\"read-more\" href=\"https:\/\/elfederalmendoza.com.ar\/index.php\/2023\/04\/13\/el-cuartetero-ulises-bueno-anuncio-que-se-retira-de-la-musica\/\"> [&hellip;]<\/a><\/p>\n","protected":false},"author":2,"featured_media":21916,"comment_status":"open","ping_status":"open","sticky":false,"template":"","format":"standard","meta":{"footnotes":""},"categories":[5618],"tags":[],"class_list":["post-21915","post","type-post","status-publish","format-standard","has-post-thumbnail","hentry","category-arg"],"rttpg_featured_image_url":{"full":["https:\/\/elfederalmendoza.com.ar\/wp-content\/uploads\/2023\/04\/ulises.jpg",1046,586,false],"landscape":["https:\/\/elfederalmendoza.com.ar\/wp-content\/uploads\/2023\/04\/ulises.jpg",1046,586,false],"portraits":["https:\/\/elfederalmendoza.com.ar\/wp-content\/uploads\/2023\/04\/ulises.jpg",1046,586,false],"thumbnail":["https:\/\/elfederalmendoza.com.ar\/wp-content\/uploads\/2023\/04\/ulises-150x150.jpg",150,150,true],"medium":["https:\/\/elfederalmendoza.com.ar\/wp-content\/uploads\/2023\/04\/ulises-300x168.jpg",300,168,true],"large":["https:\/\/elfederalmendoza.com.ar\/wp-content\/uploads\/2023\/04\/ulises-1024x574.jpg",640,359,true],"1536x1536":["https:\/\/elfederalmendoza.com.ar\/wp-content\/uploads\/2023\/04\/ulises.jpg",1046,586,false],"2048x2048":["https:\/\/elfederalmendoza.com.ar\/wp-content\/uploads\/2023\/04\/ulises.jpg",1046,586,false],"ultp_layout_landscape_large":["https:\/\/elfederalmendoza.com.ar\/wp-content\/uploads\/2023\/04\/ulises.jpg",1046,586,false],"ultp_layout_landscape":["https:\/\/elfederalmendoza.com.ar\/wp-content\/uploads\/2023\/04\/ulises-870x570.jpg",870,570,true],"ultp_layout_portrait":["https:\/\/elfederalmendoza.com.ar\/wp-content\/uploads\/2023\/04\/ulises-600x586.jpg",600,586,true],"ultp_layout_square":["https:\/\/elfederalmendoza.com.ar\/wp-content\/uploads\/2023\/04\/ulises-600x586.jpg",600,586,true],"rpwe-thumbnail":["https:\/\/elfederalmendoza.com.ar\/wp-content\/uploads\/2023\/04\/ulises-45x45.jpg",45,45,true],"advps-thumb-one":["https:\/\/elfederalmendoza.com.ar\/wp-content\/uploads\/2023\/04\/ulises-1046x420.jpg",1046,420,true]},"rttpg_author":{"display_name":"Redacci\u00f3n El Federal","author_link":"https:\/\/elfederalmendoza.com.ar\/index.php\/author\/angelflores\/"},"rttpg_comment":0,"rttpg_category":"<a href=\"https:\/\/elfederalmendoza.com.ar\/index.php\/category\/arg\/\" rel=\"category tag\">Argentina<\/a>","rttpg_excerpt":"Luego de un grav\u00edsimo problema de salud que lo oblig\u00f3 a suspender todos sus shows,\u00a0Ulises Bueno\u00a0sorprendi\u00f3 a sus fan\u00e1ticos al anunciar que dejar\u00e1 los escenarios por tiempo indeterminado, haciendo temer que nunca m\u00e1s vuelva a presentarse en vivo. El texto remarca: \u201cLas fechas pactadas y ya programadas se cumplir\u00e1n como fueron acordadas.&nbsp;Siendo su \u00faltima presentaci\u00f3n&hellip;","_links":{"self":[{"href":"https:\/\/elfederalmendoza.com.ar\/index.php\/wp-json\/wp\/v2\/posts\/21915","targetHints":{"allow":["GET"]}}],"collection":[{"href":"https:\/\/elfederalmendoza.com.ar\/index.php\/wp-json\/wp\/v2\/posts"}],"about":[{"href":"https:\/\/elfederalmendoza.com.ar\/index.php\/wp-json\/wp\/v2\/types\/post"}],"author":[{"embeddable":true,"href":"https:\/\/elfederalmendoza.com.ar\/index.php\/wp-json\/wp\/v2\/users\/2"}],"replies":[{"embeddable":true,"href":"https:\/\/elfederalmendoza.com.ar\/index.php\/wp-json\/wp\/v2\/comments?post=21915"}],"version-history":[{"count":1,"href":"https:\/\/elfederalmendoza.com.ar\/index.php\/wp-json\/wp\/v2\/posts\/21915\/revisions"}],"predecessor-version":[{"id":21917,"href":"https:\/\/elfederalmendoza.com.ar\/index.php\/wp-json\/wp\/v2\/posts\/21915\/revisions\/21917"}],"wp:featuredmedia":[{"embeddable":true,"href":"https:\/\/elfederalmendoza.com.ar\/index.php\/wp-json\/wp\/v2\/media\/21916"}],"wp:attachment":[{"href":"https:\/\/elfederalmendoza.com.ar\/index.php\/wp-json\/wp\/v2\/media?parent=21915"}],"wp:term":[{"taxonomy":"category","embeddable":true,"href":"https:\/\/elfederalmendoza.com.ar\/index.php\/wp-json\/wp\/v2\/categories?post=21915"},{"taxonomy":"post_tag","embeddable":true,"href":"https:\/\/elfederalmendoza.com.ar\/index.php\/wp-json\/wp\/v2\/tags?post=21915"}],"curies":[{"name":"wp","href":"https:\/\/api.w.org\/{rel}","templated":true}]}}