{"id":21918,"date":"2023-04-13T02:43:00","date_gmt":"2023-04-13T05:43:00","guid":{"rendered":"https:\/\/elfederalmendoza.com\/?p=21918"},"modified":"2023-04-13T11:20:44","modified_gmt":"2023-04-13T14:20:44","slug":"se-confirmo-la-alianza-del-partido-de-milei-con-de-marchi","status":"publish","type":"post","link":"https:\/\/elfederalmendoza.com.ar\/index.php\/2023\/04\/13\/se-confirmo-la-alianza-del-partido-de-milei-con-de-marchi\/","title":{"rendered":"Se confirm\u00f3 la alianza del partido de Milei con De Marchi"},"content":{"rendered":"\n<p>Este 12 de abril concluy\u00f3 el plazo para la inscripci\u00f3n de alianzas de cara a las<strong>\u00a0elecciones 2023<\/strong>\u00a0provinciales, y se confirm\u00f3 el nuevo frente que unir\u00e1 \u2013 entre otros espacios \u2013 al PRO de Omar De Marchi con el Partido Libertario de Javier Milei.<\/p>\n\n\n\n<p>La coalici\u00f3n tom\u00f3 por nombre<strong>\u00a0\u201cLa Uni\u00f3n Mendocina\u201d<\/strong>\u00a0y tiene como principales referentes a De Marchi (que inscribi\u00f3 al PRO pero el sello tambi\u00e9n qued\u00f3 anotado dentro de Cambia Mendoza) y Jorge Difonso.<\/p>\n\n\n\n<p>Junto a ellos, figuran (entre los que cuentan con personer\u00eda jur\u00eddica)\u00a0<strong>el Partido Dem\u00f3crata, la Coalici\u00f3n C\u00edvica, Compromiso Federal, Partido Fe, Partido de los Jubilados y el Partido Libertario, que integra el frente La Libertad Avanza a nivel nacional.<\/strong><\/p>\n\n\n\n<p>Esa coalici\u00f3n es la que llevar\u00e1 en las PASO nacionales a Javier Milei como precandidato a presidente. En el pasado ya hubo buena sinton\u00eda entre el economista y el diputado nacional y, ahora, ese acercamiento se cristaliz\u00f3 en un acuerdo local.<\/p>\n\n\n\n<p>Si bien la alianza ya est\u00e1 confirmada,<strong>&nbsp;La Uni\u00f3n Mendocina apuntar\u00e1 en principio a centrarse en problem\u00e1ticas locales durante su campa\u00f1a&nbsp;<\/strong>(las elecciones provinciales tienen diferente fecha de las nacionales), por lo que habr\u00e1 que esperar para ver si habr\u00e1 alguna foto entre los dirigentes mendocinos y Milei.<\/p>\n","protected":false},"excerpt":{"rendered":"<p>Este 12 de abril concluy\u00f3 el plazo para la inscripci\u00f3n de alianzas de cara a las\u00a0elecciones 2023\u00a0provinciales, y se confirm\u00f3 el nuevo frente que unir\u00e1 \u2013 entre otros espacios \u2013 al PRO de Omar De Marchi con el Partido Libertario de Javier Milei. La coalici\u00f3n tom\u00f3 por nombre\u00a0\u201cLa Uni\u00f3n Mendocina\u201d\u00a0y tiene como principales referentes a<a class=\"read-more\" href=\"https:\/\/elfederalmendoza.com.ar\/index.php\/2023\/04\/13\/se-confirmo-la-alianza-del-partido-de-milei-con-de-marchi\/\"> [&hellip;]<\/a><\/p>\n","protected":false},"author":2,"featured_media":21919,"comment_status":"open","ping_status":"open","sticky":false,"template":"","format":"standard","meta":{"footnotes":""},"categories":[1],"tags":[],"class_list":["post-21918","post","type-post","status-publish","format-standard","has-post-thumbnail","hentry","category-mza"],"rttpg_featured_image_url":{"full":["https:\/\/elfederalmendoza.com.ar\/wp-content\/uploads\/2023\/04\/de-marchi-mileipng.webp",790,427,false],"landscape":["https:\/\/elfederalmendoza.com.ar\/wp-content\/uploads\/2023\/04\/de-marchi-mileipng.webp",790,427,false],"portraits":["https:\/\/elfederalmendoza.com.ar\/wp-content\/uploads\/2023\/04\/de-marchi-mileipng.webp",790,427,false],"thumbnail":["https:\/\/elfederalmendoza.com.ar\/wp-content\/uploads\/2023\/04\/de-marchi-mileipng-150x150.webp",150,150,true],"medium":["https:\/\/elfederalmendoza.com.ar\/wp-content\/uploads\/2023\/04\/de-marchi-mileipng-300x162.webp",300,162,true],"large":["https:\/\/elfederalmendoza.com.ar\/wp-content\/uploads\/2023\/04\/de-marchi-mileipng.webp",640,346,false],"1536x1536":["https:\/\/elfederalmendoza.com.ar\/wp-content\/uploads\/2023\/04\/de-marchi-mileipng.webp",790,427,false],"2048x2048":["https:\/\/elfederalmendoza.com.ar\/wp-content\/uploads\/2023\/04\/de-marchi-mileipng.webp",790,427,false],"ultp_layout_landscape_large":["https:\/\/elfederalmendoza.com.ar\/wp-content\/uploads\/2023\/04\/de-marchi-mileipng.webp",790,427,false],"ultp_layout_landscape":["https:\/\/elfederalmendoza.com.ar\/wp-content\/uploads\/2023\/04\/de-marchi-mileipng.webp",790,427,false],"ultp_layout_portrait":["https:\/\/elfederalmendoza.com.ar\/wp-content\/uploads\/2023\/04\/de-marchi-mileipng-600x427.webp",600,427,true],"ultp_layout_square":["https:\/\/elfederalmendoza.com.ar\/wp-content\/uploads\/2023\/04\/de-marchi-mileipng-600x427.webp",600,427,true],"rpwe-thumbnail":["https:\/\/elfederalmendoza.com.ar\/wp-content\/uploads\/2023\/04\/de-marchi-mileipng-45x45.webp",45,45,true],"advps-thumb-one":["https:\/\/elfederalmendoza.com.ar\/wp-content\/uploads\/2023\/04\/de-marchi-mileipng-790x420.webp",790,420,true]},"rttpg_author":{"display_name":"Redacci\u00f3n El Federal","author_link":"https:\/\/elfederalmendoza.com.ar\/index.php\/author\/angelflores\/"},"rttpg_comment":0,"rttpg_category":"<a href=\"https:\/\/elfederalmendoza.com.ar\/index.php\/category\/mza\/\" rel=\"category tag\">Mendoza<\/a>","rttpg_excerpt":"Este 12 de abril concluy\u00f3 el plazo para la inscripci\u00f3n de alianzas de cara a las\u00a0elecciones 2023\u00a0provinciales, y se confirm\u00f3 el nuevo frente que unir\u00e1 \u2013 entre otros espacios \u2013 al PRO de Omar De Marchi con el Partido Libertario de Javier Milei. La coalici\u00f3n tom\u00f3 por nombre\u00a0\u201cLa Uni\u00f3n Mendocina\u201d\u00a0y tiene como principales referentes a&hellip;","_links":{"self":[{"href":"https:\/\/elfederalmendoza.com.ar\/index.php\/wp-json\/wp\/v2\/posts\/21918","targetHints":{"allow":["GET"]}}],"collection":[{"href":"https:\/\/elfederalmendoza.com.ar\/index.php\/wp-json\/wp\/v2\/posts"}],"about":[{"href":"https:\/\/elfederalmendoza.com.ar\/index.php\/wp-json\/wp\/v2\/types\/post"}],"author":[{"embeddable":true,"href":"https:\/\/elfederalmendoza.com.ar\/index.php\/wp-json\/wp\/v2\/users\/2"}],"replies":[{"embeddable":true,"href":"https:\/\/elfederalmendoza.com.ar\/index.php\/wp-json\/wp\/v2\/comments?post=21918"}],"version-history":[{"count":1,"href":"https:\/\/elfederalmendoza.com.ar\/index.php\/wp-json\/wp\/v2\/posts\/21918\/revisions"}],"predecessor-version":[{"id":21923,"href":"https:\/\/elfederalmendoza.com.ar\/index.php\/wp-json\/wp\/v2\/posts\/21918\/revisions\/21923"}],"wp:featuredmedia":[{"embeddable":true,"href":"https:\/\/elfederalmendoza.com.ar\/index.php\/wp-json\/wp\/v2\/media\/21919"}],"wp:attachment":[{"href":"https:\/\/elfederalmendoza.com.ar\/index.php\/wp-json\/wp\/v2\/media?parent=21918"}],"wp:term":[{"taxonomy":"category","embeddable":true,"href":"https:\/\/elfederalmendoza.com.ar\/index.php\/wp-json\/wp\/v2\/categories?post=21918"},{"taxonomy":"post_tag","embeddable":true,"href":"https:\/\/elfederalmendoza.com.ar\/index.php\/wp-json\/wp\/v2\/tags?post=21918"}],"curies":[{"name":"wp","href":"https:\/\/api.w.org\/{rel}","templated":true}]}}