{"id":21920,"date":"2023-04-13T11:12:54","date_gmt":"2023-04-13T14:12:54","guid":{"rendered":"https:\/\/elfederalmendoza.com\/?p=21920"},"modified":"2023-04-13T11:12:55","modified_gmt":"2023-04-13T14:12:55","slug":"un-matrimonio-de-jubilados-necesita-casi-200-000-para-no-ser-pobre","status":"publish","type":"post","link":"https:\/\/elfederalmendoza.com.ar\/index.php\/2023\/04\/13\/un-matrimonio-de-jubilados-necesita-casi-200-000-para-no-ser-pobre\/","title":{"rendered":"Un matrimonio de jubilados necesita casi $200.000 para no ser pobre"},"content":{"rendered":"\n<p>Luego de meses terribles para los\u00a0<strong>jubilados<\/strong>, en los que la inflaci\u00f3n volvi\u00f3 a arruinar su econom\u00eda, a\u00fan con el aumento y el bono anunciados en febrero, la\u00a0<strong>inflaci\u00f3n\u00a0<\/strong>de marzo se ubicar\u00eda por encima del 7%. A pesar de los \u201cPrecios Justos\u201d,\u00a0la\u00a0<strong>jubilaci\u00f3n m\u00ednima<\/strong>, que apenas supera 70 mil pesos, no alcanza para cubrir los gastos m\u00ednimos de un jubilado a fin de mes.<\/p>\n\n\n\n<p>La dieta de los adultos mayores no suele ser muy diversa ni tampoco abundante, por lo que los gastos se equilibran y terminan consumiendo a menor costo que otras franjas etarias. Esta dietas, suelen incluir carnes magras, harinas, fibras, cereales, agua mineral, frutas y verduras. Obviamente, sin contar la medicaci\u00f3n, que var\u00eda mucho seg\u00fan cada persona.<\/p>\n\n\n\n<h2 class=\"wp-block-heading\">Carnes<\/h2>\n\n\n\n<p>Los cortes magros, muchas veces son los m\u00e1s costosos de lo que ofrece una&nbsp;<strong>carnicer\u00eda<\/strong>; igualmente, existen otros cortes magros que no son tan caros y permiten incluirlos en la dieta. Entre ellos, est\u00e1n la tortuguita, el roast beef o el bife angosto, mientras que a mayor precio, m\u00e1s vers\u00e1tiles y de mayor calidad, se pueden consumir los tradicionales lomo y peceto. Adem\u00e1s, existe la opci\u00f3n m\u00e1s econ\u00f3mica del pollo, con la pechuga, como la mejor opci\u00f3n en cuanto a contenido graso, y los cuartos traseros en cuanto al precio. El pescado, muy tradicional y m\u00e1s en los tiempos de Cuaresma, cuando sus ventas aumentan, ya est\u00e1n entre los productos m\u00e1s caros en cuanto a carnes.<\/p>\n\n\n\n<figure class=\"wp-block-image is-resized\"><img loading=\"lazy\" decoding=\"async\" src=\"https:\/\/www.mdzol.com\/u\/fotografias\/m\/2021\/12\/14\/f768x1-1151170_1151297_5050.jpg\" alt=\"\" width=\"954\" height=\"530\"\/><figcaption class=\"wp-element-caption\">A MEDIADOS DE MARZO, LA CARNE YA MOSTR\u00d3 UN AUMENTO SUPERIOR AL 30% CON RESPECTO A ENERO.<\/figcaption><\/figure>\n\n\n\n<h2 class=\"wp-block-heading\">Almac\u00e9n<\/h2>\n\n\n\n<p>En lo que respecta a los gastos de&nbsp;<strong>almac\u00e9n<\/strong>, se incluyen hidratos de carbono, nutrientes como el calcio, bebidas, infusiones y productos de higiene. As\u00ed, esto puede incluir galletas sin sal, l\u00e1cteos, pan, sal, az\u00facar, agua mineral, fideos,&nbsp;arroz, mate, yerba, caf\u00e9, malta, jab\u00f3n, detergente y papel higi\u00e9nico.<\/p>\n\n\n\n<h2 class=\"wp-block-heading\">Frutas y verduras<\/h2>\n\n\n\n<p>Otra parte fundamental de la dieta son las&nbsp;<strong>verduras&nbsp;<\/strong>y las&nbsp;<strong>frutas<\/strong>, que por la sequ\u00eda sufrieron aumentos importantes, pero no son remplazables. Lechuga, tomate, cebolla, papa, zanahoria, zapallo, manzana, banana y naranja, se ubican entre los productos m\u00e1s vendidos.<\/p>\n\n\n\n<figure class=\"wp-block-image is-resized\"><img loading=\"lazy\" decoding=\"async\" src=\"https:\/\/www.mdzol.com\/u\/fotografias\/m\/2023\/1\/12\/f768x1-1347468_1347595_4728.jpg\" alt=\"\" width=\"955\" height=\"681\"\/><figcaption class=\"wp-element-caption\">CON LA SEQU\u00cdA Y LA CRISIS ECON\u00d3MICA, LOS AUMENTOS EN FRUTAS Y VERDURAS SON CONSTANTES.<\/figcaption><\/figure>\n\n\n\n<p>Una dieta com\u00fan de un&nbsp;<strong>jubilado<\/strong>, teniendo en cuenta que algunos productos son suplementarios, la componen:<\/p>\n\n\n\n<ul class=\"wp-block-list\">\n<li>Tortuguita: $1.300 el kg,<\/li>\n\n\n\n<li>Bife angosto: $1.700 el kg.<\/li>\n\n\n\n<li>Roast beef: $1.600 el kg.<\/li>\n\n\n\n<li>Pechuga de pollo: $1.800 el kg.<\/li>\n\n\n\n<li>Pata y muslo: $900 el kg.<\/li>\n\n\n\n<li>Merluza: $2.000 el kg.<\/li>\n\n\n\n<li>Galletas de agua: $400&nbsp;tres paquetes.<\/li>\n\n\n\n<li>Galletas sin sal: $450 tres paquetes.<\/li>\n\n\n\n<li>Leche sachet: $234<\/li>\n\n\n\n<li>Leche larga vida: $253<\/li>\n\n\n\n<li>Yogur sachet: $340<\/li>\n\n\n\n<li>Pan de salvado: $716 los 600 gr.<\/li>\n\n\n\n<li>Pan integral: $527<\/li>\n\n\n\n<li>Sal sin sodio: $600 los 300 gr.<\/li>\n\n\n\n<li>Az\u00facar: $300 el kg.<\/li>\n\n\n\n<li>Agua mineral: $210 los 2L.<\/li>\n\n\n\n<li>Yerba: $915&nbsp;el kg.<\/li>\n\n\n\n<li>Caf\u00e9&nbsp;molido: $2.620&nbsp;el&nbsp;kg.<\/li>\n\n\n\n<li>T\u00e9: $330 los cincuenta saquitos<\/li>\n\n\n\n<li>Malta: $500&nbsp;los 200 gr.<\/li>\n\n\n\n<li>Fideos: $380 los 500 gr.<\/li>\n\n\n\n<li>Arroz: $230 los 500 gr.<\/li>\n\n\n\n<li>Lechuga criolla: $800&nbsp;el kg.<\/li>\n\n\n\n<li>Tomate redondo: $400 el kg.<\/li>\n\n\n\n<li>Cebolla com\u00fan: $230 el kg.<\/li>\n\n\n\n<li>Papa negra: $240 el kg.<\/li>\n\n\n\n<li>Zanahoria: $280 el kg.<\/li>\n\n\n\n<li>Zapallo anco: $190 el kg.<\/li>\n\n\n\n<li>Manzana: $450 el kg.<\/li>\n\n\n\n<li>Banana: $400 el kg.<\/li>\n\n\n\n<li>Naranja: $400 el kg.<\/li>\n\n\n\n<li>Papel higi\u00e9nico: $770 4 rollos 80 metros<\/li>\n\n\n\n<li>Jab\u00f3n: $542 3 jabones<\/li>\n\n\n\n<li>Detergente: $500 500 milil\u00edtros<\/li>\n<\/ul>\n\n\n\n<h2 class=\"wp-block-heading\">Otros gastos<\/h2>\n\n\n\n<p>A los&nbsp;<strong>insumos b\u00e1sicos<\/strong>&nbsp;que pueden comprarse en distintos locales, se le agrega el costo de los&nbsp;<strong>medicamentos&nbsp;<\/strong>de venta libre, los suplementos alimenticios y los medicamentos bajo receta, que no est\u00e1n incluidos porque es imposible establecer una paridad entre los distintos componentes de la misma poblaci\u00f3n. Al mismo tiempo, los servicios son otro costo que se agregan al gasto peri\u00f3dico de los&nbsp;<strong>jubilados<\/strong>, entre ellos est\u00e1n los b\u00e1sicos como la luz, gas, tel\u00e9fono, internet y hasta telefon\u00eda celular.<\/p>\n\n\n\n<p>En marzo, con una compra \u00fanica de cada uno de los productos listados alcanzar\u00eda los $23.507. Asimismo, hay que contar con que por semana se consume al menos dos litros de leche, lo que terminar\u00eda siendo al menos ocho litros al mes. Pasa lo mismo con la carne, que no se calcula un kilo por persona y menos si se habla de un jubilado. Tambi\u00e9n es muy variable lo referente a frutas y verduras, con precios mucho m\u00e1s vol\u00e1tiles que otros y que depende mucho de eso su consumo.<\/p>\n\n\n\n<figure class=\"wp-block-image is-resized\"><img loading=\"lazy\" decoding=\"async\" src=\"https:\/\/www.mdzol.com\/u\/fotografias\/m\/2022\/5\/20\/f768x1-1223606_1223733_8271.jpg\" alt=\"\" width=\"949\" height=\"633\"\/><figcaption class=\"wp-element-caption\">EL ALTO COSTO DE LOS ALQUILERES LOS VUELVE IMPOSIBLES DE ALCANZAR PARA LOS JUBILADOS DE LA M\u00cdNIMA.<\/figcaption><\/figure>\n\n\n\n<p>A los\u00a0gastos cotidianos y generales de todo\u00a0<strong>jubilado<\/strong>, en muchos casos se agrega la necesidad de alquilar un departamento. Un monoambiente en la Ciudad Aut\u00f3noma de Buenos Aires cuesta $80.000, en promedio. A eso, se le puede agregar que la persona implicada necesite personal dom\u00e9stico que lo asista, por distintas condiciones que acarrea la vejez. Si se le suman gastos de transporte, vestimenta y recreaci\u00f3n, a pesar de ser variables entre cada\u00a0<strong>jubilado<\/strong>, es claro que una jubilaci\u00f3n m\u00ednima.<\/p>\n\n\n\n<p>Basados en el informe que realiz\u00f3 la\u00a0<strong>Fundaci\u00f3n Mediterr\u00e1nea<\/strong>\u00a0en el \u00faltimo octubre, m\u00e1s la inflaci\u00f3n de los \u00faltimos meses, la\u00a0<strong>canasta b\u00e1sica<\/strong>\u00a0de un jubilado se encuentra en jaque. Una pareja de jubilados que cobra la m\u00ednima ver\u00eda imposible alcanzar la cifra cercana a los $200.000, s\u00ed se incluye el estimado por encima del 7% de inflaci\u00f3n para marzo,\u00a0que requerir\u00eda para cubrir con la\u00a0<strong>canasta b\u00e1sica<\/strong>.<\/p>\n","protected":false},"excerpt":{"rendered":"<p>Luego de meses terribles para los\u00a0jubilados, en los que la inflaci\u00f3n volvi\u00f3 a arruinar su econom\u00eda, a\u00fan con el aumento y el bono anunciados en febrero, la\u00a0inflaci\u00f3n\u00a0de marzo se ubicar\u00eda por encima del 7%. A pesar de los \u201cPrecios Justos\u201d,\u00a0la\u00a0jubilaci\u00f3n m\u00ednima, que apenas supera 70 mil pesos, no alcanza para cubrir los gastos m\u00ednimos de<a class=\"read-more\" href=\"https:\/\/elfederalmendoza.com.ar\/index.php\/2023\/04\/13\/un-matrimonio-de-jubilados-necesita-casi-200-000-para-no-ser-pobre\/\"> [&hellip;]<\/a><\/p>\n","protected":false},"author":2,"featured_media":21921,"comment_status":"open","ping_status":"open","sticky":false,"template":"","format":"standard","meta":{"footnotes":""},"categories":[5618],"tags":[],"class_list":["post-21920","post","type-post","status-publish","format-standard","has-post-thumbnail","hentry","category-arg"],"rttpg_featured_image_url":{"full":["https:\/\/elfederalmendoza.com.ar\/wp-content\/uploads\/2023\/04\/jubilado-pobre.jpg",1164,655,false],"landscape":["https:\/\/elfederalmendoza.com.ar\/wp-content\/uploads\/2023\/04\/jubilado-pobre.jpg",1164,655,false],"portraits":["https:\/\/elfederalmendoza.com.ar\/wp-content\/uploads\/2023\/04\/jubilado-pobre.jpg",1164,655,false],"thumbnail":["https:\/\/elfederalmendoza.com.ar\/wp-content\/uploads\/2023\/04\/jubilado-pobre-150x150.jpg",150,150,true],"medium":["https:\/\/elfederalmendoza.com.ar\/wp-content\/uploads\/2023\/04\/jubilado-pobre-300x169.jpg",300,169,true],"large":["https:\/\/elfederalmendoza.com.ar\/wp-content\/uploads\/2023\/04\/jubilado-pobre-1024x576.jpg",640,360,true],"1536x1536":["https:\/\/elfederalmendoza.com.ar\/wp-content\/uploads\/2023\/04\/jubilado-pobre.jpg",1164,655,false],"2048x2048":["https:\/\/elfederalmendoza.com.ar\/wp-content\/uploads\/2023\/04\/jubilado-pobre.jpg",1164,655,false],"ultp_layout_landscape_large":["https:\/\/elfederalmendoza.com.ar\/wp-content\/uploads\/2023\/04\/jubilado-pobre.jpg",1164,655,false],"ultp_layout_landscape":["https:\/\/elfederalmendoza.com.ar\/wp-content\/uploads\/2023\/04\/jubilado-pobre-870x570.jpg",870,570,true],"ultp_layout_portrait":["https:\/\/elfederalmendoza.com.ar\/wp-content\/uploads\/2023\/04\/jubilado-pobre-600x655.jpg",600,655,true],"ultp_layout_square":["https:\/\/elfederalmendoza.com.ar\/wp-content\/uploads\/2023\/04\/jubilado-pobre-600x600.jpg",600,600,true],"rpwe-thumbnail":["https:\/\/elfederalmendoza.com.ar\/wp-content\/uploads\/2023\/04\/jubilado-pobre-45x45.jpg",45,45,true],"advps-thumb-one":["https:\/\/elfederalmendoza.com.ar\/wp-content\/uploads\/2023\/04\/jubilado-pobre-1164x420.jpg",1164,420,true]},"rttpg_author":{"display_name":"Redacci\u00f3n El Federal","author_link":"https:\/\/elfederalmendoza.com.ar\/index.php\/author\/angelflores\/"},"rttpg_comment":0,"rttpg_category":"<a href=\"https:\/\/elfederalmendoza.com.ar\/index.php\/category\/arg\/\" rel=\"category tag\">Argentina<\/a>","rttpg_excerpt":"Luego de meses terribles para los\u00a0jubilados, en los que la inflaci\u00f3n volvi\u00f3 a arruinar su econom\u00eda, a\u00fan con el aumento y el bono anunciados en febrero, la\u00a0inflaci\u00f3n\u00a0de marzo se ubicar\u00eda por encima del 7%. A pesar de los \u201cPrecios Justos\u201d,\u00a0la\u00a0jubilaci\u00f3n m\u00ednima, que apenas supera 70 mil pesos, no alcanza para cubrir los gastos m\u00ednimos de&hellip;","_links":{"self":[{"href":"https:\/\/elfederalmendoza.com.ar\/index.php\/wp-json\/wp\/v2\/posts\/21920","targetHints":{"allow":["GET"]}}],"collection":[{"href":"https:\/\/elfederalmendoza.com.ar\/index.php\/wp-json\/wp\/v2\/posts"}],"about":[{"href":"https:\/\/elfederalmendoza.com.ar\/index.php\/wp-json\/wp\/v2\/types\/post"}],"author":[{"embeddable":true,"href":"https:\/\/elfederalmendoza.com.ar\/index.php\/wp-json\/wp\/v2\/users\/2"}],"replies":[{"embeddable":true,"href":"https:\/\/elfederalmendoza.com.ar\/index.php\/wp-json\/wp\/v2\/comments?post=21920"}],"version-history":[{"count":1,"href":"https:\/\/elfederalmendoza.com.ar\/index.php\/wp-json\/wp\/v2\/posts\/21920\/revisions"}],"predecessor-version":[{"id":21922,"href":"https:\/\/elfederalmendoza.com.ar\/index.php\/wp-json\/wp\/v2\/posts\/21920\/revisions\/21922"}],"wp:featuredmedia":[{"embeddable":true,"href":"https:\/\/elfederalmendoza.com.ar\/index.php\/wp-json\/wp\/v2\/media\/21921"}],"wp:attachment":[{"href":"https:\/\/elfederalmendoza.com.ar\/index.php\/wp-json\/wp\/v2\/media?parent=21920"}],"wp:term":[{"taxonomy":"category","embeddable":true,"href":"https:\/\/elfederalmendoza.com.ar\/index.php\/wp-json\/wp\/v2\/categories?post=21920"},{"taxonomy":"post_tag","embeddable":true,"href":"https:\/\/elfederalmendoza.com.ar\/index.php\/wp-json\/wp\/v2\/tags?post=21920"}],"curies":[{"name":"wp","href":"https:\/\/api.w.org\/{rel}","templated":true}]}}