{"id":21924,"date":"2023-04-13T11:57:12","date_gmt":"2023-04-13T14:57:12","guid":{"rendered":"https:\/\/elfederalmendoza.com\/?p=21924"},"modified":"2023-04-13T11:57:16","modified_gmt":"2023-04-13T14:57:16","slug":"una-buena-el-nene-que-fue-atacado-por-una-jauria-en-rivadavia-sera-pasado-a-sala-comun","status":"publish","type":"post","link":"https:\/\/elfederalmendoza.com.ar\/index.php\/2023\/04\/13\/una-buena-el-nene-que-fue-atacado-por-una-jauria-en-rivadavia-sera-pasado-a-sala-comun\/","title":{"rendered":"Una buena: el nene que fue atacado por una jaur\u00eda en Rivadavia ser\u00e1 pasado a sala com\u00fan"},"content":{"rendered":"\n<p>El ni\u00f1o de cinco a\u00f1os que fue atacado por una&nbsp;<strong>jaur\u00eda&nbsp;<\/strong>en&nbsp;<strong>Rivadavia&nbsp;<\/strong>se encuentra estable y<mark>&nbsp;pasar\u00e1 a sala com\u00fan para continuar con evaluaci\u00f3n y recuperaci\u00f3n<\/mark>, as\u00ed lo inform\u00f3 el hospital pedi\u00e1trico Humberto Notti en el parte m\u00e9dico difundido este jueves por la ma\u00f1ana.<\/p>\n\n\n\n<p>El menor fue internado el domingo, tras ser mordido por perros cuando se encontraba jugando con amigos en el&nbsp;barrio Do\u00f1a Florencia, ubicado sobre el carril Moyano.<\/p>\n\n\n\n<p><mark>La v\u00edctima fue alcanzada por los canes y arrastrada unos 100 metros<\/mark>&nbsp;hacia el interior de una finca.<\/p>\n\n\n\n<p><strong>Ricardo Ganum<\/strong>, el due\u00f1o de los animales, qued\u00f3 imputado por el delito de lesiones culposas.<\/p>\n","protected":false},"excerpt":{"rendered":"<p>El ni\u00f1o de cinco a\u00f1os que fue atacado por una&nbsp;jaur\u00eda&nbsp;en&nbsp;Rivadavia&nbsp;se encuentra estable y&nbsp;pasar\u00e1 a sala com\u00fan para continuar con evaluaci\u00f3n y recuperaci\u00f3n, as\u00ed lo inform\u00f3 el hospital pedi\u00e1trico Humberto Notti en el parte m\u00e9dico difundido este jueves por la ma\u00f1ana. El menor fue internado el domingo, tras ser mordido por perros cuando se encontraba jugando<a class=\"read-more\" href=\"https:\/\/elfederalmendoza.com.ar\/index.php\/2023\/04\/13\/una-buena-el-nene-que-fue-atacado-por-una-jauria-en-rivadavia-sera-pasado-a-sala-comun\/\"> [&hellip;]<\/a><\/p>\n","protected":false},"author":2,"featured_media":21927,"comment_status":"open","ping_status":"open","sticky":false,"template":"","format":"standard","meta":{"footnotes":""},"categories":[1],"tags":[],"class_list":["post-21924","post","type-post","status-publish","format-standard","has-post-thumbnail","hentry","category-mza"],"rttpg_featured_image_url":{"full":["https:\/\/elfederalmendoza.com.ar\/wp-content\/uploads\/2023\/04\/f608x342-1392854_1422577_0.jpeg",608,342,false],"landscape":["https:\/\/elfederalmendoza.com.ar\/wp-content\/uploads\/2023\/04\/f608x342-1392854_1422577_0.jpeg",608,342,false],"portraits":["https:\/\/elfederalmendoza.com.ar\/wp-content\/uploads\/2023\/04\/f608x342-1392854_1422577_0.jpeg",608,342,false],"thumbnail":["https:\/\/elfederalmendoza.com.ar\/wp-content\/uploads\/2023\/04\/f608x342-1392854_1422577_0-150x150.jpeg",150,150,true],"medium":["https:\/\/elfederalmendoza.com.ar\/wp-content\/uploads\/2023\/04\/f608x342-1392854_1422577_0-300x169.jpeg",300,169,true],"large":["https:\/\/elfederalmendoza.com.ar\/wp-content\/uploads\/2023\/04\/f608x342-1392854_1422577_0.jpeg",608,342,false],"1536x1536":["https:\/\/elfederalmendoza.com.ar\/wp-content\/uploads\/2023\/04\/f608x342-1392854_1422577_0.jpeg",608,342,false],"2048x2048":["https:\/\/elfederalmendoza.com.ar\/wp-content\/uploads\/2023\/04\/f608x342-1392854_1422577_0.jpeg",608,342,false],"ultp_layout_landscape_large":["https:\/\/elfederalmendoza.com.ar\/wp-content\/uploads\/2023\/04\/f608x342-1392854_1422577_0.jpeg",608,342,false],"ultp_layout_landscape":["https:\/\/elfederalmendoza.com.ar\/wp-content\/uploads\/2023\/04\/f608x342-1392854_1422577_0.jpeg",608,342,false],"ultp_layout_portrait":["https:\/\/elfederalmendoza.com.ar\/wp-content\/uploads\/2023\/04\/f608x342-1392854_1422577_0-600x342.jpeg",600,342,true],"ultp_layout_square":["https:\/\/elfederalmendoza.com.ar\/wp-content\/uploads\/2023\/04\/f608x342-1392854_1422577_0-600x342.jpeg",600,342,true],"rpwe-thumbnail":["https:\/\/elfederalmendoza.com.ar\/wp-content\/uploads\/2023\/04\/f608x342-1392854_1422577_0-45x45.jpeg",45,45,true],"advps-thumb-one":["https:\/\/elfederalmendoza.com.ar\/wp-content\/uploads\/2023\/04\/f608x342-1392854_1422577_0.jpeg",608,342,false]},"rttpg_author":{"display_name":"Redacci\u00f3n El Federal","author_link":"https:\/\/elfederalmendoza.com.ar\/index.php\/author\/angelflores\/"},"rttpg_comment":0,"rttpg_category":"<a href=\"https:\/\/elfederalmendoza.com.ar\/index.php\/category\/mza\/\" rel=\"category tag\">Mendoza<\/a>","rttpg_excerpt":"El ni\u00f1o de cinco a\u00f1os que fue atacado por una&nbsp;jaur\u00eda&nbsp;en&nbsp;Rivadavia&nbsp;se encuentra estable y&nbsp;pasar\u00e1 a sala com\u00fan para continuar con evaluaci\u00f3n y recuperaci\u00f3n, as\u00ed lo inform\u00f3 el hospital pedi\u00e1trico Humberto Notti en el parte m\u00e9dico difundido este jueves por la ma\u00f1ana. El menor fue internado el domingo, tras ser mordido por perros cuando se encontraba jugando&hellip;","_links":{"self":[{"href":"https:\/\/elfederalmendoza.com.ar\/index.php\/wp-json\/wp\/v2\/posts\/21924","targetHints":{"allow":["GET"]}}],"collection":[{"href":"https:\/\/elfederalmendoza.com.ar\/index.php\/wp-json\/wp\/v2\/posts"}],"about":[{"href":"https:\/\/elfederalmendoza.com.ar\/index.php\/wp-json\/wp\/v2\/types\/post"}],"author":[{"embeddable":true,"href":"https:\/\/elfederalmendoza.com.ar\/index.php\/wp-json\/wp\/v2\/users\/2"}],"replies":[{"embeddable":true,"href":"https:\/\/elfederalmendoza.com.ar\/index.php\/wp-json\/wp\/v2\/comments?post=21924"}],"version-history":[{"count":1,"href":"https:\/\/elfederalmendoza.com.ar\/index.php\/wp-json\/wp\/v2\/posts\/21924\/revisions"}],"predecessor-version":[{"id":21928,"href":"https:\/\/elfederalmendoza.com.ar\/index.php\/wp-json\/wp\/v2\/posts\/21924\/revisions\/21928"}],"wp:featuredmedia":[{"embeddable":true,"href":"https:\/\/elfederalmendoza.com.ar\/index.php\/wp-json\/wp\/v2\/media\/21927"}],"wp:attachment":[{"href":"https:\/\/elfederalmendoza.com.ar\/index.php\/wp-json\/wp\/v2\/media?parent=21924"}],"wp:term":[{"taxonomy":"category","embeddable":true,"href":"https:\/\/elfederalmendoza.com.ar\/index.php\/wp-json\/wp\/v2\/categories?post=21924"},{"taxonomy":"post_tag","embeddable":true,"href":"https:\/\/elfederalmendoza.com.ar\/index.php\/wp-json\/wp\/v2\/tags?post=21924"}],"curies":[{"name":"wp","href":"https:\/\/api.w.org\/{rel}","templated":true}]}}