{"id":21932,"date":"2023-04-13T12:11:47","date_gmt":"2023-04-13T15:11:47","guid":{"rendered":"https:\/\/elfederalmendoza.com\/?p=21932"},"modified":"2023-04-13T12:11:49","modified_gmt":"2023-04-13T15:11:49","slug":"horacio-rodriguez-larreta-visita-mendoza-para-apoyar-a-alfredo-cornejo","status":"publish","type":"post","link":"https:\/\/elfederalmendoza.com.ar\/index.php\/2023\/04\/13\/horacio-rodriguez-larreta-visita-mendoza-para-apoyar-a-alfredo-cornejo\/","title":{"rendered":"Horacio Rodr\u00edguez Larreta visita Mendoza para apoyar a Alfredo Cornejo"},"content":{"rendered":"\n<p>La salida de Omar De Marchi del frente Cambia Mendoza trajo consecuencias nacionales. En primer lugar, el\u00a0PRO mendocino\u00a0fue intervenido. Ahora,\u00a0el precandidato a presidente\u00a0<strong>Horacio Rodr\u00edguez Larreta<\/strong>, que era su jefe pol\u00edtico, vendr\u00e1 este viernes a Mendoza a hacer una declaraci\u00f3n pol\u00edtica de much\u00edsimo peso: le levantar\u00e1 la mano al precandidato a gobernador radical\u00a0<strong>Alfredo Cornejo.\u00a0<\/strong><\/p>\n\n\n\n<p>Justamente, con quien ser\u00e1 contra el exgobernador que\u00a0<strong>De Marchi\u00a0<\/strong>competir\u00e1 tras conformar una nueva alianza partidaria \u201cLa Uni\u00f3n Mendocina\u201d. Adem\u00e1s dejar\u00e1 en claro que el PRO<strong>\u00a0<\/strong>sigue dentro del frente oficialista local.<\/p>\n\n\n\n<p>La primera reacci\u00f3n de\u00a0<strong>Larreta<\/strong>\u00a0tras la salida de De Marchi fue venir a la provincia a mostrarse junto al frente que representa la versi\u00f3n local de Juntos por el Cambio. De hecho, pretend\u00eda llegar a Mendoza este jueves -a\u00a0horas del cierre de alianzas partidarias mendocinas en la Justicia electoral- pero,\u00a0como hay sesi\u00f3n en el Senado nacional y se tratar\u00e1 la ley de alcohol cero,\u00a0<strong>Cornejo<\/strong>\u00a0deb\u00eda estar en el Congreso.<\/p>\n\n\n\n<p>Por lo tanto,\u00a0<strong>Larreta<\/strong>\u00a0est\u00e1 mirando su agenda por estas horas\u00a0para definir en qu\u00e9 horario llegar\u00e1\u00a0este viernes a la provincia para sacarse una foto con el frente Cambia Mendoza, en general, y con\u00a0<strong>Cornejo,\u00a0<\/strong>en particular. En ese sentido, dejar\u00e1 en claro que el PRO que fue anotado ante la Junta Electoral\u00a0por el interventor nacional Humberto Schiavoni (quien adem\u00e1s es el jefe del bloque de senadores nacionales del partido) en el frente Cambia Mendoza y por los demarchistas dentro de La Uni\u00f3n Mendocina, debe estar en la primera opci\u00f3n.<\/p>\n\n\n\n<p>En primer lugar, se trata de un mensaje pol\u00edtico: le ha quitado totalmente el apoyo -como hab\u00eda advertido- a&nbsp;<strong>De Marchi&nbsp;<\/strong>-quien fue su coordinador nacional de campa\u00f1a presidencial hasta diciembre \u00faltimo- pero tambi\u00e9n su gesto puede ser observado por la Justicia electoral ya que debe decidir dentro de qu\u00e9 alianza quedar\u00e1 formalmente inscripto el partido.<\/p>\n\n\n\n<p>Por otro lado,&nbsp;<strong>Cornejo<\/strong>&nbsp;ahora se gana el respaldo de los dos presidenciables del PRO. Patricia Bullrich lo ha acompa\u00f1ado desde su lanzamiento a gobernador y antes de esa decisi\u00f3n, le gui\u00f1\u00f3 varias veces el ojo para que lo acompa\u00f1ara en una f\u00f3rmula presidencial. Pero ahora, el rival de Bullrich en la interna de Juntos por el Cambio, quien era el referente nacional de&nbsp;<strong>De Marchi<\/strong>, se sacar\u00e1 una foto junto al radical mendocino cuando restan menos de dos meses para las&nbsp;<strong>PASO<\/strong>&nbsp;provinciales. Adem\u00e1s, se espera que tenga encuentros con dirigentes del PRO local que se quedaron en Cambia Mendoza&nbsp; para avalarlos luego de la ruptura que se ha producido entre quienes optaron por&nbsp;el oficialismo y quienes decidieron emigrar. Un corte que adem\u00e1s se refleja en la Legislatura provincial y en algunos Concejos Deliberantes donde el PRO tiene representaci\u00f3n y se ver\u00e1 tambi\u00e9n en los pr\u00f3ximos d\u00edas cuando se conformen las listas para las elecciones primarias provinciales ya que el s\u00e1bado 22 de este mes es la fecha l\u00edmite estipulada por la Justicia para ese tr\u00e1mite.<\/p>\n\n\n\n<p>Por otro lado,&nbsp;<strong>Larreta&nbsp;<\/strong>viene de una semana muy movida dentro de la interna nacional tras haber decidido las elecciones concurrentes en Ciudad de Buenos Aires (una especie de desdoblamiento de las nacionales pero el mismo d\u00eda con distintas urnas). Esa determinaci\u00f3n pol\u00edtica le cost\u00f3 duros cuestionamientos de Mauricio Macri quien asegur\u00f3 que no est\u00e1 de acuerdo con el cambio en \u201clas reglas electorales\u201d.<\/p>\n","protected":false},"excerpt":{"rendered":"<p>La salida de Omar De Marchi del frente Cambia Mendoza trajo consecuencias nacionales. En primer lugar, el\u00a0PRO mendocino\u00a0fue intervenido. Ahora,\u00a0el precandidato a presidente\u00a0Horacio Rodr\u00edguez Larreta, que era su jefe pol\u00edtico, vendr\u00e1 este viernes a Mendoza a hacer una declaraci\u00f3n pol\u00edtica de much\u00edsimo peso: le levantar\u00e1 la mano al precandidato a gobernador radical\u00a0Alfredo Cornejo.\u00a0 Justamente, con<a class=\"read-more\" href=\"https:\/\/elfederalmendoza.com.ar\/index.php\/2023\/04\/13\/horacio-rodriguez-larreta-visita-mendoza-para-apoyar-a-alfredo-cornejo\/\"> [&hellip;]<\/a><\/p>\n","protected":false},"author":2,"featured_media":21933,"comment_status":"open","ping_status":"open","sticky":false,"template":"","format":"standard","meta":{"footnotes":""},"categories":[1],"tags":[],"class_list":["post-21932","post","type-post","status-publish","format-standard","has-post-thumbnail","hentry","category-mza"],"rttpg_featured_image_url":{"full":["https:\/\/elfederalmendoza.com.ar\/wp-content\/uploads\/2023\/04\/1569877414870.jpg",1157,768,false],"landscape":["https:\/\/elfederalmendoza.com.ar\/wp-content\/uploads\/2023\/04\/1569877414870.jpg",1157,768,false],"portraits":["https:\/\/elfederalmendoza.com.ar\/wp-content\/uploads\/2023\/04\/1569877414870.jpg",1157,768,false],"thumbnail":["https:\/\/elfederalmendoza.com.ar\/wp-content\/uploads\/2023\/04\/1569877414870-150x150.jpg",150,150,true],"medium":["https:\/\/elfederalmendoza.com.ar\/wp-content\/uploads\/2023\/04\/1569877414870-300x199.jpg",300,199,true],"large":["https:\/\/elfederalmendoza.com.ar\/wp-content\/uploads\/2023\/04\/1569877414870-1024x680.jpg",640,425,true],"1536x1536":["https:\/\/elfederalmendoza.com.ar\/wp-content\/uploads\/2023\/04\/1569877414870.jpg",1157,768,false],"2048x2048":["https:\/\/elfederalmendoza.com.ar\/wp-content\/uploads\/2023\/04\/1569877414870.jpg",1157,768,false],"ultp_layout_landscape_large":["https:\/\/elfederalmendoza.com.ar\/wp-content\/uploads\/2023\/04\/1569877414870.jpg",1157,768,false],"ultp_layout_landscape":["https:\/\/elfederalmendoza.com.ar\/wp-content\/uploads\/2023\/04\/1569877414870-870x570.jpg",870,570,true],"ultp_layout_portrait":["https:\/\/elfederalmendoza.com.ar\/wp-content\/uploads\/2023\/04\/1569877414870-600x768.jpg",600,768,true],"ultp_layout_square":["https:\/\/elfederalmendoza.com.ar\/wp-content\/uploads\/2023\/04\/1569877414870-600x600.jpg",600,600,true],"rpwe-thumbnail":["https:\/\/elfederalmendoza.com.ar\/wp-content\/uploads\/2023\/04\/1569877414870-45x45.jpg",45,45,true],"advps-thumb-one":["https:\/\/elfederalmendoza.com.ar\/wp-content\/uploads\/2023\/04\/1569877414870-1157x420.jpg",1157,420,true]},"rttpg_author":{"display_name":"Redacci\u00f3n El Federal","author_link":"https:\/\/elfederalmendoza.com.ar\/index.php\/author\/angelflores\/"},"rttpg_comment":0,"rttpg_category":"<a href=\"https:\/\/elfederalmendoza.com.ar\/index.php\/category\/mza\/\" rel=\"category tag\">Mendoza<\/a>","rttpg_excerpt":"La salida de Omar De Marchi del frente Cambia Mendoza trajo consecuencias nacionales. En primer lugar, el\u00a0PRO mendocino\u00a0fue intervenido. Ahora,\u00a0el precandidato a presidente\u00a0Horacio Rodr\u00edguez Larreta, que era su jefe pol\u00edtico, vendr\u00e1 este viernes a Mendoza a hacer una declaraci\u00f3n pol\u00edtica de much\u00edsimo peso: le levantar\u00e1 la mano al precandidato a gobernador radical\u00a0Alfredo Cornejo.\u00a0 Justamente, con&hellip;","_links":{"self":[{"href":"https:\/\/elfederalmendoza.com.ar\/index.php\/wp-json\/wp\/v2\/posts\/21932","targetHints":{"allow":["GET"]}}],"collection":[{"href":"https:\/\/elfederalmendoza.com.ar\/index.php\/wp-json\/wp\/v2\/posts"}],"about":[{"href":"https:\/\/elfederalmendoza.com.ar\/index.php\/wp-json\/wp\/v2\/types\/post"}],"author":[{"embeddable":true,"href":"https:\/\/elfederalmendoza.com.ar\/index.php\/wp-json\/wp\/v2\/users\/2"}],"replies":[{"embeddable":true,"href":"https:\/\/elfederalmendoza.com.ar\/index.php\/wp-json\/wp\/v2\/comments?post=21932"}],"version-history":[{"count":1,"href":"https:\/\/elfederalmendoza.com.ar\/index.php\/wp-json\/wp\/v2\/posts\/21932\/revisions"}],"predecessor-version":[{"id":21934,"href":"https:\/\/elfederalmendoza.com.ar\/index.php\/wp-json\/wp\/v2\/posts\/21932\/revisions\/21934"}],"wp:featuredmedia":[{"embeddable":true,"href":"https:\/\/elfederalmendoza.com.ar\/index.php\/wp-json\/wp\/v2\/media\/21933"}],"wp:attachment":[{"href":"https:\/\/elfederalmendoza.com.ar\/index.php\/wp-json\/wp\/v2\/media?parent=21932"}],"wp:term":[{"taxonomy":"category","embeddable":true,"href":"https:\/\/elfederalmendoza.com.ar\/index.php\/wp-json\/wp\/v2\/categories?post=21932"},{"taxonomy":"post_tag","embeddable":true,"href":"https:\/\/elfederalmendoza.com.ar\/index.php\/wp-json\/wp\/v2\/tags?post=21932"}],"curies":[{"name":"wp","href":"https:\/\/api.w.org\/{rel}","templated":true}]}}