{"id":21936,"date":"2023-04-13T13:31:36","date_gmt":"2023-04-13T16:31:36","guid":{"rendered":"https:\/\/elfederalmendoza.com\/?p=21936"},"modified":"2023-04-13T13:31:37","modified_gmt":"2023-04-13T16:31:37","slug":"anibal-fernandez-aseguro-que-las-calles-van-a-estar-regadas-de-sangre-y-de-muertos-si-la-oposicion-gana-las-elecciones","status":"publish","type":"post","link":"https:\/\/elfederalmendoza.com.ar\/index.php\/2023\/04\/13\/anibal-fernandez-aseguro-que-las-calles-van-a-estar-regadas-de-sangre-y-de-muertos-si-la-oposicion-gana-las-elecciones\/","title":{"rendered":"An\u00edbal Fern\u00e1ndez asegur\u00f3 que \u201clas calles van a estar regadas de sangre y de muertos\u201d si la oposici\u00f3n gana las elecciones"},"content":{"rendered":"\n<p>El ministro de Seguridad de la Naci\u00f3n,&nbsp;<strong>An\u00edbal Fern\u00e1ndez<\/strong>, advirti\u00f3 sobre las consecuencias que podr\u00edan tener un eventual triunfo de los sectores m\u00e1s duros de la oposici\u00f3n en las pr\u00f3ximas elecciones nacionales.<\/p>\n\n\n\n<p>\u201cLo que se puede ver es qui\u00e9nes van a competir contra qui\u00e9nes. Vemos un grupo de gente que tiene<strong>&nbsp;cero formaci\u00f3n<\/strong>, con vocaci\u00f3n por el agravio y por lastimar, y&nbsp;<strong>lo que propone saldr\u00eda \u00fanicamente por represi\u00f3n. Las calles regadas de sangre y muertos<\/strong>&nbsp;van a producir si tuvieran la posibilidad de<strong>&nbsp;ser Gobierno<\/strong>\u201d, dispar\u00f3 el funcionario nacional.<\/p>\n\n\n\n<p>Las palabras del titular de la cartera de Seguridad apuntaron directamente contra las propuestas del libertario&nbsp;<strong>Javier Milei<\/strong>, l\u00edder de La Libertad Avanza, y contra el sector que representa&nbsp;<strong>Patricia Bullrich<\/strong>, titular del PRO y precandidata a la presidencia. Pero tambi\u00e9n englobaron a las ideas de<strong>&nbsp;Juntos por el Cambio<\/strong>.<\/p>\n\n\n\n<p>\u201cDurante toda la vida han llegado a las gestiones como una<strong>&nbsp;izquierda perfumada<\/strong>. Votaban por izquierda y gobernaban por derecha. En alg\u00fan momento se rompe ese esquema y se presentan a cara descubierta, con esas&nbsp;<strong>ideas que son absolutamente esquizofr\u00e9nicas<\/strong>&nbsp;y sin ning\u00fan pensamiento. Ning\u00fan criterio que proteja a un pa\u00eds de un mont\u00f3n de cosas importantes que tiene que proteger para seguir creciendo y aspirar a tener una movilidad social ascendente\u201d, manifest\u00f3 Fern\u00e1ndez en una entrevista con C5N.<\/p>\n\n\n\n<p><img loading=\"lazy\" decoding=\"async\" height=\"3575\" width=\"5500\" srcset=\"https:\/\/www.infobae.com\/new-resizer\/dGLG3z0muVy1GwMnt842STjQBms=\/992x614\/filters:format(webp):quality(85)\/cloudfront-us-east-1.images.arcpublishing.com\/infobae\/WXD65GET7BWACICMY7C3PJHYY4.jpg 992w\" class=\"\" src=\"https:\/\/cloudfront-us-east-1.images.arcpublishing.com\/infobae\/WXD65GET7BWACICMY7C3PJHYY4.jpg\" alt=\"Argentina's Minister of Security Anibal Fernandez speaks to the media, as the National Government deployed forces to help control escalating violence in river port city of Rosario, in Rosario, Santa Fe province, Argentina March 8, 2023. REUTERS\/Agustin Marcarian\"><\/p>\n\n\n\n<p>En cuanto al oficialismo y al armado electoral,<strong>&nbsp;An\u00edbal Fern\u00e1ndez&nbsp;<\/strong>respald\u00f3 nuevamente la candidatura de Alberto Fern\u00e1ndez, y asegur\u00f3 que las fuerzas que componen el oficialismo ir\u00e1n a una elecci\u00f3n Primaria, Abierta, Simult\u00e1nea y Obligatoria. \u201c<strong>Las PASO vinieron a reemplazar a las internas dentro de un mismo partido<\/strong>, donde el caudillo eleg\u00eda con el dedo, o la rosca de los ventajeros seleccionaba con el dedo\u201d, defini\u00f3<strong>.<\/strong><\/p>\n\n\n\n<p>En ese marco, Fern\u00e1ndez fue consultado sobre si en el peronismo hoy faltan carn\u00edvoros y su respuesta fue contundente: \u201cTotalmente, yo tengo toda la vocaci\u00f3n del mundo de ganar.&nbsp;<strong>El que manda es el Presidente<\/strong>, que es quien da el puntapi\u00e9 inicial. Soy un carn\u00edvoro hecho y derecho y no s\u00e9 vivir de otra manera que no sea comiendo carne. Necesito que el Presidente d\u00e9 el gui\u00f1o nomas\u201d.<\/p>\n\n\n\n<p>Seg\u00fan el ministro,&nbsp;<strong>el jefe de Estado&nbsp;<\/strong>\u201cha dicho que su vocaci\u00f3n est\u00e1 puesta en que el Frente de Todos pueda hacer una primaria y una elecci\u00f3n importante como para gobernar en el pr\u00f3ximo per\u00edodo\u201d.<\/p>\n\n\n\n<p><img loading=\"lazy\" decoding=\"async\" alt=\"An\u00edbal Fern\u00e1ndez habl\u00f3 con Sergio Berni y confirm\u00f3 que trabajan en conjunto por la seguridad de Provincia de Buenos Aires\" height=\"1080\" width=\"1920\" class=\"\" src=\"https:\/\/cloudfront-us-east-1.images.arcpublishing.com\/infobae\/TZQJAL7KLFAUFGHHZHAFHDDZHY.jpeg\" srcset=\"https:\/\/www.infobae.com\/new-resizer\/7m5YHPv66y3xmO4ClXq4hfHOmp0=\/420x236\/filters:format(webp):quality(85)\/cloudfront-us-east-1.images.arcpublishing.com\/infobae\/TZQJAL7KLFAUFGHHZHAFHDDZHY.jpeg 420w,https:\/\/www.infobae.com\/new-resizer\/2qPzxT52XYXhsbju8FyPLnWLUoE=\/768x432\/filters:format(webp):quality(85)\/cloudfront-us-east-1.images.arcpublishing.com\/infobae\/TZQJAL7KLFAUFGHHZHAFHDDZHY.jpeg 768w,https:\/\/www.infobae.com\/new-resizer\/AiJHj25xpFgN1-aESILX3X-ZCFM=\/992x558\/filters:format(webp):quality(85)\/cloudfront-us-east-1.images.arcpublishing.com\/infobae\/TZQJAL7KLFAUFGHHZHAFHDDZHY.jpeg 992w,https:\/\/www.infobae.com\/new-resizer\/jDypQMvusNhHDF2gQwIdfeh_YLI=\/1200x675\/filters:format(webp):quality(85)\/cloudfront-us-east-1.images.arcpublishing.com\/infobae\/TZQJAL7KLFAUFGHHZHAFHDDZHY.jpeg 1200w,https:\/\/www.infobae.com\/new-resizer\/LUc9pz5rOkx7fwmXRU5HldOxqK4=\/1440x810\/filters:format(webp):quality(85)\/cloudfront-us-east-1.images.arcpublishing.com\/infobae\/TZQJAL7KLFAUFGHHZHAFHDDZHY.jpeg 1440w\">An\u00edbal Fern\u00e1ndez habl\u00f3 con Sergio Berni y confirm\u00f3 que trabajan en conjunto por la seguridad de Provincia de Buenos Aires<\/p>\n\n\n\n<p>Por otra parte, el funcionario habl\u00f3 sobre su par de seguridad bonaerense,&nbsp;<strong>Sergio Berni,<\/strong>&nbsp;con quien mantuvo una reuni\u00f3n en las \u00faltimas horas para avanzar en el control de la seguridad en la provincia.<\/p>\n\n\n\n<p>Sobre el trabajo coordinando de forma conjunta en un<strong>&nbsp;Comando Unificado<\/strong>, asegur\u00f3 que es \u201ccon base en cinco puntos espec\u00edficos que son:<strong>&nbsp;La Plata, Avellaneda, Matanza, Pilar y San Fernando<\/strong>\u201d.<\/p>\n\n\n\n<p>Adem\u00e1s de esto, el ministro revel\u00f3 que \u201ccon las<strong>\u00a0propias tropas<\/strong>\u00a0estemos en los lugares m\u00e1s calientes y se quiere este\u00a0<strong>subiendo a los colectivos pidiendo documento<\/strong>\u00a0y trabajando con una participaci\u00f3n activa en los momentos donde se va a trabajar\u201d.<\/p>\n\n\n\n<p>Infobae<\/p>\n","protected":false},"excerpt":{"rendered":"<p>El ministro de Seguridad de la Naci\u00f3n,&nbsp;An\u00edbal Fern\u00e1ndez, advirti\u00f3 sobre las consecuencias que podr\u00edan tener un eventual triunfo de los sectores m\u00e1s duros de la oposici\u00f3n en las pr\u00f3ximas elecciones nacionales. \u201cLo que se puede ver es qui\u00e9nes van a competir contra qui\u00e9nes. Vemos un grupo de gente que tiene&nbsp;cero formaci\u00f3n, con vocaci\u00f3n por el<a class=\"read-more\" href=\"https:\/\/elfederalmendoza.com.ar\/index.php\/2023\/04\/13\/anibal-fernandez-aseguro-que-las-calles-van-a-estar-regadas-de-sangre-y-de-muertos-si-la-oposicion-gana-las-elecciones\/\"> [&hellip;]<\/a><\/p>\n","protected":false},"author":2,"featured_media":21937,"comment_status":"open","ping_status":"open","sticky":false,"template":"","format":"standard","meta":{"footnotes":""},"categories":[5618],"tags":[],"class_list":["post-21936","post","type-post","status-publish","format-standard","has-post-thumbnail","hentry","category-arg"],"rttpg_featured_image_url":{"full":["https:\/\/elfederalmendoza.com.ar\/wp-content\/uploads\/2023\/04\/CANIBAL.jpg",980,551,false],"landscape":["https:\/\/elfederalmendoza.com.ar\/wp-content\/uploads\/2023\/04\/CANIBAL.jpg",980,551,false],"portraits":["https:\/\/elfederalmendoza.com.ar\/wp-content\/uploads\/2023\/04\/CANIBAL.jpg",980,551,false],"thumbnail":["https:\/\/elfederalmendoza.com.ar\/wp-content\/uploads\/2023\/04\/CANIBAL-150x150.jpg",150,150,true],"medium":["https:\/\/elfederalmendoza.com.ar\/wp-content\/uploads\/2023\/04\/CANIBAL-300x169.jpg",300,169,true],"large":["https:\/\/elfederalmendoza.com.ar\/wp-content\/uploads\/2023\/04\/CANIBAL.jpg",640,360,false],"1536x1536":["https:\/\/elfederalmendoza.com.ar\/wp-content\/uploads\/2023\/04\/CANIBAL.jpg",980,551,false],"2048x2048":["https:\/\/elfederalmendoza.com.ar\/wp-content\/uploads\/2023\/04\/CANIBAL.jpg",980,551,false],"ultp_layout_landscape_large":["https:\/\/elfederalmendoza.com.ar\/wp-content\/uploads\/2023\/04\/CANIBAL.jpg",980,551,false],"ultp_layout_landscape":["https:\/\/elfederalmendoza.com.ar\/wp-content\/uploads\/2023\/04\/CANIBAL-870x551.jpg",870,551,true],"ultp_layout_portrait":["https:\/\/elfederalmendoza.com.ar\/wp-content\/uploads\/2023\/04\/CANIBAL-600x551.jpg",600,551,true],"ultp_layout_square":["https:\/\/elfederalmendoza.com.ar\/wp-content\/uploads\/2023\/04\/CANIBAL-600x551.jpg",600,551,true],"rpwe-thumbnail":["https:\/\/elfederalmendoza.com.ar\/wp-content\/uploads\/2023\/04\/CANIBAL-45x45.jpg",45,45,true],"advps-thumb-one":["https:\/\/elfederalmendoza.com.ar\/wp-content\/uploads\/2023\/04\/CANIBAL-980x420.jpg",980,420,true]},"rttpg_author":{"display_name":"Redacci\u00f3n El Federal","author_link":"https:\/\/elfederalmendoza.com.ar\/index.php\/author\/angelflores\/"},"rttpg_comment":0,"rttpg_category":"<a href=\"https:\/\/elfederalmendoza.com.ar\/index.php\/category\/arg\/\" rel=\"category tag\">Argentina<\/a>","rttpg_excerpt":"El ministro de Seguridad de la Naci\u00f3n,&nbsp;An\u00edbal Fern\u00e1ndez, advirti\u00f3 sobre las consecuencias que podr\u00edan tener un eventual triunfo de los sectores m\u00e1s duros de la oposici\u00f3n en las pr\u00f3ximas elecciones nacionales. \u201cLo que se puede ver es qui\u00e9nes van a competir contra qui\u00e9nes. Vemos un grupo de gente que tiene&nbsp;cero formaci\u00f3n, con vocaci\u00f3n por el&hellip;","_links":{"self":[{"href":"https:\/\/elfederalmendoza.com.ar\/index.php\/wp-json\/wp\/v2\/posts\/21936","targetHints":{"allow":["GET"]}}],"collection":[{"href":"https:\/\/elfederalmendoza.com.ar\/index.php\/wp-json\/wp\/v2\/posts"}],"about":[{"href":"https:\/\/elfederalmendoza.com.ar\/index.php\/wp-json\/wp\/v2\/types\/post"}],"author":[{"embeddable":true,"href":"https:\/\/elfederalmendoza.com.ar\/index.php\/wp-json\/wp\/v2\/users\/2"}],"replies":[{"embeddable":true,"href":"https:\/\/elfederalmendoza.com.ar\/index.php\/wp-json\/wp\/v2\/comments?post=21936"}],"version-history":[{"count":1,"href":"https:\/\/elfederalmendoza.com.ar\/index.php\/wp-json\/wp\/v2\/posts\/21936\/revisions"}],"predecessor-version":[{"id":21938,"href":"https:\/\/elfederalmendoza.com.ar\/index.php\/wp-json\/wp\/v2\/posts\/21936\/revisions\/21938"}],"wp:featuredmedia":[{"embeddable":true,"href":"https:\/\/elfederalmendoza.com.ar\/index.php\/wp-json\/wp\/v2\/media\/21937"}],"wp:attachment":[{"href":"https:\/\/elfederalmendoza.com.ar\/index.php\/wp-json\/wp\/v2\/media?parent=21936"}],"wp:term":[{"taxonomy":"category","embeddable":true,"href":"https:\/\/elfederalmendoza.com.ar\/index.php\/wp-json\/wp\/v2\/categories?post=21936"},{"taxonomy":"post_tag","embeddable":true,"href":"https:\/\/elfederalmendoza.com.ar\/index.php\/wp-json\/wp\/v2\/tags?post=21936"}],"curies":[{"name":"wp","href":"https:\/\/api.w.org\/{rel}","templated":true}]}}