{"id":21951,"date":"2023-04-14T08:55:04","date_gmt":"2023-04-14T11:55:04","guid":{"rendered":"https:\/\/elfederalmendoza.com\/?p=21951"},"modified":"2023-04-14T08:55:09","modified_gmt":"2023-04-14T11:55:09","slug":"robo-un-auto-en-lujan-de-cuyo-pero-lo-atraparon-por-el-gps-del-celular-de-la-duena-del-vehiculo","status":"publish","type":"post","link":"https:\/\/elfederalmendoza.com.ar\/index.php\/2023\/04\/14\/robo-un-auto-en-lujan-de-cuyo-pero-lo-atraparon-por-el-gps-del-celular-de-la-duena-del-vehiculo\/","title":{"rendered":"Rob\u00f3 un auto en Luj\u00e1n de Cuyo, pero lo atraparon por el GPS del celular de la due\u00f1a del veh\u00edculo"},"content":{"rendered":"\n<p>Un ladr\u00f3n fue detenido la noche del mi\u00e9rcoles luego de asaltar a una joven y robarle su auto en&nbsp;<strong>Luj\u00e1n de Cuyo<\/strong>.<strong>&nbsp;<\/strong>Al sospechoso lo rastrearon a trav\u00e9s de un celular de la v\u00edctima que qued\u00f3 dentro del veh\u00edculo.<\/p>\n\n\n\n<p>Todo comenz\u00f3 a las 23.25 cuando la muchacha, de 27 a\u00f1os, lleg\u00f3 a bordo de su Pe<strong>ugeot 308<\/strong>\u00a0gris a la casa de su ex pareja, en calle Juan Jos\u00e9 Paso al 1600.<\/p>\n\n\n\n<p>Mientras esperaba afuera del rodado,&nbsp;<mark>fue sorprendida por cinco sujetos, uno de los cuales le apunt\u00f3 con un arma de fuego y mediante amenazas le sustrajo junto a sus c\u00f3mplices el auto<\/mark>.<\/p>\n\n\n\n<p>Los malvivientes se dieron a la fuga a toda velocidad, pero la v\u00edctima record\u00f3 que hab\u00eda dejado un celular en el interior del veh\u00edculo.<\/p>\n\n\n\n<p>Por eso, cuando llam\u00f3 a la l\u00ednea de emergencias 911 para alertar sobre el il\u00edcito,\u00a0<mark>aport\u00f3 que conoc\u00eda el trayecto que estaba realizando el rodado, ya que lo estaba siguiendo por el\u00a0<strong>GPS<\/strong>\u00a0del aparato<\/mark>.<\/p>\n\n\n\n<p>En comunicaci\u00f3n con la denunciante, personal de la&nbsp;<strong>Unidad Especial de Patrullaje Godoy Cruz&nbsp;<\/strong>(<strong>UEP<\/strong>) pudo localizar el auto sustra\u00eddo en calles Asia y Carlos Gardel de ese departamento, en estado de abandono.<\/p>\n\n\n\n<p>Justo en ese instante, del techo de una vivienda descendi\u00f3 uno de los presuntos autores del asalto, identificado como&nbsp;<strong>Ismael Lautaro Quipoldor&nbsp;<\/strong>(18), quien fue aprehendido<\/p>\n\n\n\n<p>Al requisarlo,&nbsp;<mark>se le encontraron las llaves del Peugeot en su poder<\/mark>, por lo que fue trasladado a una dependencia y qued\u00f3 a disposici\u00f3n de la Justicia.<\/p>\n","protected":false},"excerpt":{"rendered":"<p>Un ladr\u00f3n fue detenido la noche del mi\u00e9rcoles luego de asaltar a una joven y robarle su auto en&nbsp;Luj\u00e1n de Cuyo.&nbsp;Al sospechoso lo rastrearon a trav\u00e9s de un celular de la v\u00edctima que qued\u00f3 dentro del veh\u00edculo. Todo comenz\u00f3 a las 23.25 cuando la muchacha, de 27 a\u00f1os, lleg\u00f3 a bordo de su Peugeot 308\u00a0gris<a class=\"read-more\" href=\"https:\/\/elfederalmendoza.com.ar\/index.php\/2023\/04\/14\/robo-un-auto-en-lujan-de-cuyo-pero-lo-atraparon-por-el-gps-del-celular-de-la-duena-del-vehiculo\/\"> [&hellip;]<\/a><\/p>\n","protected":false},"author":2,"featured_media":21952,"comment_status":"open","ping_status":"open","sticky":false,"template":"","format":"standard","meta":{"footnotes":""},"categories":[1],"tags":[],"class_list":["post-21951","post","type-post","status-publish","format-standard","has-post-thumbnail","hentry","category-mza"],"rttpg_featured_image_url":{"full":["https:\/\/elfederalmendoza.com.ar\/wp-content\/uploads\/2023\/04\/multimedia.normal.bfb5a14d6bdf7f5d.31363533353639343231323335313631383837363334323939343430346662315f6e6f726d616c2e77656270.webp",1024,768,false],"landscape":["https:\/\/elfederalmendoza.com.ar\/wp-content\/uploads\/2023\/04\/multimedia.normal.bfb5a14d6bdf7f5d.31363533353639343231323335313631383837363334323939343430346662315f6e6f726d616c2e77656270.webp",1024,768,false],"portraits":["https:\/\/elfederalmendoza.com.ar\/wp-content\/uploads\/2023\/04\/multimedia.normal.bfb5a14d6bdf7f5d.31363533353639343231323335313631383837363334323939343430346662315f6e6f726d616c2e77656270.webp",1024,768,false],"thumbnail":["https:\/\/elfederalmendoza.com.ar\/wp-content\/uploads\/2023\/04\/multimedia.normal.bfb5a14d6bdf7f5d.31363533353639343231323335313631383837363334323939343430346662315f6e6f726d616c2e77656270-150x150.webp",150,150,true],"medium":["https:\/\/elfederalmendoza.com.ar\/wp-content\/uploads\/2023\/04\/multimedia.normal.bfb5a14d6bdf7f5d.31363533353639343231323335313631383837363334323939343430346662315f6e6f726d616c2e77656270-300x225.webp",300,225,true],"large":["https:\/\/elfederalmendoza.com.ar\/wp-content\/uploads\/2023\/04\/multimedia.normal.bfb5a14d6bdf7f5d.31363533353639343231323335313631383837363334323939343430346662315f6e6f726d616c2e77656270.webp",640,480,false],"1536x1536":["https:\/\/elfederalmendoza.com.ar\/wp-content\/uploads\/2023\/04\/multimedia.normal.bfb5a14d6bdf7f5d.31363533353639343231323335313631383837363334323939343430346662315f6e6f726d616c2e77656270.webp",1024,768,false],"2048x2048":["https:\/\/elfederalmendoza.com.ar\/wp-content\/uploads\/2023\/04\/multimedia.normal.bfb5a14d6bdf7f5d.31363533353639343231323335313631383837363334323939343430346662315f6e6f726d616c2e77656270.webp",1024,768,false],"ultp_layout_landscape_large":["https:\/\/elfederalmendoza.com.ar\/wp-content\/uploads\/2023\/04\/multimedia.normal.bfb5a14d6bdf7f5d.31363533353639343231323335313631383837363334323939343430346662315f6e6f726d616c2e77656270.webp",1024,768,false],"ultp_layout_landscape":["https:\/\/elfederalmendoza.com.ar\/wp-content\/uploads\/2023\/04\/multimedia.normal.bfb5a14d6bdf7f5d.31363533353639343231323335313631383837363334323939343430346662315f6e6f726d616c2e77656270-870x570.webp",870,570,true],"ultp_layout_portrait":["https:\/\/elfederalmendoza.com.ar\/wp-content\/uploads\/2023\/04\/multimedia.normal.bfb5a14d6bdf7f5d.31363533353639343231323335313631383837363334323939343430346662315f6e6f726d616c2e77656270-600x768.webp",600,768,true],"ultp_layout_square":["https:\/\/elfederalmendoza.com.ar\/wp-content\/uploads\/2023\/04\/multimedia.normal.bfb5a14d6bdf7f5d.31363533353639343231323335313631383837363334323939343430346662315f6e6f726d616c2e77656270-600x600.webp",600,600,true],"rpwe-thumbnail":["https:\/\/elfederalmendoza.com.ar\/wp-content\/uploads\/2023\/04\/multimedia.normal.bfb5a14d6bdf7f5d.31363533353639343231323335313631383837363334323939343430346662315f6e6f726d616c2e77656270-45x45.webp",45,45,true],"advps-thumb-one":["https:\/\/elfederalmendoza.com.ar\/wp-content\/uploads\/2023\/04\/multimedia.normal.bfb5a14d6bdf7f5d.31363533353639343231323335313631383837363334323939343430346662315f6e6f726d616c2e77656270-1024x420.webp",1024,420,true]},"rttpg_author":{"display_name":"Redacci\u00f3n El Federal","author_link":"https:\/\/elfederalmendoza.com.ar\/index.php\/author\/angelflores\/"},"rttpg_comment":0,"rttpg_category":"<a href=\"https:\/\/elfederalmendoza.com.ar\/index.php\/category\/mza\/\" rel=\"category tag\">Mendoza<\/a>","rttpg_excerpt":"Un ladr\u00f3n fue detenido la noche del mi\u00e9rcoles luego de asaltar a una joven y robarle su auto en&nbsp;Luj\u00e1n de Cuyo.&nbsp;Al sospechoso lo rastrearon a trav\u00e9s de un celular de la v\u00edctima que qued\u00f3 dentro del veh\u00edculo. Todo comenz\u00f3 a las 23.25 cuando la muchacha, de 27 a\u00f1os, lleg\u00f3 a bordo de su Peugeot 308\u00a0gris&hellip;","_links":{"self":[{"href":"https:\/\/elfederalmendoza.com.ar\/index.php\/wp-json\/wp\/v2\/posts\/21951","targetHints":{"allow":["GET"]}}],"collection":[{"href":"https:\/\/elfederalmendoza.com.ar\/index.php\/wp-json\/wp\/v2\/posts"}],"about":[{"href":"https:\/\/elfederalmendoza.com.ar\/index.php\/wp-json\/wp\/v2\/types\/post"}],"author":[{"embeddable":true,"href":"https:\/\/elfederalmendoza.com.ar\/index.php\/wp-json\/wp\/v2\/users\/2"}],"replies":[{"embeddable":true,"href":"https:\/\/elfederalmendoza.com.ar\/index.php\/wp-json\/wp\/v2\/comments?post=21951"}],"version-history":[{"count":1,"href":"https:\/\/elfederalmendoza.com.ar\/index.php\/wp-json\/wp\/v2\/posts\/21951\/revisions"}],"predecessor-version":[{"id":21953,"href":"https:\/\/elfederalmendoza.com.ar\/index.php\/wp-json\/wp\/v2\/posts\/21951\/revisions\/21953"}],"wp:featuredmedia":[{"embeddable":true,"href":"https:\/\/elfederalmendoza.com.ar\/index.php\/wp-json\/wp\/v2\/media\/21952"}],"wp:attachment":[{"href":"https:\/\/elfederalmendoza.com.ar\/index.php\/wp-json\/wp\/v2\/media?parent=21951"}],"wp:term":[{"taxonomy":"category","embeddable":true,"href":"https:\/\/elfederalmendoza.com.ar\/index.php\/wp-json\/wp\/v2\/categories?post=21951"},{"taxonomy":"post_tag","embeddable":true,"href":"https:\/\/elfederalmendoza.com.ar\/index.php\/wp-json\/wp\/v2\/tags?post=21951"}],"curies":[{"name":"wp","href":"https:\/\/api.w.org\/{rel}","templated":true}]}}