{"id":21958,"date":"2023-04-14T09:32:20","date_gmt":"2023-04-14T12:32:20","guid":{"rendered":"https:\/\/elfederalmendoza.com\/?p=21958"},"modified":"2023-04-14T09:32:24","modified_gmt":"2023-04-14T12:32:24","slug":"cayo-la-banda-que-roba-ruedas-en-la-ciudad-de-mendoza-4-detenidos","status":"publish","type":"post","link":"https:\/\/elfederalmendoza.com.ar\/index.php\/2023\/04\/14\/cayo-la-banda-que-roba-ruedas-en-la-ciudad-de-mendoza-4-detenidos\/","title":{"rendered":"Cay\u00f3 la banda que roba ruedas en la Ciudad de Mendoza: 4 detenidos"},"content":{"rendered":"\n<p>El hecho se produjo en Rufino Ortega y Olascoaga, cuando los individuos estaban a punto de sustraer un neum\u00e1tico de una camioneta. Agentes los detuvieron \u00abcon las manos en la masa\u00bb.<\/p>\n\n\n\n<p>En la noche del martes,\u00a0<strong>personal de preventores junto a agentes de la polic\u00eda detuvieron a cuatro personas que estaban robando ruedas<\/strong>\u00a0en la Quinta Secci\u00f3n.<\/p>\n\n\n\n<p>El hecho ocurri\u00f3 sobre Rufino Ortega y Olascoaga, cuando desde el Centro de Visualizaci\u00f3n de la\u00a0Ciudad de Mendoza\u00a0observaron por una de las c\u00e1maras\u00a0<strong>dos autos en actitud sospechosa<\/strong>. Los mismos estaban estacionados detr\u00e1s de una camioneta, a la que le estaban sustrayendo la rueda de auxilio.<\/p>\n\n\n\n<figure class=\"wp-block-image size-full is-resized\"><img loading=\"lazy\" decoding=\"async\" src=\"https:\/\/elfederalmendoza.com\/wp-content\/uploads\/2023\/04\/ROBA-RUEDAS1.jpg\" alt=\"\" class=\"wp-image-21960\" width=\"951\" height=\"511\" srcset=\"https:\/\/elfederalmendoza.com.ar\/wp-content\/uploads\/2023\/04\/ROBA-RUEDAS1.jpg 913w, https:\/\/elfederalmendoza.com.ar\/wp-content\/uploads\/2023\/04\/ROBA-RUEDAS1-300x161.jpg 300w, https:\/\/elfederalmendoza.com.ar\/wp-content\/uploads\/2023\/04\/ROBA-RUEDAS1-768x413.jpg 768w\" sizes=\"auto, (max-width: 951px) 100vw, 951px\" \/><figcaption class=\"wp-element-caption\">Momento de cuando estaban por robar la rueda a una camioneta<\/figcaption><\/figure>\n\n\n\n<p>Inmediatamente lleg\u00f3 al lugar un m\u00f3vil de preventores junto a otro perteneciente a la polic\u00eda provincial y\u00a0<strong>detuvieron a dos de los individuos<\/strong>, que fueron trasladados a la Comisar\u00eda Quinta.<\/p>\n\n\n\n<p>Adem\u00e1s,\u00a0<strong>se aprehendi\u00f3 a dos personas m\u00e1s que estaban en el otro auto, sirviendo de apoyo<\/strong>. Estos individuos fueron llevados por averiguaci\u00f3n de antecedentes.<\/p>\n\n\n\n<p>Asimismo,<strong>\u00a0los dos veh\u00edculos en los que se movilizaban, un VW Gol y un VW Bora, fueron secuestrados y transportados a la playa de Tr\u00e1nsito<\/strong>.\u00a0<\/p>\n","protected":false},"excerpt":{"rendered":"<p>El hecho se produjo en Rufino Ortega y Olascoaga, cuando los individuos estaban a punto de sustraer un neum\u00e1tico de una camioneta. Agentes los detuvieron \u00abcon las manos en la masa\u00bb. En la noche del martes,\u00a0personal de preventores junto a agentes de la polic\u00eda detuvieron a cuatro personas que estaban robando ruedas\u00a0en la Quinta Secci\u00f3n.<a class=\"read-more\" href=\"https:\/\/elfederalmendoza.com.ar\/index.php\/2023\/04\/14\/cayo-la-banda-que-roba-ruedas-en-la-ciudad-de-mendoza-4-detenidos\/\"> [&hellip;]<\/a><\/p>\n","protected":false},"author":2,"featured_media":21959,"comment_status":"open","ping_status":"open","sticky":false,"template":"","format":"standard","meta":{"footnotes":""},"categories":[1],"tags":[],"class_list":["post-21958","post","type-post","status-publish","format-standard","has-post-thumbnail","hentry","category-mza"],"rttpg_featured_image_url":{"full":["https:\/\/elfederalmendoza.com.ar\/wp-content\/uploads\/2023\/04\/ROBA-RUEDAS.jpg",1192,632,false],"landscape":["https:\/\/elfederalmendoza.com.ar\/wp-content\/uploads\/2023\/04\/ROBA-RUEDAS.jpg",1192,632,false],"portraits":["https:\/\/elfederalmendoza.com.ar\/wp-content\/uploads\/2023\/04\/ROBA-RUEDAS.jpg",1192,632,false],"thumbnail":["https:\/\/elfederalmendoza.com.ar\/wp-content\/uploads\/2023\/04\/ROBA-RUEDAS-150x150.jpg",150,150,true],"medium":["https:\/\/elfederalmendoza.com.ar\/wp-content\/uploads\/2023\/04\/ROBA-RUEDAS-300x159.jpg",300,159,true],"large":["https:\/\/elfederalmendoza.com.ar\/wp-content\/uploads\/2023\/04\/ROBA-RUEDAS-1024x543.jpg",640,339,true],"1536x1536":["https:\/\/elfederalmendoza.com.ar\/wp-content\/uploads\/2023\/04\/ROBA-RUEDAS.jpg",1192,632,false],"2048x2048":["https:\/\/elfederalmendoza.com.ar\/wp-content\/uploads\/2023\/04\/ROBA-RUEDAS.jpg",1192,632,false],"ultp_layout_landscape_large":["https:\/\/elfederalmendoza.com.ar\/wp-content\/uploads\/2023\/04\/ROBA-RUEDAS.jpg",1192,632,false],"ultp_layout_landscape":["https:\/\/elfederalmendoza.com.ar\/wp-content\/uploads\/2023\/04\/ROBA-RUEDAS-870x570.jpg",870,570,true],"ultp_layout_portrait":["https:\/\/elfederalmendoza.com.ar\/wp-content\/uploads\/2023\/04\/ROBA-RUEDAS-600x632.jpg",600,632,true],"ultp_layout_square":["https:\/\/elfederalmendoza.com.ar\/wp-content\/uploads\/2023\/04\/ROBA-RUEDAS-600x600.jpg",600,600,true],"rpwe-thumbnail":["https:\/\/elfederalmendoza.com.ar\/wp-content\/uploads\/2023\/04\/ROBA-RUEDAS-45x45.jpg",45,45,true],"advps-thumb-one":["https:\/\/elfederalmendoza.com.ar\/wp-content\/uploads\/2023\/04\/ROBA-RUEDAS-1192x420.jpg",1192,420,true]},"rttpg_author":{"display_name":"Redacci\u00f3n El Federal","author_link":"https:\/\/elfederalmendoza.com.ar\/index.php\/author\/angelflores\/"},"rttpg_comment":0,"rttpg_category":"<a href=\"https:\/\/elfederalmendoza.com.ar\/index.php\/category\/mza\/\" rel=\"category tag\">Mendoza<\/a>","rttpg_excerpt":"El hecho se produjo en Rufino Ortega y Olascoaga, cuando los individuos estaban a punto de sustraer un neum\u00e1tico de una camioneta. Agentes los detuvieron \u00abcon las manos en la masa\u00bb. En la noche del martes,\u00a0personal de preventores junto a agentes de la polic\u00eda detuvieron a cuatro personas que estaban robando ruedas\u00a0en la Quinta Secci\u00f3n.&hellip;","_links":{"self":[{"href":"https:\/\/elfederalmendoza.com.ar\/index.php\/wp-json\/wp\/v2\/posts\/21958","targetHints":{"allow":["GET"]}}],"collection":[{"href":"https:\/\/elfederalmendoza.com.ar\/index.php\/wp-json\/wp\/v2\/posts"}],"about":[{"href":"https:\/\/elfederalmendoza.com.ar\/index.php\/wp-json\/wp\/v2\/types\/post"}],"author":[{"embeddable":true,"href":"https:\/\/elfederalmendoza.com.ar\/index.php\/wp-json\/wp\/v2\/users\/2"}],"replies":[{"embeddable":true,"href":"https:\/\/elfederalmendoza.com.ar\/index.php\/wp-json\/wp\/v2\/comments?post=21958"}],"version-history":[{"count":1,"href":"https:\/\/elfederalmendoza.com.ar\/index.php\/wp-json\/wp\/v2\/posts\/21958\/revisions"}],"predecessor-version":[{"id":21961,"href":"https:\/\/elfederalmendoza.com.ar\/index.php\/wp-json\/wp\/v2\/posts\/21958\/revisions\/21961"}],"wp:featuredmedia":[{"embeddable":true,"href":"https:\/\/elfederalmendoza.com.ar\/index.php\/wp-json\/wp\/v2\/media\/21959"}],"wp:attachment":[{"href":"https:\/\/elfederalmendoza.com.ar\/index.php\/wp-json\/wp\/v2\/media?parent=21958"}],"wp:term":[{"taxonomy":"category","embeddable":true,"href":"https:\/\/elfederalmendoza.com.ar\/index.php\/wp-json\/wp\/v2\/categories?post=21958"},{"taxonomy":"post_tag","embeddable":true,"href":"https:\/\/elfederalmendoza.com.ar\/index.php\/wp-json\/wp\/v2\/tags?post=21958"}],"curies":[{"name":"wp","href":"https:\/\/api.w.org\/{rel}","templated":true}]}}