{"id":21962,"date":"2023-04-14T01:56:00","date_gmt":"2023-04-14T04:56:00","guid":{"rendered":"https:\/\/elfederalmendoza.com\/?p=21962"},"modified":"2023-04-14T09:58:10","modified_gmt":"2023-04-14T12:58:10","slug":"un-preso-filtro-un-video-de-los-rugbiers-cortando-el-pasto-en-la-carcel-ahi-los-tenes-a-los-giles-los-asesinos","status":"publish","type":"post","link":"https:\/\/elfederalmendoza.com.ar\/index.php\/2023\/04\/14\/un-preso-filtro-un-video-de-los-rugbiers-cortando-el-pasto-en-la-carcel-ahi-los-tenes-a-los-giles-los-asesinos\/","title":{"rendered":"Un preso filtr\u00f3 un video de los rugbiers cortando el pasto en la c\u00e1rcel: \u201cAh\u00ed los ten\u00e9s a los giles, los asesinos\u201d"},"content":{"rendered":"\n<p>Desde que est\u00e1n presos, fueron pocas las im\u00e1genes que se filtraron de los ocho rugbiers condenados en primera instancia el pasado 6 de febrero por el asesinato de Fernando B\u00e1ez Sosa. Tanto su entorno como el Servicio Penintenciario Bonaerense (SPB) se encargaron durante este tiempo de resguardar la imagen de los j\u00f3venes detenidos.<\/p>\n\n\n\n<p>Sin embargo,<strong>&nbsp;en las \u00faltimas horas, se filtr\u00f3 un video en el que se distingue a dos de ellos, en la parte externa de la Alcaid\u00eda N\u00b03 de Melchor Romero, realizando tareas de mantenimiento<\/strong>. TN consult\u00f3 al Servicio Penitenciario y a allegados a los detenidos. Ambas partes no confirmaron ni desmintieron la veracidad de las im\u00e1genes.<\/p>\n\n\n\n<p><strong>\u201cAs\u00ed andan los rugbiers ac\u00e1 en Melchor, a las chapas los giles\u201d,<\/strong>&nbsp;dice, detr\u00e1s del tel\u00e9fono celular, el hombre -presumiblemente un preso- que grab\u00f3 el video.<\/p>\n\n\n\n<p>Las im\u00e1genes fueron tomadas detr\u00e1s de las rejas que separan a los j\u00f3venes de Z\u00e1rate del resto de la poblaci\u00f3n carcelaria.<strong>&nbsp;Los rugbiers que se ven en el video ser\u00edan Luciano Pertossi y M\u00e1ximo Thomsen.<\/strong><\/p>\n\n\n\n<p><strong>\u201cThomson (sic), c\u00f3mo cort\u00e1s el pasto, eh. A las chapas. Ah\u00ed los ten\u00e9s a los giles, los asesinos. Thomson, c\u00f3mo cort\u00e1s el pasto, eh\u201d<\/strong>, grit\u00f3 uno de los presos.<\/p>\n\n\n\n<p>En el video, que dura poco m\u00e1s de 30 segundos, se ve que los j\u00f3venes no detuvieron su labor ni se inmutaron ante la presencia de los otros detenidos.<\/p>\n\n\n\n<figure class=\"wp-block-embed is-type-video is-provider-youtube wp-block-embed-youtube wp-embed-aspect-16-9 wp-has-aspect-ratio\"><div class=\"wp-block-embed__wrapper\">\n<iframe loading=\"lazy\" title=\"Presos de Melchor Romero filmaron a los rugbiers cortando el pasto en la c\u00e1rcel\" width=\"640\" height=\"360\" src=\"https:\/\/www.youtube.com\/embed\/i4HlmqNA1as?feature=oembed\" frameborder=\"0\" allow=\"accelerometer; autoplay; clipboard-write; encrypted-media; gyroscope; picture-in-picture; web-share\" referrerpolicy=\"strict-origin-when-cross-origin\" allowfullscreen><\/iframe>\n<\/div><\/figure>\n\n\n\n<p><strong>Por qu\u00e9 los rugbiers no fueron trasladados a otro penal<\/strong>El 6 de abril se cumplieron dos meses de la sentencia en primera instancia que conden\u00f3 a los ocho rugbiers por el asesinato de Fernando B\u00e1ez Sosa.<\/p>\n\n\n\n<p>Durante estos 60 d\u00edas, la situaci\u00f3n de los detenidos no cambi\u00f3. Si bien se especul\u00f3 con un posible traslado a otro penal de la Provincia de Buenos Aires, la realidad es que permanecen alojados en las mismas celdas y bajo las mismas reglas que se establecieron desde un principio.<\/p>\n\n\n\n<p>Los implicados en el crimen de B\u00e1ez Sosa, cometido durante la madrugada del 18 de enero de 2020 en Villa Gesell, siguen apartados de la poblaci\u00f3n carcelaria y con una din\u00e1mica que no se alter\u00f3: pocas horas de patio y encierros en celdas de a dos.<\/p>\n\n\n\n<p>La principal raz\u00f3n para afirmar que permanecer\u00e1n en Melchor Romero por ahora tiene que ver con la seguridad de los j\u00f3venes. Los ocho, a pesar de las diferencias o discusiones que puedan tener, se aferran a mantenerse juntos mientras permanezcan detenidos.<\/p>\n\n\n\n<p><strong>\u201cPocos est\u00e1n dispuestos a pagar el costo de un traslado, mucho m\u00e1s en un a\u00f1o electoral. Si son separados quedar\u00e1n expuestos en otra c\u00e1rcel, podr\u00edan ser atacados. Son los presos m\u00e1s conocidos de la Argentina\u201d,&nbsp;<\/strong>complet\u00f3 una fuente judicial.&nbsp;<\/p>\n","protected":false},"excerpt":{"rendered":"<p>Desde que est\u00e1n presos, fueron pocas las im\u00e1genes que se filtraron de los ocho rugbiers condenados en primera instancia el pasado 6 de febrero por el asesinato de Fernando B\u00e1ez Sosa. Tanto su entorno como el Servicio Penintenciario Bonaerense (SPB) se encargaron durante este tiempo de resguardar la imagen de los j\u00f3venes detenidos. Sin embargo,&nbsp;en<a class=\"read-more\" href=\"https:\/\/elfederalmendoza.com.ar\/index.php\/2023\/04\/14\/un-preso-filtro-un-video-de-los-rugbiers-cortando-el-pasto-en-la-carcel-ahi-los-tenes-a-los-giles-los-asesinos\/\"> [&hellip;]<\/a><\/p>\n","protected":false},"author":2,"featured_media":21964,"comment_status":"open","ping_status":"open","sticky":false,"template":"","format":"standard","meta":{"footnotes":""},"categories":[5618],"tags":[],"class_list":["post-21962","post","type-post","status-publish","format-standard","has-post-thumbnail","hentry","category-arg"],"rttpg_featured_image_url":{"full":["https:\/\/elfederalmendoza.com.ar\/wp-content\/uploads\/2023\/04\/rugbiers-caso-baez-sosajpg.webp",1212,678,false],"landscape":["https:\/\/elfederalmendoza.com.ar\/wp-content\/uploads\/2023\/04\/rugbiers-caso-baez-sosajpg.webp",1212,678,false],"portraits":["https:\/\/elfederalmendoza.com.ar\/wp-content\/uploads\/2023\/04\/rugbiers-caso-baez-sosajpg.webp",1212,678,false],"thumbnail":["https:\/\/elfederalmendoza.com.ar\/wp-content\/uploads\/2023\/04\/rugbiers-caso-baez-sosajpg-150x150.webp",150,150,true],"medium":["https:\/\/elfederalmendoza.com.ar\/wp-content\/uploads\/2023\/04\/rugbiers-caso-baez-sosajpg-300x168.webp",300,168,true],"large":["https:\/\/elfederalmendoza.com.ar\/wp-content\/uploads\/2023\/04\/rugbiers-caso-baez-sosajpg-1024x573.webp",640,358,true],"1536x1536":["https:\/\/elfederalmendoza.com.ar\/wp-content\/uploads\/2023\/04\/rugbiers-caso-baez-sosajpg.webp",1212,678,false],"2048x2048":["https:\/\/elfederalmendoza.com.ar\/wp-content\/uploads\/2023\/04\/rugbiers-caso-baez-sosajpg.webp",1212,678,false],"ultp_layout_landscape_large":["https:\/\/elfederalmendoza.com.ar\/wp-content\/uploads\/2023\/04\/rugbiers-caso-baez-sosajpg-1200x678.webp",1200,678,true],"ultp_layout_landscape":["https:\/\/elfederalmendoza.com.ar\/wp-content\/uploads\/2023\/04\/rugbiers-caso-baez-sosajpg-870x570.webp",870,570,true],"ultp_layout_portrait":["https:\/\/elfederalmendoza.com.ar\/wp-content\/uploads\/2023\/04\/rugbiers-caso-baez-sosajpg-600x678.webp",600,678,true],"ultp_layout_square":["https:\/\/elfederalmendoza.com.ar\/wp-content\/uploads\/2023\/04\/rugbiers-caso-baez-sosajpg-600x600.webp",600,600,true],"rpwe-thumbnail":["https:\/\/elfederalmendoza.com.ar\/wp-content\/uploads\/2023\/04\/rugbiers-caso-baez-sosajpg-45x45.webp",45,45,true],"advps-thumb-one":["https:\/\/elfederalmendoza.com.ar\/wp-content\/uploads\/2023\/04\/rugbiers-caso-baez-sosajpg-1200x420.webp",1200,420,true]},"rttpg_author":{"display_name":"Redacci\u00f3n El Federal","author_link":"https:\/\/elfederalmendoza.com.ar\/index.php\/author\/angelflores\/"},"rttpg_comment":0,"rttpg_category":"<a href=\"https:\/\/elfederalmendoza.com.ar\/index.php\/category\/arg\/\" rel=\"category tag\">Argentina<\/a>","rttpg_excerpt":"Desde que est\u00e1n presos, fueron pocas las im\u00e1genes que se filtraron de los ocho rugbiers condenados en primera instancia el pasado 6 de febrero por el asesinato de Fernando B\u00e1ez Sosa. Tanto su entorno como el Servicio Penintenciario Bonaerense (SPB) se encargaron durante este tiempo de resguardar la imagen de los j\u00f3venes detenidos. Sin embargo,&nbsp;en&hellip;","_links":{"self":[{"href":"https:\/\/elfederalmendoza.com.ar\/index.php\/wp-json\/wp\/v2\/posts\/21962","targetHints":{"allow":["GET"]}}],"collection":[{"href":"https:\/\/elfederalmendoza.com.ar\/index.php\/wp-json\/wp\/v2\/posts"}],"about":[{"href":"https:\/\/elfederalmendoza.com.ar\/index.php\/wp-json\/wp\/v2\/types\/post"}],"author":[{"embeddable":true,"href":"https:\/\/elfederalmendoza.com.ar\/index.php\/wp-json\/wp\/v2\/users\/2"}],"replies":[{"embeddable":true,"href":"https:\/\/elfederalmendoza.com.ar\/index.php\/wp-json\/wp\/v2\/comments?post=21962"}],"version-history":[{"count":1,"href":"https:\/\/elfederalmendoza.com.ar\/index.php\/wp-json\/wp\/v2\/posts\/21962\/revisions"}],"predecessor-version":[{"id":21963,"href":"https:\/\/elfederalmendoza.com.ar\/index.php\/wp-json\/wp\/v2\/posts\/21962\/revisions\/21963"}],"wp:featuredmedia":[{"embeddable":true,"href":"https:\/\/elfederalmendoza.com.ar\/index.php\/wp-json\/wp\/v2\/media\/21964"}],"wp:attachment":[{"href":"https:\/\/elfederalmendoza.com.ar\/index.php\/wp-json\/wp\/v2\/media?parent=21962"}],"wp:term":[{"taxonomy":"category","embeddable":true,"href":"https:\/\/elfederalmendoza.com.ar\/index.php\/wp-json\/wp\/v2\/categories?post=21962"},{"taxonomy":"post_tag","embeddable":true,"href":"https:\/\/elfederalmendoza.com.ar\/index.php\/wp-json\/wp\/v2\/tags?post=21962"}],"curies":[{"name":"wp","href":"https:\/\/api.w.org\/{rel}","templated":true}]}}