{"id":21965,"date":"2023-04-14T01:10:00","date_gmt":"2023-04-14T04:10:00","guid":{"rendered":"https:\/\/elfederalmendoza.com\/?p=21965"},"modified":"2023-04-14T10:12:52","modified_gmt":"2023-04-14T13:12:52","slug":"video-viral-no-pudo-comprar-su-campera-de-egresada-y-cuando-volvio-del-recreo-sus-companeros-la-sorprendieron","status":"publish","type":"post","link":"https:\/\/elfederalmendoza.com.ar\/index.php\/2023\/04\/14\/video-viral-no-pudo-comprar-su-campera-de-egresada-y-cuando-volvio-del-recreo-sus-companeros-la-sorprendieron\/","title":{"rendered":"Video viral: no pudo comprar su campera de egresada y cuando volvi\u00f3 del recreo sus compa\u00f1eros la sorprendieron"},"content":{"rendered":"\n<p><strong>Alumnos de sexto a\u00f1o del Colegio IPEM 272 Domingo Faustino Sarmiento, ubicado en la ciudad de Jes\u00fas Mar\u00eda,&nbsp;C\u00f3rdoba,&nbsp;le dieron una conmovedora sorpresa a una compa\u00f1era y recibieron cientos de reacciones positivas en las redes sociales.<\/strong><\/p>\n\n\n\n<p><strong>La historia se viraliz\u00f3 y Mar\u00eda Luz, protagonista del hecho, dio detalles del acto solidario. \u201cMe hizo explotar el coraz\u00f3n\u201d, sostuvo.<\/strong><\/p>\n\n\n\n<p>Son habituales las noticias de bullying y agresividad escolar que surgen en diversas escuelas del pa\u00eds: desde j\u00f3venes que se golpean en medio de la clase, hasta maestras con estrategias pedag\u00f3gicas que incitan a comportamientos err\u00e1ticos.<\/p>\n\n\n\n<p>Sin embargo, a pesar de estas desfavorables situaciones, en esta oportunidad el escenario tom\u00f3 otro rumbo.<\/p>\n\n\n\n<p><strong>El 11 de abril, una joven recibi\u00f3 la campera de egresados, parte de la vestimenta caracter\u00edstica del \u00faltimo a\u00f1o que se realiza en todas las escuelas de la Argentina, y rompi\u00f3 en llanto al saber que todo se trataba de un regalo por parte de sus compa\u00f1eros.<\/strong><\/p>\n\n\n\n<p>El instante qued\u00f3 capturado a trav\u00e9s de un video que trascendi\u00f3 en Twitter, donde se ve el momento en el que ingresa al aula ante la mirada atenta de los presentes.<\/p>\n\n\n\n<p>\u201cCada vez que lo veo se me cae una l\u00e1grima nueva. Qu\u00e9 lindo sentir este amor y este compa\u00f1erismo. Me llevo este momento \u00fanico para el resto de mi vida y bien guardado en mi coraz\u00f3n. Quiero agradecerles por brindarme tanto, por hacerme feliz y sobre todo por ese coraz\u00f3n enorme\u201d, escribi\u00f3 la adolescente en la publicaci\u00f3n donde mostr\u00f3 la reacci\u00f3n que tuvo, sumamente emocionada y agradecida por lo que hicieron por ella.<\/p>\n\n\n\n<figure class=\"wp-block-embed is-type-video is-provider-youtube wp-block-embed-youtube wp-embed-aspect-16-9 wp-has-aspect-ratio\"><div class=\"wp-block-embed__wrapper\">\n<iframe loading=\"lazy\" title=\"No pudo comprar la campera de fin de curso y sus compa\u00f1eros se la regalaron\" width=\"640\" height=\"360\" src=\"https:\/\/www.youtube.com\/embed\/N5gMdLR1Jhw?feature=oembed\" frameborder=\"0\" allow=\"accelerometer; autoplay; clipboard-write; encrypted-media; gyroscope; picture-in-picture; web-share\" referrerpolicy=\"strict-origin-when-cross-origin\" allowfullscreen><\/iframe>\n<\/div><\/figure>\n\n\n\n<p>En di\u00e1logo con este La Naci\u00f3n, revel\u00f3 las emociones que vivi\u00f3 en aquel instante.<\/p>\n\n\n\n<p>\u201cNo me lo imaginaba y no esperaba algo as\u00ed. Tenemos una relaci\u00f3n muy linda con mis compa\u00f1eros, aparte de estar unidos, buscamos que estemos bien con todos\u201d, introdujo.<\/p>\n\n\n\n<p>Si bien mantiene un estrecho v\u00ednculo con cada uno de ellos, nunca imagin\u00f3 lo que le ten\u00edan preparado y que se hayan esforzado para que pueda lucir la campera, ya que no pod\u00eda costearla por sus propios medios: \u201cNos queremos mucho. Fue un momento lleno de emociones, alegr\u00eda, angustia, felicidad, y llanto\u201d.<\/p>\n\n\n\n<p>Por otro lado, hizo referencia al momento en el que ingres\u00f3 al aula despu\u00e9s del recreo y vio que todos estaban expectantes por su reacci\u00f3n.<\/p>\n\n\n\n<p>\u201cVerlos reunidos, ver las miradas encima fue una cosa que hizo explotar mi coraz\u00f3n. Me sent\u00ed muy querida, me sent\u00ed muy bien. La verdad que no se me pas\u00f3 nada por la cabeza, qued\u00e9 helada por este acto tan lindo que hicieron y se merecen un mont\u00f3n, son buenos chicos con un coraz\u00f3n enorme\u201d.<\/p>\n\n\n\n<p>Luego del suceso, abraz\u00f3 a sus amigos y tuvieron la popular presentaci\u00f3n de camperas que hacen los egresados. \u201cFue un \u00e9xito, ponen siempre su empe\u00f1o\u201d, asegur\u00f3.<\/p>\n\n\n\n<p>Calmada -pero tambi\u00e9n con el coraz\u00f3n explotado de felicidad- dio una reflexi\u00f3n para todos aquellos que, como ella, transmiten buenas energ\u00edas hacia las personas con las que se relacionan.<\/p>\n\n\n\n<p>\u201cTodav\u00eda hay gente con buen coraz\u00f3n, a pesar de que somos chicos, siempre est\u00e1 el querer bien al otro. Tendr\u00eda que haber m\u00e1s gente con ese compa\u00f1erismo y amor hacia el otro. Estoy agradecida\u201d, concluy\u00f3.<\/p>\n\n\n\n<p>Hasta el momento, el clip tiene m\u00e1s de 137 mil reproducciones y m\u00e1s de 2.000 \u201cMe Gusta\u201d, con comentarios que se acumulan hasta el d\u00eda de hoy.<\/p>\n\n\n\n<p>\u201cTe lo s\u00faper merec\u00e9s Mari, te queremos much\u00edsimo\u201d, \u201cQu\u00e9 lindo es ver esas cosas\u201d, \u201dM\u00e1s que merecido, sos una hermosa persona\u201d, fueron algunos de los mensajes m\u00e1s destacados.<\/p>\n\n\n\n<p>De esta manera, se demostr\u00f3 que con un sencillo gesto solidario Mar\u00eda recibi\u00f3 una ayuda de la que nunca se va a olvidar.<\/p>\n\n\n\n<p>Gracias a su forma de ser y los v\u00ednculos que forj\u00f3, fue sorprendida gratamente y ahora seguir\u00e1 viviendo experiencias inolvidables junto a sus compa\u00f1eros.<\/p>\n","protected":false},"excerpt":{"rendered":"<p>Alumnos de sexto a\u00f1o del Colegio IPEM 272 Domingo Faustino Sarmiento, ubicado en la ciudad de Jes\u00fas Mar\u00eda,&nbsp;C\u00f3rdoba,&nbsp;le dieron una conmovedora sorpresa a una compa\u00f1era y recibieron cientos de reacciones positivas en las redes sociales. La historia se viraliz\u00f3 y Mar\u00eda Luz, protagonista del hecho, dio detalles del acto solidario. \u201cMe hizo explotar el coraz\u00f3n\u201d,<a class=\"read-more\" href=\"https:\/\/elfederalmendoza.com.ar\/index.php\/2023\/04\/14\/video-viral-no-pudo-comprar-su-campera-de-egresada-y-cuando-volvio-del-recreo-sus-companeros-la-sorprendieron\/\"> [&hellip;]<\/a><\/p>\n","protected":false},"author":2,"featured_media":21971,"comment_status":"open","ping_status":"open","sticky":false,"template":"","format":"standard","meta":{"footnotes":""},"categories":[5618],"tags":[],"class_list":["post-21965","post","type-post","status-publish","format-standard","has-post-thumbnail","hentry","category-arg"],"rttpg_featured_image_url":{"full":["https:\/\/elfederalmendoza.com.ar\/wp-content\/uploads\/2023\/04\/5472_egresada_sin_buzo.webp",720,480,false],"landscape":["https:\/\/elfederalmendoza.com.ar\/wp-content\/uploads\/2023\/04\/5472_egresada_sin_buzo.webp",720,480,false],"portraits":["https:\/\/elfederalmendoza.com.ar\/wp-content\/uploads\/2023\/04\/5472_egresada_sin_buzo.webp",720,480,false],"thumbnail":["https:\/\/elfederalmendoza.com.ar\/wp-content\/uploads\/2023\/04\/5472_egresada_sin_buzo-150x150.webp",150,150,true],"medium":["https:\/\/elfederalmendoza.com.ar\/wp-content\/uploads\/2023\/04\/5472_egresada_sin_buzo-300x200.webp",300,200,true],"large":["https:\/\/elfederalmendoza.com.ar\/wp-content\/uploads\/2023\/04\/5472_egresada_sin_buzo.webp",640,427,false],"1536x1536":["https:\/\/elfederalmendoza.com.ar\/wp-content\/uploads\/2023\/04\/5472_egresada_sin_buzo.webp",720,480,false],"2048x2048":["https:\/\/elfederalmendoza.com.ar\/wp-content\/uploads\/2023\/04\/5472_egresada_sin_buzo.webp",720,480,false],"ultp_layout_landscape_large":["https:\/\/elfederalmendoza.com.ar\/wp-content\/uploads\/2023\/04\/5472_egresada_sin_buzo.webp",720,480,false],"ultp_layout_landscape":["https:\/\/elfederalmendoza.com.ar\/wp-content\/uploads\/2023\/04\/5472_egresada_sin_buzo.webp",720,480,false],"ultp_layout_portrait":["https:\/\/elfederalmendoza.com.ar\/wp-content\/uploads\/2023\/04\/5472_egresada_sin_buzo-600x480.webp",600,480,true],"ultp_layout_square":["https:\/\/elfederalmendoza.com.ar\/wp-content\/uploads\/2023\/04\/5472_egresada_sin_buzo-600x480.webp",600,480,true],"rpwe-thumbnail":["https:\/\/elfederalmendoza.com.ar\/wp-content\/uploads\/2023\/04\/5472_egresada_sin_buzo-45x45.webp",45,45,true],"advps-thumb-one":["https:\/\/elfederalmendoza.com.ar\/wp-content\/uploads\/2023\/04\/5472_egresada_sin_buzo-720x420.webp",720,420,true]},"rttpg_author":{"display_name":"Redacci\u00f3n El Federal","author_link":"https:\/\/elfederalmendoza.com.ar\/index.php\/author\/angelflores\/"},"rttpg_comment":0,"rttpg_category":"<a href=\"https:\/\/elfederalmendoza.com.ar\/index.php\/category\/arg\/\" rel=\"category tag\">Argentina<\/a>","rttpg_excerpt":"Alumnos de sexto a\u00f1o del Colegio IPEM 272 Domingo Faustino Sarmiento, ubicado en la ciudad de Jes\u00fas Mar\u00eda,&nbsp;C\u00f3rdoba,&nbsp;le dieron una conmovedora sorpresa a una compa\u00f1era y recibieron cientos de reacciones positivas en las redes sociales. La historia se viraliz\u00f3 y Mar\u00eda Luz, protagonista del hecho, dio detalles del acto solidario. \u201cMe hizo explotar el coraz\u00f3n\u201d,&hellip;","_links":{"self":[{"href":"https:\/\/elfederalmendoza.com.ar\/index.php\/wp-json\/wp\/v2\/posts\/21965","targetHints":{"allow":["GET"]}}],"collection":[{"href":"https:\/\/elfederalmendoza.com.ar\/index.php\/wp-json\/wp\/v2\/posts"}],"about":[{"href":"https:\/\/elfederalmendoza.com.ar\/index.php\/wp-json\/wp\/v2\/types\/post"}],"author":[{"embeddable":true,"href":"https:\/\/elfederalmendoza.com.ar\/index.php\/wp-json\/wp\/v2\/users\/2"}],"replies":[{"embeddable":true,"href":"https:\/\/elfederalmendoza.com.ar\/index.php\/wp-json\/wp\/v2\/comments?post=21965"}],"version-history":[{"count":3,"href":"https:\/\/elfederalmendoza.com.ar\/index.php\/wp-json\/wp\/v2\/posts\/21965\/revisions"}],"predecessor-version":[{"id":21973,"href":"https:\/\/elfederalmendoza.com.ar\/index.php\/wp-json\/wp\/v2\/posts\/21965\/revisions\/21973"}],"wp:featuredmedia":[{"embeddable":true,"href":"https:\/\/elfederalmendoza.com.ar\/index.php\/wp-json\/wp\/v2\/media\/21971"}],"wp:attachment":[{"href":"https:\/\/elfederalmendoza.com.ar\/index.php\/wp-json\/wp\/v2\/media?parent=21965"}],"wp:term":[{"taxonomy":"category","embeddable":true,"href":"https:\/\/elfederalmendoza.com.ar\/index.php\/wp-json\/wp\/v2\/categories?post=21965"},{"taxonomy":"post_tag","embeddable":true,"href":"https:\/\/elfederalmendoza.com.ar\/index.php\/wp-json\/wp\/v2\/tags?post=21965"}],"curies":[{"name":"wp","href":"https:\/\/api.w.org\/{rel}","templated":true}]}}