{"id":21967,"date":"2023-04-14T10:15:08","date_gmt":"2023-04-14T13:15:08","guid":{"rendered":"https:\/\/elfederalmendoza.com\/?p=21967"},"modified":"2023-04-14T10:17:51","modified_gmt":"2023-04-14T13:17:51","slug":"expectativa-en-mendoza-por-la-inminente-reglamentacion-de-la-ley-de-cannabis-medicinal","status":"publish","type":"post","link":"https:\/\/elfederalmendoza.com.ar\/index.php\/2023\/04\/14\/expectativa-en-mendoza-por-la-inminente-reglamentacion-de-la-ley-de-cannabis-medicinal\/","title":{"rendered":"Expectativa en Mendoza por la inminente reglamentaci\u00f3n de la ley de cannabis medicinal"},"content":{"rendered":"\n<p>A casi un a\u00f1o de la aprobaci\u00f3n de la<a href=\"https:\/\/www.argentina.gob.ar\/normativa\/nacional\/ley-27669-365303\/texto#:~:text=La%20presente%20ley%20tiene%20por,al%20uso%20industrial%3B%20promoviendo%20as%C3%AD\" target=\"_blank\" rel=\"noreferrer noopener\"><strong>&nbsp;Ley 27.669,&nbsp;<\/strong><\/a>que regula la industria del&nbsp;<strong>c\u00e1\u00f1amo&nbsp;<\/strong>y el&nbsp;<strong>cannabis medicinal<\/strong>, es inminente la reglamentaci\u00f3n de la misma que permitir\u00e1 a varios proyectos comenzar con la producci\u00f3n. Si bien es cierto que la Provincia tiene una reglamentaci\u00f3n vigente,&nbsp;<mark>la falta de certezas con respecto a la ley nacional produjo que los empresarios decidieran no avanzar en la industria para evitar inconvenientes jur\u00eddicos.<\/mark><\/p>\n\n\n\n<p>Tanto el Gobierno de Mendoza como la c\u00e1mara que nuclea a los futuros productores se mostraron expectantes con respecto a la pronta aprobaci\u00f3n del marco regulatorio.<\/p>\n\n\n\n<p>Desde la Provincia aseguraron que, si bien la informaci\u00f3n que manejan es que en las pr\u00f3ximas semanas se aprobar\u00e1 la reglamentaci\u00f3n, no fueron consultados sobre el detalle de la normativa.<\/p>\n\n\n\n<p>\u201c<em>El marco regulatorio fue creado de manera muy centralista, no nos han consultado en ning\u00fan momento nada, ni tenemos detalles de lo que dice el texto<\/em>\u201c, explic\u00f3 Virginia Coraglia Papailiou, responsable de la Unidad de Control y Programa provincial de Cannabis Medicinal.<\/p>\n\n\n\n<figure class=\"wp-block-image size-full\"><img loading=\"lazy\" decoding=\"async\" width=\"1024\" height=\"576\" src=\"https:\/\/elfederalmendoza.com\/wp-content\/uploads\/2023\/04\/cannabis.jpg\" alt=\"\" class=\"wp-image-21970\" srcset=\"https:\/\/elfederalmendoza.com.ar\/wp-content\/uploads\/2023\/04\/cannabis.jpg 1024w, https:\/\/elfederalmendoza.com.ar\/wp-content\/uploads\/2023\/04\/cannabis-300x169.jpg 300w, https:\/\/elfederalmendoza.com.ar\/wp-content\/uploads\/2023\/04\/cannabis-768x432.jpg 768w\" sizes=\"auto, (max-width: 1024px) 100vw, 1024px\" \/><\/figure>\n\n\n\n<p>M\u00e1s all\u00e1 de esto, desde el Gobierno esperan con buenos ojos la reglamentaci\u00f3n, ya que aseguran que la industria se podr\u00e1 desarrollar en Mendoza,<strong> principalmente, la del c\u00e1\u00f1amo<\/strong>.<\/p>\n\n\n\n<p>\u201c<em>Hay varios proyectos que est\u00e1n esperando la aprobaci\u00f3n para comenzar a trabajar, principalmente con respecto al c\u00e1\u00f1amo, porque se puede aplicar a m\u00faltiples industrias. Nos han llegado proyectos que tienen que ver con la producci\u00f3n de indumentaria con fibras de c\u00e1\u00f1amo, anteojos, inclusive, para la industria alimenticia hay varias aplicaciones<\/em>\u201c, explic\u00f3 Coraglia y agreg\u00f3 que \u201c<em>el que se encuentra m\u00e1s avanzado es una plantaci\u00f3n indoor en el departamento de Santa Rosa<\/em>\u201c.<\/p>\n\n\n\n<p>Por otra parte, explicaron que cuando se instrumente, los proyectos desarrollados en Mendoza deber\u00e1n encuadrarse tanto en la normativa provincial como nacional, pero pretenden que la normativa sancionada por la Legislatura provincial se adec\u00fae para evitar mayores tr\u00e1mites burocr\u00e1ticos.<\/p>\n\n\n\n<p>Por su parte, los productores consultados por&nbsp;<em>El Sol<\/em>&nbsp;se\u00f1alaron que hay un buen augurio con la reglamentaci\u00f3n y ven mucho potencial para esta industria en la provincia.<\/p>\n\n\n\n<figure class=\"wp-block-image size-full is-resized\"><img loading=\"lazy\" decoding=\"async\" src=\"https:\/\/elfederalmendoza.com\/wp-content\/uploads\/2023\/04\/cannabis1.jpg\" alt=\"\" class=\"wp-image-21974\" width=\"949\" height=\"535\" srcset=\"https:\/\/elfederalmendoza.com.ar\/wp-content\/uploads\/2023\/04\/cannabis1.jpg 474w, https:\/\/elfederalmendoza.com.ar\/wp-content\/uploads\/2023\/04\/cannabis1-300x169.jpg 300w\" sizes=\"auto, (max-width: 949px) 100vw, 949px\" \/><\/figure>\n\n\n\n<h2 class=\"wp-block-heading\" id=\"h-que-dice-el-borrador-de-la-reglamentacion\">Qu\u00e9 dice el borrador de la reglamentaci\u00f3n<\/h2>\n\n\n\n<p><em>El Sol<\/em>&nbsp;accedi\u00f3 a un borrador del marco regulatorio que se aprobar\u00eda durante la semana pr\u00f3xima, donde se destaca c\u00f3mo estar\u00e1 conformado el Consejo Consultivo Honorario de la Agencia Regulatoria de la Industria del C\u00e1\u00f1amo y del Cannabis Medicinal (Ariccame).<\/p>\n\n\n\n<p>Este organismo ser\u00e1&nbsp;<mark>el encargado de discutir las pol\u00edticas para la promoci\u00f3n de la industria, como as\u00ed tambi\u00e9n promover espacios de participaci\u00f3n de organismos e instituciones p\u00fablicas y privadas, y organizaciones de la sociedad civil, a fin de debatir las tem\u00e1ticas vinculadas a la industria del c\u00e1\u00f1amo y cannabis medicinal.<\/mark><\/p>\n\n\n\n<p>El Consejo estar\u00e1 conformado por 19 miembros titulares, entre los cuales estar\u00e1n representantes del Ariccame, de la red de Cannabis del Conicet, del Ministerio de Salud, delegados de organismos agropecuarios como el INTA, INTI o el INASE y empresarios del sector.<\/p>\n\n\n\n<p>Tambi\u00e9n formar\u00e1n parte un representante por cada regi\u00f3n del pa\u00eds de las asociaciones civiles vinculadas a este tipo de cultivos y que posean personar\u00eda jur\u00eddica.<\/p>\n\n\n\n<p>Por otra parte,&nbsp;<mark>considera como cannabis psicoactivo aquellos derivados de la planta hembra del Cannabis, cuyo contenido de tetrahidrocannabinol supere el 1%.<\/mark><\/p>\n\n\n\n<p>Adem\u00e1s, se establecer\u00e1 una ventanilla \u00fanica para la<mark>&nbsp;gesti\u00f3n de los tr\u00e1mites vinculados a emisi\u00f3n de autorizaciones, permisos, licencias y dem\u00e1s certificaciones necesarias para realizar las operaciones de cultivo, producci\u00f3n industrial, transporte, comercializaci\u00f3n y adquisici\u00f3n, por cualquier t\u00edtulo de semillas de la planta de cannabis y de sus productos derivados<\/mark>&nbsp;con fines medicinales, industriales y de investigaci\u00f3n.<\/p>\n\n\n\n<figure class=\"wp-block-image size-full is-resized\"><img loading=\"lazy\" decoding=\"async\" src=\"https:\/\/elfederalmendoza.com\/wp-content\/uploads\/2023\/04\/cannabis2.jpg\" alt=\"\" class=\"wp-image-21975\" width=\"953\" height=\"716\" srcset=\"https:\/\/elfederalmendoza.com.ar\/wp-content\/uploads\/2023\/04\/cannabis2.jpg 474w, https:\/\/elfederalmendoza.com.ar\/wp-content\/uploads\/2023\/04\/cannabis2-300x225.jpg 300w\" sizes=\"auto, (max-width: 953px) 100vw, 953px\" \/><\/figure>\n\n\n\n<h2 class=\"wp-block-heading\" id=\"h-la-situacion-en-mendoza\">La situaci\u00f3n en Mendoza<\/h2>\n\n\n\n<p>En la provincia, la ley que regula el cannabis medicinal se aprob\u00f3 el 29 de diciembre del a\u00f1o 2020 y se regul\u00f3 en julio del a\u00f1o 2021 con el<a href=\"https:\/\/drive.google.com\/file\/d\/1uWPcXTKRbwH-Ac0_ZdACamJK9Fadpsmm\/view\" target=\"_blank\" rel=\"noreferrer noopener\">&nbsp;decreto 397 del Bolet\u00edn oficial.<\/a><\/p>\n\n\n\n<p>En octubre del 2022, el Ministerio de Salud de la Naci\u00f3n aprob\u00f3 el proyecto que present\u00f3 Mendoza para investigar sobre el cultivo de Cannabis, con fines m\u00e9dicos y cient\u00edficos.<\/p>\n\n\n\n<p>Tras esto, en diciembre pasado, la Provincia avanz\u00f3 con la creaci\u00f3n de un laboratorio de fiscalizaci\u00f3n de cannabis medicinal con el objetivo de asegurar la trazabilidad y seguridad de la producci\u00f3n en Mendoza. Este centro de investigaci\u00f3n, desarrollo, control y asesoramiento est\u00e1 ubicado en la bioplanta de Iscamen de Santa Rosa.<\/p>\n","protected":false},"excerpt":{"rendered":"<p>A casi un a\u00f1o de la aprobaci\u00f3n de la&nbsp;Ley 27.669,&nbsp;que regula la industria del&nbsp;c\u00e1\u00f1amo&nbsp;y el&nbsp;cannabis medicinal, es inminente la reglamentaci\u00f3n de la misma que permitir\u00e1 a varios proyectos comenzar con la producci\u00f3n. Si bien es cierto que la Provincia tiene una reglamentaci\u00f3n vigente,&nbsp;la falta de certezas con respecto a la ley nacional produjo que los<a class=\"read-more\" href=\"https:\/\/elfederalmendoza.com.ar\/index.php\/2023\/04\/14\/expectativa-en-mendoza-por-la-inminente-reglamentacion-de-la-ley-de-cannabis-medicinal\/\"> [&hellip;]<\/a><\/p>\n","protected":false},"author":2,"featured_media":21977,"comment_status":"open","ping_status":"open","sticky":false,"template":"","format":"standard","meta":{"footnotes":""},"categories":[1],"tags":[],"class_list":["post-21967","post","type-post","status-publish","format-standard","has-post-thumbnail","hentry","category-mza"],"rttpg_featured_image_url":{"full":["https:\/\/elfederalmendoza.com.ar\/wp-content\/uploads\/2023\/04\/cannabis3.jpg",994,556,false],"landscape":["https:\/\/elfederalmendoza.com.ar\/wp-content\/uploads\/2023\/04\/cannabis3.jpg",994,556,false],"portraits":["https:\/\/elfederalmendoza.com.ar\/wp-content\/uploads\/2023\/04\/cannabis3.jpg",994,556,false],"thumbnail":["https:\/\/elfederalmendoza.com.ar\/wp-content\/uploads\/2023\/04\/cannabis3-150x150.jpg",150,150,true],"medium":["https:\/\/elfederalmendoza.com.ar\/wp-content\/uploads\/2023\/04\/cannabis3-300x168.jpg",300,168,true],"large":["https:\/\/elfederalmendoza.com.ar\/wp-content\/uploads\/2023\/04\/cannabis3.jpg",640,358,false],"1536x1536":["https:\/\/elfederalmendoza.com.ar\/wp-content\/uploads\/2023\/04\/cannabis3.jpg",994,556,false],"2048x2048":["https:\/\/elfederalmendoza.com.ar\/wp-content\/uploads\/2023\/04\/cannabis3.jpg",994,556,false],"ultp_layout_landscape_large":["https:\/\/elfederalmendoza.com.ar\/wp-content\/uploads\/2023\/04\/cannabis3.jpg",994,556,false],"ultp_layout_landscape":["https:\/\/elfederalmendoza.com.ar\/wp-content\/uploads\/2023\/04\/cannabis3-870x556.jpg",870,556,true],"ultp_layout_portrait":["https:\/\/elfederalmendoza.com.ar\/wp-content\/uploads\/2023\/04\/cannabis3-600x556.jpg",600,556,true],"ultp_layout_square":["https:\/\/elfederalmendoza.com.ar\/wp-content\/uploads\/2023\/04\/cannabis3-600x556.jpg",600,556,true],"rpwe-thumbnail":["https:\/\/elfederalmendoza.com.ar\/wp-content\/uploads\/2023\/04\/cannabis3-45x45.jpg",45,45,true],"advps-thumb-one":["https:\/\/elfederalmendoza.com.ar\/wp-content\/uploads\/2023\/04\/cannabis3-994x420.jpg",994,420,true]},"rttpg_author":{"display_name":"Redacci\u00f3n El Federal","author_link":"https:\/\/elfederalmendoza.com.ar\/index.php\/author\/angelflores\/"},"rttpg_comment":0,"rttpg_category":"<a href=\"https:\/\/elfederalmendoza.com.ar\/index.php\/category\/mza\/\" rel=\"category tag\">Mendoza<\/a>","rttpg_excerpt":"A casi un a\u00f1o de la aprobaci\u00f3n de la&nbsp;Ley 27.669,&nbsp;que regula la industria del&nbsp;c\u00e1\u00f1amo&nbsp;y el&nbsp;cannabis medicinal, es inminente la reglamentaci\u00f3n de la misma que permitir\u00e1 a varios proyectos comenzar con la producci\u00f3n. Si bien es cierto que la Provincia tiene una reglamentaci\u00f3n vigente,&nbsp;la falta de certezas con respecto a la ley nacional produjo que los&hellip;","_links":{"self":[{"href":"https:\/\/elfederalmendoza.com.ar\/index.php\/wp-json\/wp\/v2\/posts\/21967","targetHints":{"allow":["GET"]}}],"collection":[{"href":"https:\/\/elfederalmendoza.com.ar\/index.php\/wp-json\/wp\/v2\/posts"}],"about":[{"href":"https:\/\/elfederalmendoza.com.ar\/index.php\/wp-json\/wp\/v2\/types\/post"}],"author":[{"embeddable":true,"href":"https:\/\/elfederalmendoza.com.ar\/index.php\/wp-json\/wp\/v2\/users\/2"}],"replies":[{"embeddable":true,"href":"https:\/\/elfederalmendoza.com.ar\/index.php\/wp-json\/wp\/v2\/comments?post=21967"}],"version-history":[{"count":2,"href":"https:\/\/elfederalmendoza.com.ar\/index.php\/wp-json\/wp\/v2\/posts\/21967\/revisions"}],"predecessor-version":[{"id":21978,"href":"https:\/\/elfederalmendoza.com.ar\/index.php\/wp-json\/wp\/v2\/posts\/21967\/revisions\/21978"}],"wp:featuredmedia":[{"embeddable":true,"href":"https:\/\/elfederalmendoza.com.ar\/index.php\/wp-json\/wp\/v2\/media\/21977"}],"wp:attachment":[{"href":"https:\/\/elfederalmendoza.com.ar\/index.php\/wp-json\/wp\/v2\/media?parent=21967"}],"wp:term":[{"taxonomy":"category","embeddable":true,"href":"https:\/\/elfederalmendoza.com.ar\/index.php\/wp-json\/wp\/v2\/categories?post=21967"},{"taxonomy":"post_tag","embeddable":true,"href":"https:\/\/elfederalmendoza.com.ar\/index.php\/wp-json\/wp\/v2\/tags?post=21967"}],"curies":[{"name":"wp","href":"https:\/\/api.w.org\/{rel}","templated":true}]}}