{"id":21979,"date":"2023-04-14T11:19:38","date_gmt":"2023-04-14T14:19:38","guid":{"rendered":"https:\/\/elfederalmendoza.com\/?p=21979"},"modified":"2023-04-14T11:39:42","modified_gmt":"2023-04-14T14:39:42","slug":"denunciaron-a-policias-que-se-sacaron-selfies-con-cacho-garay-en-un-procedimiento-en-el-que-debian-acompanar-a-la-esposa","status":"publish","type":"post","link":"https:\/\/elfederalmendoza.com.ar\/index.php\/2023\/04\/14\/denunciaron-a-policias-que-se-sacaron-selfies-con-cacho-garay-en-un-procedimiento-en-el-que-debian-acompanar-a-la-esposa\/","title":{"rendered":"Denunciaron a polic\u00edas que se sacaron \u00abselfies\u00bb con Cacho Garay en un procedimiento en el que deb\u00edan acompa\u00f1ar a la esposa"},"content":{"rendered":"\n<p>La denuncia por&nbsp;<strong>violencia de g\u00e9nero<\/strong>&nbsp;contra&nbsp;<strong>Juan<em>&nbsp;Cacho&nbsp;<\/em>Garay<\/strong>&nbsp;(68)&nbsp;no solamente deriv\u00f3 en su detenci\u00f3n por m\u00e1s de un d\u00eda sino que tambi\u00e9n tuvo un ap\u00e9ndice.<strong> Un grupo de polic\u00edas comenz\u00f3 a ser investigado para determinar si se sac\u00f3 fotos con el humorista en lugar de custodiar a la v\u00edctima<\/strong> en una de las medidas que se realiz\u00f3 en su domicilio.<\/p>\n\n\n\n<p><strong>En el domicilio de la pareja ubicado sobre calle 20 de Septiembre, a pocos metros de la plaza de Luj\u00e1n de Cuyo, se realizaron al menos dos procedimientos&nbsp;<\/strong>por orden del fiscal de Violencia de G\u00e9nero Daniel Carniello. El m\u00e1s conocido fue el allanamiento del mi\u00e9rcoles al mediod\u00eda donde&nbsp;se orden\u00f3 la aprehensi\u00f3n de<em>&nbsp;Cacho<\/em>&nbsp;Garay&nbsp;y adem\u00e1s se secuestraron cuatro armas de fuego en el lugar.<\/p>\n\n\n\n<p>Pero en los d\u00edas previos a esa jornada clave hubo otra medida en la propiedad. Es que<strong>&nbsp;la denunciante, Ver\u00f3nica Mac\u00edas (36), deb\u00eda acudir al domicilio para retirar una documentaci\u00f3n, pero como ya hab\u00eda hecho la denuncia contra su esposo fue custodiada por personal policial, tal como indican los protocolos de violencia de g\u00e9nero.<\/strong><\/p>\n\n\n\n<p>Cuando la mujer declar\u00f3 ante el fiscal Carniello detall\u00f3 que ese d\u00eda los uniformados tuvieron un accionar incorrecto.&nbsp;<strong>Cuando tocaron el timbre se vieron sorprendidos al ver que era el famoso Cacho Garay quien los atendi\u00f3.&nbsp;<\/strong>Y en lugar de resguardar la custodia de la denunciante<strong>,&nbsp;<\/strong>se pusieron a hablar con \u00e9l<strong>&nbsp;amistosamente&nbsp;<\/strong>y hasta<strong>&nbsp;se sacaron fotograf\u00edas,&nbsp;<\/strong>siempre seg\u00fan la declaraci\u00f3n que efectu\u00f3 la esposa.<\/p>\n\n\n\n<p>Tras este testimonio,&nbsp;<strong>el fiscal extrajo una compulsa ante la Inspecci\u00f3n General de Seguridad (IGS)<\/strong>, un organismo administrativo encargado de investigar el accionar de las fuerzas provinciales. Desde esa entidad confirmaron que est\u00e1n en los primeros pasos de la pesquisa, tratando de identificar a los efectivos policiales que participaron de esa medida.<\/p>\n\n\n\n<p>En caso de que se compruebe la versi\u00f3n de Ver\u00f3nica Mac\u00edas, se determinar\u00e1 una sanci\u00f3n correspondiente para ellos.<\/p>\n\n\n\n<figure class=\"wp-block-image\"><img decoding=\"async\" src=\"https:\/\/media.diariouno.com.ar\/p\/4cb569eb197b66926e4f2a32f716d4f5\/adjuntos\/298\/imagenes\/009\/141\/0009141465\/1200x0\/smart\/veronica-macias-esposa-cacho-garayjpg.jpg\" alt=\"\"\/><\/figure>\n\n\n\n<h2 class=\"wp-block-heading\">Denuncia por violencia de g\u00e9nero<\/h2>\n\n\n\n<p><em>Cacho<\/em>&nbsp;Garay y Ver\u00f3nica Mac\u00edas llevan m\u00e1s de una d\u00e9cada juntos. Pero todo explot\u00f3 en los primeros d\u00edas de abril cuando<strong>&nbsp;la cantante denunci\u00f3 haber tenido una discusi\u00f3n con el mendocino cuando se encontraban en un hotel en Carlos Paz<\/strong>, donde este \u00faltimo la habr\u00eda amenazado de muerte.<\/p>\n\n\n\n<p><strong>El conflicto continu\u00f3 cuando regresaron a Mendoza, ya que la mujer lo acus\u00f3 nuevamente ante la Justicia por amenazas, aunque en este caso agravadas por el uso de arma de fuego.&nbsp;<\/strong>La Unidad Fiscal de Violencia de G\u00e9nero orden\u00f3 un allanamiento donde&nbsp;<strong>fue detenido el humorista y adem\u00e1s se encontraron un pu\u00f1ado de armas de colecci\u00f3n -dos fusiles, dos escopetas y una pistola de aire comprimido-.<\/strong><\/p>\n\n\n\n<p>Garay qued\u00f3 detenido en los calabozos de la Comisar\u00eda 11 y&nbsp;<strong>fue imputado por amenazas simples agravadas por el uso de arma de fuego y por mediar violencia de g\u00e9nero, adem\u00e1s de tenencia de armas de fuego de uso civil -de 1 a 5 a\u00f1os de c\u00e1rcel-. Al d\u00eda siguiente fue liberado tras rendir una fianza de $1 mill\u00f3n.<\/strong>&nbsp;Al salir de la dependencia policial habl\u00f3 con los medios, se mostr\u00f3 confiado en la Justicia y dijo ser inocente.<\/p>\n\n\n\n<figure class=\"wp-block-embed is-type-video is-provider-youtube wp-block-embed-youtube wp-embed-aspect-16-9 wp-has-aspect-ratio\"><div class=\"wp-block-embed__wrapper\">\n<iframe loading=\"lazy\" title=\"CACHO GARAY PAG\u00d3 Y SALI\u00d3 EN LIBERTAD\" width=\"640\" height=\"360\" src=\"https:\/\/www.youtube.com\/embed\/Dl0gdhjLd10?feature=oembed\" frameborder=\"0\" allow=\"accelerometer; autoplay; clipboard-write; encrypted-media; gyroscope; picture-in-picture; web-share\" referrerpolicy=\"strict-origin-when-cross-origin\" allowfullscreen><\/iframe>\n<\/div><figcaption class=\"wp-element-caption\">Video gentileza Canal 7 Mendoza<\/figcaption><\/figure>\n","protected":false},"excerpt":{"rendered":"<p>La denuncia por&nbsp;violencia de g\u00e9nero&nbsp;contra&nbsp;Juan&nbsp;Cacho&nbsp;Garay&nbsp;(68)&nbsp;no solamente deriv\u00f3 en su detenci\u00f3n por m\u00e1s de un d\u00eda sino que tambi\u00e9n tuvo un ap\u00e9ndice. Un grupo de polic\u00edas comenz\u00f3 a ser investigado para determinar si se sac\u00f3 fotos con el humorista en lugar de custodiar a la v\u00edctima en una de las medidas que se realiz\u00f3 en su<a class=\"read-more\" href=\"https:\/\/elfederalmendoza.com.ar\/index.php\/2023\/04\/14\/denunciaron-a-policias-que-se-sacaron-selfies-con-cacho-garay-en-un-procedimiento-en-el-que-debian-acompanar-a-la-esposa\/\"> [&hellip;]<\/a><\/p>\n","protected":false},"author":2,"featured_media":21980,"comment_status":"open","ping_status":"open","sticky":false,"template":"","format":"standard","meta":{"footnotes":""},"categories":[1],"tags":[],"class_list":["post-21979","post","type-post","status-publish","format-standard","has-post-thumbnail","hentry","category-mza"],"rttpg_featured_image_url":{"full":["https:\/\/elfederalmendoza.com.ar\/wp-content\/uploads\/2023\/04\/cacho-garay-policias.jpg",959,647,false],"landscape":["https:\/\/elfederalmendoza.com.ar\/wp-content\/uploads\/2023\/04\/cacho-garay-policias.jpg",959,647,false],"portraits":["https:\/\/elfederalmendoza.com.ar\/wp-content\/uploads\/2023\/04\/cacho-garay-policias.jpg",959,647,false],"thumbnail":["https:\/\/elfederalmendoza.com.ar\/wp-content\/uploads\/2023\/04\/cacho-garay-policias-150x150.jpg",150,150,true],"medium":["https:\/\/elfederalmendoza.com.ar\/wp-content\/uploads\/2023\/04\/cacho-garay-policias-300x202.jpg",300,202,true],"large":["https:\/\/elfederalmendoza.com.ar\/wp-content\/uploads\/2023\/04\/cacho-garay-policias.jpg",640,432,false],"1536x1536":["https:\/\/elfederalmendoza.com.ar\/wp-content\/uploads\/2023\/04\/cacho-garay-policias.jpg",959,647,false],"2048x2048":["https:\/\/elfederalmendoza.com.ar\/wp-content\/uploads\/2023\/04\/cacho-garay-policias.jpg",959,647,false],"ultp_layout_landscape_large":["https:\/\/elfederalmendoza.com.ar\/wp-content\/uploads\/2023\/04\/cacho-garay-policias.jpg",959,647,false],"ultp_layout_landscape":["https:\/\/elfederalmendoza.com.ar\/wp-content\/uploads\/2023\/04\/cacho-garay-policias-870x570.jpg",870,570,true],"ultp_layout_portrait":["https:\/\/elfederalmendoza.com.ar\/wp-content\/uploads\/2023\/04\/cacho-garay-policias-600x647.jpg",600,647,true],"ultp_layout_square":["https:\/\/elfederalmendoza.com.ar\/wp-content\/uploads\/2023\/04\/cacho-garay-policias-600x600.jpg",600,600,true],"rpwe-thumbnail":["https:\/\/elfederalmendoza.com.ar\/wp-content\/uploads\/2023\/04\/cacho-garay-policias-45x45.jpg",45,45,true],"advps-thumb-one":["https:\/\/elfederalmendoza.com.ar\/wp-content\/uploads\/2023\/04\/cacho-garay-policias-959x420.jpg",959,420,true]},"rttpg_author":{"display_name":"Redacci\u00f3n El Federal","author_link":"https:\/\/elfederalmendoza.com.ar\/index.php\/author\/angelflores\/"},"rttpg_comment":0,"rttpg_category":"<a href=\"https:\/\/elfederalmendoza.com.ar\/index.php\/category\/mza\/\" rel=\"category tag\">Mendoza<\/a>","rttpg_excerpt":"La denuncia por&nbsp;violencia de g\u00e9nero&nbsp;contra&nbsp;Juan&nbsp;Cacho&nbsp;Garay&nbsp;(68)&nbsp;no solamente deriv\u00f3 en su detenci\u00f3n por m\u00e1s de un d\u00eda sino que tambi\u00e9n tuvo un ap\u00e9ndice. Un grupo de polic\u00edas comenz\u00f3 a ser investigado para determinar si se sac\u00f3 fotos con el humorista en lugar de custodiar a la v\u00edctima en una de las medidas que se realiz\u00f3 en su&hellip;","_links":{"self":[{"href":"https:\/\/elfederalmendoza.com.ar\/index.php\/wp-json\/wp\/v2\/posts\/21979","targetHints":{"allow":["GET"]}}],"collection":[{"href":"https:\/\/elfederalmendoza.com.ar\/index.php\/wp-json\/wp\/v2\/posts"}],"about":[{"href":"https:\/\/elfederalmendoza.com.ar\/index.php\/wp-json\/wp\/v2\/types\/post"}],"author":[{"embeddable":true,"href":"https:\/\/elfederalmendoza.com.ar\/index.php\/wp-json\/wp\/v2\/users\/2"}],"replies":[{"embeddable":true,"href":"https:\/\/elfederalmendoza.com.ar\/index.php\/wp-json\/wp\/v2\/comments?post=21979"}],"version-history":[{"count":3,"href":"https:\/\/elfederalmendoza.com.ar\/index.php\/wp-json\/wp\/v2\/posts\/21979\/revisions"}],"predecessor-version":[{"id":21983,"href":"https:\/\/elfederalmendoza.com.ar\/index.php\/wp-json\/wp\/v2\/posts\/21979\/revisions\/21983"}],"wp:featuredmedia":[{"embeddable":true,"href":"https:\/\/elfederalmendoza.com.ar\/index.php\/wp-json\/wp\/v2\/media\/21980"}],"wp:attachment":[{"href":"https:\/\/elfederalmendoza.com.ar\/index.php\/wp-json\/wp\/v2\/media?parent=21979"}],"wp:term":[{"taxonomy":"category","embeddable":true,"href":"https:\/\/elfederalmendoza.com.ar\/index.php\/wp-json\/wp\/v2\/categories?post=21979"},{"taxonomy":"post_tag","embeddable":true,"href":"https:\/\/elfederalmendoza.com.ar\/index.php\/wp-json\/wp\/v2\/tags?post=21979"}],"curies":[{"name":"wp","href":"https:\/\/api.w.org\/{rel}","templated":true}]}}