{"id":21985,"date":"2023-04-14T18:14:23","date_gmt":"2023-04-14T21:14:23","guid":{"rendered":"https:\/\/elfederalmendoza.com\/?p=21985"},"modified":"2023-04-14T18:14:49","modified_gmt":"2023-04-14T21:14:49","slug":"el-record-del-gobierno-de-alberto-fernandez-la-inflacion-de-la-argentina-fue-la-mas-alta-de-la-region-y-supero-a-venezuela","status":"publish","type":"post","link":"https:\/\/elfederalmendoza.com.ar\/index.php\/2023\/04\/14\/el-record-del-gobierno-de-alberto-fernandez-la-inflacion-de-la-argentina-fue-la-mas-alta-de-la-region-y-supero-a-venezuela\/","title":{"rendered":"El r\u00e9cord del gobierno de Alberto Fern\u00e1ndez: La inflaci\u00f3n de la Argentina fue la m\u00e1s alta de la regi\u00f3n y super\u00f3 a Venezuela"},"content":{"rendered":"\n<p>Este jueves el&nbsp;<strong><a href=\"https:\/\/www.indec.gob.ar\/\" target=\"_blank\" rel=\"noreferrer noopener\">Instituto de Estad\u00edsticas y Censos(indec)<\/a><\/strong>&nbsp;public\u00f3 el informe del&nbsp;<strong>\u00edndice de precios al consumidor<\/strong>&nbsp;con respecto al mes de marzo del 2023. La inflaci\u00f3n de la Argentina fue la m\u00e1s alta de la regi\u00f3n en marzo: super\u00f3 a Venezuela.<\/p>\n\n\n\n<p>El nivel general del IPC registr\u00f3 un alza mensual de&nbsp;<strong>7,7% en marzo<\/strong>, y acumul\u00f3 en el primer trimestre del a\u00f1o una<strong>&nbsp;variaci\u00f3n de 21,7%<\/strong>. En la comparaci\u00f3n<strong>&nbsp;interanual<\/strong>, el incremento alcanz\u00f3 el<strong>&nbsp;104,3% .<\/strong><\/p>\n\n\n\n<p><strong>En marzo, la Argentina registr\u00f3 la inflaci\u00f3n mensual m\u00e1s alta de la regi\u00f3n.<\/strong>&nbsp;Incluso super\u00f3 a Venezuela, pa\u00eds caracterizado por atravesar una h\u00edper hace a\u00f1os. A pesar de que el Gobierno congel\u00f3 el precio de 2000 productos en las g\u00f3ndolas, puso en marcha controles en los supermercados y acord\u00f3 senderos de incrementos con una docena de rubros,<strong>&nbsp;el mes pasado el \u00cdndice de Precios al Consumidor fue de 7,7%.<\/strong><\/p>\n\n\n\n<p><strong>La cifra es incluso m\u00e1s alta incluso que la de julio del a\u00f1o pasado<\/strong>, cuando Mart\u00edn Guzm\u00e1n renunci\u00f3 como ministro de Econom\u00eda, el d\u00f3lar se despert\u00f3 y el costo de vida se encareci\u00f3 un 7,4%. Adem\u00e1s, acumul\u00f3 un avance del 21,7% en el primer trimestre del a\u00f1o y del 104,3% en el \u00faltimo a\u00f1o, seg\u00fan dio a conocer esta tarde el Instituto Nacional de Estad\u00edsticas y Censos (Indec).<\/p>\n\n\n\n<p>\u201cEl dato de inflaci\u00f3n de marzo preocupa por lo elevado, pero a\u00fan m\u00e1s<mark>&nbsp;preocupa la tendencia para abril.<\/mark>&nbsp;La aceleraci\u00f3n de la tasa de inflaci\u00f3n muestra que&nbsp;<strong>el fen\u00f3meno inflacionario ya tiene una din\u00e1mica propia que es dif\u00edcil de revertir.<\/strong>&nbsp;Cuando se miran los factores que pueden acelerar la inflaci\u00f3n no hay un componente que la est\u00e9 impulsando. Las tarifas y el tipo de cambio apenas corren por detr\u00e1s a los precios, la actividad no tiene un dinamismo para impulsar al alza los precios, y los factores de oferta a nivel internacional est\u00e1n cediendo. Simplemente, las expectativas de inflaci\u00f3n ya la sostienen en un registro de tres d\u00edgitos para este a\u00f1o y&nbsp;<mark>con el riesgo de tener alg\u00fan registro de dos d\u00edgitos en la inflaci\u00f3n mensual en el corto plazo\u201d,<\/mark>&nbsp;advierten desde la consultora econ\u00f3mica LCG.<\/p>\n\n\n\n<p><strong>Pocos pa\u00edses del mundo tienen una inflaci\u00f3n tan alta como la Argentina.<\/strong>&nbsp;Y en Am\u00e9rica Latina, el \u00fanico que se le asemeja es&nbsp;<strong>Venezuela<\/strong>. Sin embargo, durante marzo, el pa\u00eds de Nicol\u00e1s Maduro registr\u00f3 un aumento generalizado de los precios del<strong>&nbsp;4,2% mensual<\/strong>. El n\u00famero se desprende del Observatorio Venezolano de Finanzas (OVF), entidad independiente del Estado.<\/p>\n\n\n\n<figure class=\"wp-block-image size-full is-resized\"><img loading=\"lazy\" decoding=\"async\" src=\"https:\/\/elfederalmendoza.com\/wp-content\/uploads\/2023\/04\/latinoamerica.jpg\" alt=\"\" class=\"wp-image-21986\" width=\"955\" height=\"764\" srcset=\"https:\/\/elfederalmendoza.com.ar\/wp-content\/uploads\/2023\/04\/latinoamerica.jpg 726w, https:\/\/elfederalmendoza.com.ar\/wp-content\/uploads\/2023\/04\/latinoamerica-300x240.jpg 300w\" sizes=\"auto, (max-width: 955px) 100vw, 955px\" \/><\/figure>\n\n\n\n<p>\u201cEn este resultado influyeron dos factores. Primero y m\u00e1s importante,&nbsp;<strong>la estabilidad del tipo de cambio,&nbsp;<\/strong>el cual apenas aument\u00f3 0,6%; y, en segundo lugar, la<strong>&nbsp;ralentizaci\u00f3n del consumo,<\/strong>&nbsp;situaci\u00f3n que le ha aliviado la presi\u00f3n sobre la demanda. Ello en un contexto donde<strong>&nbsp;no ha habido aumentos salariales<\/strong>&nbsp;en lo que ha transcurrido de 2023\u2033, explic\u00f3 el instituto censor de ese pa\u00eds.<\/p>\n\n\n\n<p>De todas formas, en el primer trimestre del a\u00f1o&nbsp;<strong>Venezuela registra una inflaci\u00f3n acumulada del 67,7%, y del 501% interanual.&nbsp;<\/strong>Con el panorama completo, desde el OVF mencionaron que, si bien marzo present\u00f3 una \u201cimportante desaceleraci\u00f3n\u201d, el crecimiento de la econom\u00eda venezolana se estanc\u00f3.<\/p>\n\n\n\n<p>En el resto de los pa\u00edses de la regi\u00f3n, cuando se habla de inflaci\u00f3n, se hace referencia a la cifra interanual.<mark>&nbsp;Esto sucede porque los datos mensuales suelen empezar con el n\u00famero cero.&nbsp;<\/mark>Por ejemplo, el mes pasado,<strong>&nbsp;el costo de vida en Bolivia aument\u00f3 un 0,08%&nbsp;<\/strong>frente al mes anterior y acumula un avance del 0,19% en los primeros tres meses del a\u00f1o. En&nbsp;<strong>Paraguay,&nbsp;<\/strong>los precios subieron a un ritmo del 0,4% mensual y 2,1% trimestral. Mientras que en&nbsp;<strong>Ecuador&nbsp;<\/strong>la inflaci\u00f3n mensual fue del 0,06% y el acumulado de 2023 es de 0,2%.<\/p>\n\n\n\n<p>Lo mismo sucede en pa\u00edses vecinos como&nbsp;<strong>Brasil,&nbsp;<\/strong>donde los precios aumentaron un 0,71% en comparaci\u00f3n con febrero y acumulan una suba del 2,09% en el a\u00f1o. O en&nbsp;<strong>Uruguay,&nbsp;<\/strong>donde el costo de vida se encareci\u00f3 un 0,9% mensual y 3,5% trimestral. En&nbsp;<strong>Per\u00fa,&nbsp;<\/strong>las cifras fueron del 1,25% y 1,78%, respectivamente.<\/p>\n\n\n\n<figure class=\"wp-block-image is-resized\"><img loading=\"lazy\" decoding=\"async\" src=\"https:\/\/resizer.glanacion.com\/resizer\/NL0MR1FNbB9eUkVnCS71iqeHR3Y=\/310x0\/filters:format(webp):quality(80)\/cloudfront-us-east-1.images.arcpublishing.com\/lanacionar\/Z4ITVUCN3FABBGB6253JDZSINE.JPG\" alt=\"La inflaci\u00f3n se aceler\u00f3 en marzo, pese a los acuerdos de precios \" width=\"957\" height=\"716\"\/><figcaption class=\"wp-element-caption\">La inflaci\u00f3n se aceler\u00f3 en marzo, pese a los acuerdos de preciosMinisterio de Econom\u00eda<\/figcaption><\/figure>\n\n\n\n<p>Aun as\u00ed, luego de que 2022 se haya caracterizado por una inflaci\u00f3n creciente en todo el mundo, algunos estados todav\u00eda sufren las consecuencias de una pol\u00edtica monetaria expansiva durante la pandemia de covid-19. Es el caso de&nbsp;<strong>Chile,&nbsp;<\/strong>donde los precios promediaron una suba del 1,1% mensual (1,8% trimestral). La cifra signific\u00f3 una nueva aceleraci\u00f3n frente a febrero (hab\u00eda sido de -0,1%), sacudiendo el optimismo que ven\u00edan presentando las autoridades econ\u00f3micas.<\/p>\n\n\n\n<p>Algo similar sucedi\u00f3 en&nbsp;<strong>Colombia.&nbsp;<\/strong>El aumento de precios durante el mes de marzo fue de 1,1%, y acumula un alza de 4,56% en el a\u00f1o, n\u00fameros que fueron m\u00e1s elevados a los que preve\u00edan los economistas. La anual fue de 13,34%, la m\u00e1s alta desde marzo de 1999.<\/p>\n\n\n\n<h2 class=\"wp-block-heading\">\u00bfLa m\u00e1s alta del mundo?<\/h2>\n\n\n\n<p>M\u00e1s all\u00e1 de Am\u00e9rica Latina<strong>, la Argentina registra una de las inflaciones mensuales m\u00e1s altas del mundo.&nbsp;<\/strong>Al observar otros 38 pa\u00edses del mundo, el valor mediano de los pa\u00edses relevados fue de 0,6% en marzo, de acuerdo con un an\u00e1lisis que realiz\u00f3 el economista Nadin Arga\u00f1araz.<\/p>\n\n\n\n<p>En 2022, el ranking de los pa\u00edses con m\u00e1s inflaci\u00f3n fue liderado por Venezuela (305% interanual), Zimbabue (244%), L\u00edbano (142%), la Argentina (94,8%) y Turqu\u00eda (64%). En tanto, al analizar c\u00f3mo se comportaron los precios el mes pasado en esas latitudes, sale a relucir que&nbsp;<strong>en Turqu\u00eda subieron un 2,3% frente a febrero y en Zimbabue mostraron una fuerte desaceleraci\u00f3n: fue de 0,1%.<\/strong>&nbsp;Al momento, no hay datos de marzo de L\u00edbano, pero en febrero la inflaci\u00f3n fue de 25,52% mensual.<\/p>\n\n\n\n<figure class=\"wp-block-image is-resized\"><img loading=\"lazy\" decoding=\"async\" src=\"https:\/\/resizer.glanacion.com\/resizer\/s3Umwr3lmNRI39qDoVCy9yh2zrM=\/310x0\/filters:format(webp):quality(80)\/cloudfront-us-east-1.images.arcpublishing.com\/lanacionar\/RIC23LO6VNCTNN7QBTBLISLVHE.jpeg\" alt=\"IPC mensual en 38 pa\u00edses del mundo\" width=\"953\" height=\"535\"\/><figcaption class=\"wp-element-caption\">IPC mensual en 38 pa\u00edses del mundo<\/figcaption><\/figure>\n\n\n\n<p>\u201cCuando la inflaci\u00f3n alcanza niveles elevados, empiezan a jugar negativamente las expectativas inflacionarias para los meses siguientes. El mundo tuvo dos golpes inflacionarios, uno por la salida de la pandemia y otro por la invasi\u00f3n de Rusia a Ucrania. Sin dudas, ese fen\u00f3meno tuvo incidencia en la Argentina, pero&nbsp;<mark>la din\u00e1mica local est\u00e1 principalmente sostenida en factores dom\u00e9sticos.&nbsp;<\/mark>El primer salto de 2018, y luego su continuidad, han puesto a la inflaci\u00f3n en un promedio anual del 60%. Esto viene deteriorando los salarios y las jubilaciones, siendo este a\u00f1o un nuevo a\u00f1o en el que ser\u00e1 muy dif\u00edcil que se mantengan en t\u00e9rminos reales como los del a\u00f1o 2022\u2033, explic\u00f3 Arga\u00f1araz.<\/p>\n","protected":false},"excerpt":{"rendered":"<p>Este jueves el&nbsp;Instituto de Estad\u00edsticas y Censos(indec)&nbsp;public\u00f3 el informe del&nbsp;\u00edndice de precios al consumidor&nbsp;con respecto al mes de marzo del 2023. La inflaci\u00f3n de la Argentina fue la m\u00e1s alta de la regi\u00f3n en marzo: super\u00f3 a Venezuela. El nivel general del IPC registr\u00f3 un alza mensual de&nbsp;7,7% en marzo, y acumul\u00f3 en el primer<a class=\"read-more\" href=\"https:\/\/elfederalmendoza.com.ar\/index.php\/2023\/04\/14\/el-record-del-gobierno-de-alberto-fernandez-la-inflacion-de-la-argentina-fue-la-mas-alta-de-la-region-y-supero-a-venezuela\/\"> [&hellip;]<\/a><\/p>\n","protected":false},"author":2,"featured_media":20443,"comment_status":"open","ping_status":"open","sticky":false,"template":"","format":"standard","meta":{"footnotes":""},"categories":[5618],"tags":[],"class_list":["post-21985","post","type-post","status-publish","format-standard","has-post-thumbnail","hentry","category-arg"],"rttpg_featured_image_url":{"full":["https:\/\/elfederalmendoza.com.ar\/wp-content\/uploads\/2023\/02\/POBREZA-NINOS.jpg",1168,603,false],"landscape":["https:\/\/elfederalmendoza.com.ar\/wp-content\/uploads\/2023\/02\/POBREZA-NINOS.jpg",1168,603,false],"portraits":["https:\/\/elfederalmendoza.com.ar\/wp-content\/uploads\/2023\/02\/POBREZA-NINOS.jpg",1168,603,false],"thumbnail":["https:\/\/elfederalmendoza.com.ar\/wp-content\/uploads\/2023\/02\/POBREZA-NINOS-150x150.jpg",150,150,true],"medium":["https:\/\/elfederalmendoza.com.ar\/wp-content\/uploads\/2023\/02\/POBREZA-NINOS-300x155.jpg",300,155,true],"large":["https:\/\/elfederalmendoza.com.ar\/wp-content\/uploads\/2023\/02\/POBREZA-NINOS-1024x529.jpg",640,331,true],"1536x1536":["https:\/\/elfederalmendoza.com.ar\/wp-content\/uploads\/2023\/02\/POBREZA-NINOS.jpg",1168,603,false],"2048x2048":["https:\/\/elfederalmendoza.com.ar\/wp-content\/uploads\/2023\/02\/POBREZA-NINOS.jpg",1168,603,false],"ultp_layout_landscape_large":["https:\/\/elfederalmendoza.com.ar\/wp-content\/uploads\/2023\/02\/POBREZA-NINOS.jpg",1168,603,false],"ultp_layout_landscape":["https:\/\/elfederalmendoza.com.ar\/wp-content\/uploads\/2023\/02\/POBREZA-NINOS-870x570.jpg",870,570,true],"ultp_layout_portrait":["https:\/\/elfederalmendoza.com.ar\/wp-content\/uploads\/2023\/02\/POBREZA-NINOS-600x603.jpg",600,603,true],"ultp_layout_square":["https:\/\/elfederalmendoza.com.ar\/wp-content\/uploads\/2023\/02\/POBREZA-NINOS-600x600.jpg",600,600,true],"rpwe-thumbnail":["https:\/\/elfederalmendoza.com.ar\/wp-content\/uploads\/2023\/02\/POBREZA-NINOS-45x45.jpg",45,45,true],"advps-thumb-one":["https:\/\/elfederalmendoza.com.ar\/wp-content\/uploads\/2023\/02\/POBREZA-NINOS-1168x420.jpg",1168,420,true]},"rttpg_author":{"display_name":"Redacci\u00f3n El Federal","author_link":"https:\/\/elfederalmendoza.com.ar\/index.php\/author\/angelflores\/"},"rttpg_comment":0,"rttpg_category":"<a href=\"https:\/\/elfederalmendoza.com.ar\/index.php\/category\/arg\/\" rel=\"category tag\">Argentina<\/a>","rttpg_excerpt":"Este jueves el&nbsp;Instituto de Estad\u00edsticas y Censos(indec)&nbsp;public\u00f3 el informe del&nbsp;\u00edndice de precios al consumidor&nbsp;con respecto al mes de marzo del 2023. La inflaci\u00f3n de la Argentina fue la m\u00e1s alta de la regi\u00f3n en marzo: super\u00f3 a Venezuela. El nivel general del IPC registr\u00f3 un alza mensual de&nbsp;7,7% en marzo, y acumul\u00f3 en el primer&hellip;","_links":{"self":[{"href":"https:\/\/elfederalmendoza.com.ar\/index.php\/wp-json\/wp\/v2\/posts\/21985","targetHints":{"allow":["GET"]}}],"collection":[{"href":"https:\/\/elfederalmendoza.com.ar\/index.php\/wp-json\/wp\/v2\/posts"}],"about":[{"href":"https:\/\/elfederalmendoza.com.ar\/index.php\/wp-json\/wp\/v2\/types\/post"}],"author":[{"embeddable":true,"href":"https:\/\/elfederalmendoza.com.ar\/index.php\/wp-json\/wp\/v2\/users\/2"}],"replies":[{"embeddable":true,"href":"https:\/\/elfederalmendoza.com.ar\/index.php\/wp-json\/wp\/v2\/comments?post=21985"}],"version-history":[{"count":2,"href":"https:\/\/elfederalmendoza.com.ar\/index.php\/wp-json\/wp\/v2\/posts\/21985\/revisions"}],"predecessor-version":[{"id":21988,"href":"https:\/\/elfederalmendoza.com.ar\/index.php\/wp-json\/wp\/v2\/posts\/21985\/revisions\/21988"}],"wp:featuredmedia":[{"embeddable":true,"href":"https:\/\/elfederalmendoza.com.ar\/index.php\/wp-json\/wp\/v2\/media\/20443"}],"wp:attachment":[{"href":"https:\/\/elfederalmendoza.com.ar\/index.php\/wp-json\/wp\/v2\/media?parent=21985"}],"wp:term":[{"taxonomy":"category","embeddable":true,"href":"https:\/\/elfederalmendoza.com.ar\/index.php\/wp-json\/wp\/v2\/categories?post=21985"},{"taxonomy":"post_tag","embeddable":true,"href":"https:\/\/elfederalmendoza.com.ar\/index.php\/wp-json\/wp\/v2\/tags?post=21985"}],"curies":[{"name":"wp","href":"https:\/\/api.w.org\/{rel}","templated":true}]}}