{"id":21989,"date":"2023-04-15T09:42:36","date_gmt":"2023-04-15T12:42:36","guid":{"rendered":"https:\/\/elfederalmendoza.com\/?p=21989"},"modified":"2023-04-15T09:53:00","modified_gmt":"2023-04-15T12:53:00","slug":"video-cacho-garay-entre-lagrimas-me-arruino-la-carrera","status":"publish","type":"post","link":"https:\/\/elfederalmendoza.com.ar\/index.php\/2023\/04\/15\/video-cacho-garay-entre-lagrimas-me-arruino-la-carrera\/","title":{"rendered":"-VIDEO- Cacho Garay entre l\u00e1grimas: \u00abMe arruin\u00f3 la carrera\u00bb"},"content":{"rendered":"\n<p>Despu\u00e9s de la denuncia e imputaci\u00f3n que recayeron sobre el humorista mendocino<strong> Cacho Garay<\/strong>, el artista decidi\u00f3 dar a conocer su versi\u00f3n de los hechos que lo ponen en el ojo de una tormenta judicial y medi\u00e1tica.<\/p>\n\n\n\n<p>Entre l\u00e1grimas dijo que los hechos de los que se los acusa no ocurrieron, ni en C\u00f3rdoba ni en Mendoza. Neg\u00f3 rotundamente haber incurrido en amenazas o cualquier tipo de violencia, pero, en todo momento dijo estar sujeto a derecho y que el final de esta historia lo debe dar la Justicia.<\/p>\n\n\n\n<p>En una entrevista con Canal 7 de Mendoza, el humorista cont\u00f3 detalles de lo sucedido en C\u00f3rdoba.<\/p>\n\n\n\n<iframe loading=\"lazy\" src=\"https:\/\/www.facebook.com\/plugins\/video.php?height=314&#038;href=https%3A%2F%2Fwww.facebook.com%2Felsietetv%2Fvideos%2F152446201109321%2F&#038;show_text=false&#038;width=560&#038;t=0\" width=\"560\" height=\"314\" style=\"border:none;overflow:hidden\" scrolling=\"no\" frameborder=\"0\" allowfullscreen=\"true\" allow=\"autoplay; clipboard-write; encrypted-media; picture-in-picture; web-share\" allowFullScreen=\"true\"><\/iframe>\n\n\n\n<h2 class=\"wp-block-heading\" id=\"Este_viernes_la_mujer_de_Cacho_Garay_dijo_cosas_impactantes_en_Intrusos\">Este viernes la mujer de Cacho Garay dijo cosas impactantes en Intrusos (VIDEO)<\/h2>\n\n\n\n<p>En primer lugar consider\u00f3 que su vida fue una \u00abtortura absoluta\u00bb desde que se cas\u00f3.&nbsp;<strong>\u00abPara que me entiendan. Yo estoy reci\u00e9n cayendo en mi realidad, en lo que me pasa, a trav\u00e9s de de c\u00f3mo llegu\u00e9 a ese a ese refugio<\/strong>&nbsp;donde me asistieron psic\u00f3logas, asistentes sociales, especialistas, me hicieron pericias y todo se puede probar\u00bb.<\/p>\n\n\n\n<p>Luego revel\u00f3 que&nbsp;<strong>en muchas ocaciones quiso escaparse \u00abentonces recib\u00eda las amenazas de \u00e9l, me dec\u00eda que me quer\u00eda matar con armas, con golpes, con insultos,<\/strong>&nbsp;dici\u00e9ndome que conoc\u00eda muchas personas, que nunca me iban a creer\u00bb, dijo.<\/p>\n\n\n\n<figure class=\"wp-block-image\"><img decoding=\"async\" src=\"https:\/\/media.diariouno.com.ar\/p\/4ca5f9e7afa967e076679a9d42469843\/adjuntos\/298\/imagenes\/009\/141\/0009141468\/1200x0\/smart\/veronica-macias-esposa-cacho-garay-3jpg.jpg\" alt=\"Ver\u00f2nica Mac\u00edas.\"\/><\/figure>\n\n\n\n<p>Ver\u00f2nica Mac\u00edas.<\/p>\n\n\n\n<p><strong>M\u00e1s tarde especific\u00f3: \u00abYo trabaj\u00e9 siempre al lado de \u00e9l, porque no me dej\u00f3 nunca jam\u00e1s crecer.\u00a0<\/strong>A m\u00ed me duele mucho y lo \u00fanico que me importa en este momento es haberme dado cuenta, cuando me revisaron, de todos los abusos que sufr\u00ed por \u00e9l, que<strong>\u00a0\u00e9l me hac\u00eda tener, obligada, relaciones con otras personas, con mujeres, mujeres que, obviamente, lo apa\u00f1an a \u00e9l.<\/strong>\u00a0Una se llama Sandra, otra se llama Norma. Son personas que viven de \u00e9l, reciben plata y por eso se mantienen calladas. Yo hoy me siento sucia, siento que no tengo futuro. No me importa lo que digan, estoy destruida\u00bb.<\/p>\n\n\n\n<figure class=\"wp-block-image size-full is-resized\"><img loading=\"lazy\" decoding=\"async\" src=\"https:\/\/elfederalmendoza.com\/wp-content\/uploads\/2023\/04\/intrusos.jpg\" alt=\"\" class=\"wp-image-21993\" width=\"952\" height=\"531\" srcset=\"https:\/\/elfederalmendoza.com.ar\/wp-content\/uploads\/2023\/04\/intrusos.jpg 812w, https:\/\/elfederalmendoza.com.ar\/wp-content\/uploads\/2023\/04\/intrusos-300x167.jpg 300w, https:\/\/elfederalmendoza.com.ar\/wp-content\/uploads\/2023\/04\/intrusos-768x428.jpg 768w\" sizes=\"auto, (max-width: 952px) 100vw, 952px\" \/><\/figure>\n\n\n\n<p>Y dio m\u00e1s detalles:&nbsp;<strong>\u00abAbus\u00f3 de m\u00ed desde todas las maneras posibles, ejerci\u00f3 violencia de todas maneras posibles.<\/strong>&nbsp;Nunca tuve una tarjeta de cr\u00e9dito, yo no pod\u00eda salir, yo no s\u00e9 lo que es ir a tomar un caf\u00e9 con una amiga ni salir a la noche, porque me empezaba a amenazar. Para \u00e9l todas mis amigas son locas, nunca pude compartir un cumplea\u00f1os con ellas, nada. De hecho, estaba privada de la libertad\u00bb. En este punto dijo que el humorista ten\u00eda una llave m\u00e1s (que ella no ten\u00eda) para dejarla encerrada.<\/p>\n\n\n\n<p>Finalmente remarc\u00f3:\u00a0<strong>\u00abYo naturalic\u00e9 todo, los abusos, la violencia. Yo me sentaba a hacer pis y hab\u00eda un hacha, y su argumento era siempre, &#8216;por si entraba un chorro&#8217;,<\/strong>\u00a0hab\u00eda armas por todos lados, las que salieron a la luz no son las armas que yo declar\u00e9, las armas esas las escondi\u00f3, y eso se se tiene que investigar. No soy la primera, no, hay otra v\u00edctima, la que no puedo nombrar sin que esa me autorice, pero hay las v\u00edctimas de \u00e9l. Su hijo no lo puede ni ver\u00bb.<\/p>\n\n\n\n<figure class=\"wp-block-embed is-type-video is-provider-youtube wp-block-embed-youtube wp-embed-aspect-16-9 wp-has-aspect-ratio\"><div class=\"wp-block-embed__wrapper\">\n<iframe loading=\"lazy\" title=\"\u2757\ufe0f Ver\u00f3nica, la denunciante de Cacho Garay, habl\u00f3 en #Intrusos: &quot;Viv\u00ed 13 a\u00f1os de tortura&quot;\" width=\"640\" height=\"360\" src=\"https:\/\/www.youtube.com\/embed\/T8FfHtGcqL4?feature=oembed\" frameborder=\"0\" allow=\"accelerometer; autoplay; clipboard-write; encrypted-media; gyroscope; picture-in-picture; web-share\" referrerpolicy=\"strict-origin-when-cross-origin\" allowfullscreen><\/iframe>\n<\/div><\/figure>\n","protected":false},"excerpt":{"rendered":"<p>Despu\u00e9s de la denuncia e imputaci\u00f3n que recayeron sobre el humorista mendocino Cacho Garay, el artista decidi\u00f3 dar a conocer su versi\u00f3n de los hechos que lo ponen en el ojo de una tormenta judicial y medi\u00e1tica. Entre l\u00e1grimas dijo que los hechos de los que se los acusa no ocurrieron, ni en C\u00f3rdoba ni<a class=\"read-more\" href=\"https:\/\/elfederalmendoza.com.ar\/index.php\/2023\/04\/15\/video-cacho-garay-entre-lagrimas-me-arruino-la-carrera\/\"> [&hellip;]<\/a><\/p>\n","protected":false},"author":2,"featured_media":21990,"comment_status":"open","ping_status":"open","sticky":false,"template":"","format":"standard","meta":{"footnotes":""},"categories":[1],"tags":[],"class_list":["post-21989","post","type-post","status-publish","format-standard","has-post-thumbnail","hentry","category-mza"],"rttpg_featured_image_url":{"full":["https:\/\/elfederalmendoza.com.ar\/wp-content\/uploads\/2023\/04\/cacho-garay-entrevista.jpg",822,582,false],"landscape":["https:\/\/elfederalmendoza.com.ar\/wp-content\/uploads\/2023\/04\/cacho-garay-entrevista.jpg",822,582,false],"portraits":["https:\/\/elfederalmendoza.com.ar\/wp-content\/uploads\/2023\/04\/cacho-garay-entrevista.jpg",822,582,false],"thumbnail":["https:\/\/elfederalmendoza.com.ar\/wp-content\/uploads\/2023\/04\/cacho-garay-entrevista-150x150.jpg",150,150,true],"medium":["https:\/\/elfederalmendoza.com.ar\/wp-content\/uploads\/2023\/04\/cacho-garay-entrevista-300x212.jpg",300,212,true],"large":["https:\/\/elfederalmendoza.com.ar\/wp-content\/uploads\/2023\/04\/cacho-garay-entrevista.jpg",640,453,false],"1536x1536":["https:\/\/elfederalmendoza.com.ar\/wp-content\/uploads\/2023\/04\/cacho-garay-entrevista.jpg",822,582,false],"2048x2048":["https:\/\/elfederalmendoza.com.ar\/wp-content\/uploads\/2023\/04\/cacho-garay-entrevista.jpg",822,582,false],"ultp_layout_landscape_large":["https:\/\/elfederalmendoza.com.ar\/wp-content\/uploads\/2023\/04\/cacho-garay-entrevista.jpg",822,582,false],"ultp_layout_landscape":["https:\/\/elfederalmendoza.com.ar\/wp-content\/uploads\/2023\/04\/cacho-garay-entrevista-822x570.jpg",822,570,true],"ultp_layout_portrait":["https:\/\/elfederalmendoza.com.ar\/wp-content\/uploads\/2023\/04\/cacho-garay-entrevista-600x582.jpg",600,582,true],"ultp_layout_square":["https:\/\/elfederalmendoza.com.ar\/wp-content\/uploads\/2023\/04\/cacho-garay-entrevista-600x582.jpg",600,582,true],"rpwe-thumbnail":["https:\/\/elfederalmendoza.com.ar\/wp-content\/uploads\/2023\/04\/cacho-garay-entrevista-45x45.jpg",45,45,true],"advps-thumb-one":["https:\/\/elfederalmendoza.com.ar\/wp-content\/uploads\/2023\/04\/cacho-garay-entrevista-822x420.jpg",822,420,true]},"rttpg_author":{"display_name":"Redacci\u00f3n El Federal","author_link":"https:\/\/elfederalmendoza.com.ar\/index.php\/author\/angelflores\/"},"rttpg_comment":0,"rttpg_category":"<a href=\"https:\/\/elfederalmendoza.com.ar\/index.php\/category\/mza\/\" rel=\"category tag\">Mendoza<\/a>","rttpg_excerpt":"Despu\u00e9s de la denuncia e imputaci\u00f3n que recayeron sobre el humorista mendocino Cacho Garay, el artista decidi\u00f3 dar a conocer su versi\u00f3n de los hechos que lo ponen en el ojo de una tormenta judicial y medi\u00e1tica. Entre l\u00e1grimas dijo que los hechos de los que se los acusa no ocurrieron, ni en C\u00f3rdoba ni&hellip;","_links":{"self":[{"href":"https:\/\/elfederalmendoza.com.ar\/index.php\/wp-json\/wp\/v2\/posts\/21989","targetHints":{"allow":["GET"]}}],"collection":[{"href":"https:\/\/elfederalmendoza.com.ar\/index.php\/wp-json\/wp\/v2\/posts"}],"about":[{"href":"https:\/\/elfederalmendoza.com.ar\/index.php\/wp-json\/wp\/v2\/types\/post"}],"author":[{"embeddable":true,"href":"https:\/\/elfederalmendoza.com.ar\/index.php\/wp-json\/wp\/v2\/users\/2"}],"replies":[{"embeddable":true,"href":"https:\/\/elfederalmendoza.com.ar\/index.php\/wp-json\/wp\/v2\/comments?post=21989"}],"version-history":[{"count":2,"href":"https:\/\/elfederalmendoza.com.ar\/index.php\/wp-json\/wp\/v2\/posts\/21989\/revisions"}],"predecessor-version":[{"id":21994,"href":"https:\/\/elfederalmendoza.com.ar\/index.php\/wp-json\/wp\/v2\/posts\/21989\/revisions\/21994"}],"wp:featuredmedia":[{"embeddable":true,"href":"https:\/\/elfederalmendoza.com.ar\/index.php\/wp-json\/wp\/v2\/media\/21990"}],"wp:attachment":[{"href":"https:\/\/elfederalmendoza.com.ar\/index.php\/wp-json\/wp\/v2\/media?parent=21989"}],"wp:term":[{"taxonomy":"category","embeddable":true,"href":"https:\/\/elfederalmendoza.com.ar\/index.php\/wp-json\/wp\/v2\/categories?post=21989"},{"taxonomy":"post_tag","embeddable":true,"href":"https:\/\/elfederalmendoza.com.ar\/index.php\/wp-json\/wp\/v2\/tags?post=21989"}],"curies":[{"name":"wp","href":"https:\/\/api.w.org\/{rel}","templated":true}]}}