{"id":21995,"date":"2023-04-15T13:10:44","date_gmt":"2023-04-15T16:10:44","guid":{"rendered":"https:\/\/elfederalmendoza.com\/?p=21995"},"modified":"2023-04-15T13:10:49","modified_gmt":"2023-04-15T16:10:49","slug":"robo-una-bicicleta-en-una-escuela-de-san-rafael-se-arrepintio-y-la-devolvio","status":"publish","type":"post","link":"https:\/\/elfederalmendoza.com.ar\/index.php\/2023\/04\/15\/robo-una-bicicleta-en-una-escuela-de-san-rafael-se-arrepintio-y-la-devolvio\/","title":{"rendered":"Rob\u00f3 una bicicleta en una escuela de San Rafael, se arrepinti\u00f3 y la devolvi\u00f3"},"content":{"rendered":"\n<p>Un curioso hecho sorprendi\u00f3 a la comunidad del departamento\u00a0San Rafael\u00a0luego de que un sujeto ingresara a una escuela y se llevara la<strong>\u00a0bicicleta<\/strong>\u00a0de un alumno muy humilde. Tras ser difundido el video del robo, el ladr\u00f3n arrepentido se present\u00f3 en el establecimiento para devolver la<strong>\u00a0bicicleta<\/strong>\u00a0y pedir disculpas.<\/p>\n\n\n<div class=\"wp-block-image\">\n<figure class=\"aligncenter size-full\"><img loading=\"lazy\" decoding=\"async\" width=\"597\" height=\"542\" src=\"https:\/\/elfederalmendoza.com\/wp-content\/uploads\/2023\/04\/643a324429b19__780x780.webp\" alt=\"\" class=\"wp-image-21996\" srcset=\"https:\/\/elfederalmendoza.com.ar\/wp-content\/uploads\/2023\/04\/643a324429b19__780x780.webp 597w, https:\/\/elfederalmendoza.com.ar\/wp-content\/uploads\/2023\/04\/643a324429b19__780x780-300x272.webp 300w\" sizes=\"auto, (max-width: 597px) 100vw, 597px\" \/><\/figure><\/div>\n\n\n<p>La historia de este ladr\u00f3n ha conmovido a la comunidad educativa de San Rafael. El jueves por la tarde, un sujeto ingres\u00f3 a la<strong>&nbsp;escuela<\/strong>&nbsp;Islas Malvinas y se llev\u00f3 la bicicleta de un alumno de escasos recursos de que vive en Las Paredes y que la utiliza para ir todos los d\u00edas a estudiar. El&nbsp;<strong>robo<\/strong>&nbsp;qued\u00f3 filmado, pero las autoridades decidieron esperar y difundir el video antes de hacer la denuncia policial.<\/p>\n\n\n\n<p>El viernes por la tarde, el ladr\u00f3n arrepentido se present\u00f3 en la escuela para devolver la\u00a0<strong>bicicleta<\/strong>. El joven pidi\u00f3 disculpas tanto a los directivos como al alumno afectado. Este gesto de arrepentimiento gener\u00f3 emoci\u00f3n en la comunidad educativa y ha dejado a todos sorprendidos.<\/p>\n\n\n<div class=\"wp-block-image\">\n<figure class=\"aligncenter size-large\"><img loading=\"lazy\" decoding=\"async\" width=\"576\" height=\"1024\" src=\"https:\/\/elfederalmendoza.com\/wp-content\/uploads\/2023\/04\/643a3264db45f__780x780-576x1024.webp\" alt=\"\" class=\"wp-image-21997\" srcset=\"https:\/\/elfederalmendoza.com.ar\/wp-content\/uploads\/2023\/04\/643a3264db45f__780x780-576x1024.webp 576w, https:\/\/elfederalmendoza.com.ar\/wp-content\/uploads\/2023\/04\/643a3264db45f__780x780-169x300.webp 169w, https:\/\/elfederalmendoza.com.ar\/wp-content\/uploads\/2023\/04\/643a3264db45f__780x780-768x1366.webp 768w, https:\/\/elfederalmendoza.com.ar\/wp-content\/uploads\/2023\/04\/643a3264db45f__780x780.webp 780w\" sizes=\"auto, (max-width: 576px) 100vw, 576px\" \/><\/figure><\/div>\n\n\n<p>Este acto de arrepentimiento y devoluci\u00f3n de lo robado es una muestra de que una persona puede reflexionar y reparar un mal acto. La historia del ladr\u00f3n que devolvi\u00f3 la\u00a0<strong>bicicleta<\/strong>\u00a0representa una ense\u00f1anza para todos.<\/p>\n","protected":false},"excerpt":{"rendered":"<p>Un curioso hecho sorprendi\u00f3 a la comunidad del departamento\u00a0San Rafael\u00a0luego de que un sujeto ingresara a una escuela y se llevara la\u00a0bicicleta\u00a0de un alumno muy humilde. Tras ser difundido el video del robo, el ladr\u00f3n arrepentido se present\u00f3 en el establecimiento para devolver la\u00a0bicicleta\u00a0y pedir disculpas. La historia de este ladr\u00f3n ha conmovido a la<a class=\"read-more\" href=\"https:\/\/elfederalmendoza.com.ar\/index.php\/2023\/04\/15\/robo-una-bicicleta-en-una-escuela-de-san-rafael-se-arrepintio-y-la-devolvio\/\"> [&hellip;]<\/a><\/p>\n","protected":false},"author":2,"featured_media":21998,"comment_status":"open","ping_status":"open","sticky":false,"template":"","format":"standard","meta":{"footnotes":""},"categories":[1],"tags":[],"class_list":["post-21995","post","type-post","status-publish","format-standard","has-post-thumbnail","hentry","category-mza"],"rttpg_featured_image_url":{"full":["https:\/\/elfederalmendoza.com.ar\/wp-content\/uploads\/2023\/04\/643a324429b19__700x430.webp",700,430,false],"landscape":["https:\/\/elfederalmendoza.com.ar\/wp-content\/uploads\/2023\/04\/643a324429b19__700x430.webp",700,430,false],"portraits":["https:\/\/elfederalmendoza.com.ar\/wp-content\/uploads\/2023\/04\/643a324429b19__700x430.webp",700,430,false],"thumbnail":["https:\/\/elfederalmendoza.com.ar\/wp-content\/uploads\/2023\/04\/643a324429b19__700x430-150x150.webp",150,150,true],"medium":["https:\/\/elfederalmendoza.com.ar\/wp-content\/uploads\/2023\/04\/643a324429b19__700x430-300x184.webp",300,184,true],"large":["https:\/\/elfederalmendoza.com.ar\/wp-content\/uploads\/2023\/04\/643a324429b19__700x430.webp",640,393,false],"1536x1536":["https:\/\/elfederalmendoza.com.ar\/wp-content\/uploads\/2023\/04\/643a324429b19__700x430.webp",700,430,false],"2048x2048":["https:\/\/elfederalmendoza.com.ar\/wp-content\/uploads\/2023\/04\/643a324429b19__700x430.webp",700,430,false],"ultp_layout_landscape_large":["https:\/\/elfederalmendoza.com.ar\/wp-content\/uploads\/2023\/04\/643a324429b19__700x430.webp",700,430,false],"ultp_layout_landscape":["https:\/\/elfederalmendoza.com.ar\/wp-content\/uploads\/2023\/04\/643a324429b19__700x430.webp",700,430,false],"ultp_layout_portrait":["https:\/\/elfederalmendoza.com.ar\/wp-content\/uploads\/2023\/04\/643a324429b19__700x430-600x430.webp",600,430,true],"ultp_layout_square":["https:\/\/elfederalmendoza.com.ar\/wp-content\/uploads\/2023\/04\/643a324429b19__700x430-600x430.webp",600,430,true],"rpwe-thumbnail":["https:\/\/elfederalmendoza.com.ar\/wp-content\/uploads\/2023\/04\/643a324429b19__700x430-45x45.webp",45,45,true],"advps-thumb-one":["https:\/\/elfederalmendoza.com.ar\/wp-content\/uploads\/2023\/04\/643a324429b19__700x430-700x420.webp",700,420,true]},"rttpg_author":{"display_name":"Redacci\u00f3n El Federal","author_link":"https:\/\/elfederalmendoza.com.ar\/index.php\/author\/angelflores\/"},"rttpg_comment":0,"rttpg_category":"<a href=\"https:\/\/elfederalmendoza.com.ar\/index.php\/category\/mza\/\" rel=\"category tag\">Mendoza<\/a>","rttpg_excerpt":"Un curioso hecho sorprendi\u00f3 a la comunidad del departamento\u00a0San Rafael\u00a0luego de que un sujeto ingresara a una escuela y se llevara la\u00a0bicicleta\u00a0de un alumno muy humilde. Tras ser difundido el video del robo, el ladr\u00f3n arrepentido se present\u00f3 en el establecimiento para devolver la\u00a0bicicleta\u00a0y pedir disculpas. La historia de este ladr\u00f3n ha conmovido a la&hellip;","_links":{"self":[{"href":"https:\/\/elfederalmendoza.com.ar\/index.php\/wp-json\/wp\/v2\/posts\/21995","targetHints":{"allow":["GET"]}}],"collection":[{"href":"https:\/\/elfederalmendoza.com.ar\/index.php\/wp-json\/wp\/v2\/posts"}],"about":[{"href":"https:\/\/elfederalmendoza.com.ar\/index.php\/wp-json\/wp\/v2\/types\/post"}],"author":[{"embeddable":true,"href":"https:\/\/elfederalmendoza.com.ar\/index.php\/wp-json\/wp\/v2\/users\/2"}],"replies":[{"embeddable":true,"href":"https:\/\/elfederalmendoza.com.ar\/index.php\/wp-json\/wp\/v2\/comments?post=21995"}],"version-history":[{"count":1,"href":"https:\/\/elfederalmendoza.com.ar\/index.php\/wp-json\/wp\/v2\/posts\/21995\/revisions"}],"predecessor-version":[{"id":21999,"href":"https:\/\/elfederalmendoza.com.ar\/index.php\/wp-json\/wp\/v2\/posts\/21995\/revisions\/21999"}],"wp:featuredmedia":[{"embeddable":true,"href":"https:\/\/elfederalmendoza.com.ar\/index.php\/wp-json\/wp\/v2\/media\/21998"}],"wp:attachment":[{"href":"https:\/\/elfederalmendoza.com.ar\/index.php\/wp-json\/wp\/v2\/media?parent=21995"}],"wp:term":[{"taxonomy":"category","embeddable":true,"href":"https:\/\/elfederalmendoza.com.ar\/index.php\/wp-json\/wp\/v2\/categories?post=21995"},{"taxonomy":"post_tag","embeddable":true,"href":"https:\/\/elfederalmendoza.com.ar\/index.php\/wp-json\/wp\/v2\/tags?post=21995"}],"curies":[{"name":"wp","href":"https:\/\/api.w.org\/{rel}","templated":true}]}}