{"id":22000,"date":"2023-04-15T13:29:01","date_gmt":"2023-04-15T16:29:01","guid":{"rendered":"https:\/\/elfederalmendoza.com\/?p=22000"},"modified":"2023-04-15T13:29:03","modified_gmt":"2023-04-15T16:29:03","slug":"desaparecio-hace-15-dias-en-mendoza-y-no-hay-noticias-de-ella-familiares-de-ivana-molina-hicieron-una-marcha","status":"publish","type":"post","link":"https:\/\/elfederalmendoza.com.ar\/index.php\/2023\/04\/15\/desaparecio-hace-15-dias-en-mendoza-y-no-hay-noticias-de-ella-familiares-de-ivana-molina-hicieron-una-marcha\/","title":{"rendered":"Desapareci\u00f3 hace 15 d\u00edas en Mendoza y no hay noticias de ella: familiares de Ivana Molina hicieron una marcha"},"content":{"rendered":"\n<p>Vecinos y familiares de<strong>&nbsp;Ivana Molina<\/strong>, una mujer de 39 a\u00f1os que se encuentra&nbsp;<strong>desaparecida&nbsp;<\/strong>desde el 1 de abril, realizaron una marcha en el barrio San Mart\u00edn de la ciudad de&nbsp;<strong>Mendoza<\/strong>&nbsp;para pedir por su aparici\u00f3n.<\/p>\n\n\n\n<p>Seg\u00fan informaci\u00f3n proporcionada por los allegados a<strong>&nbsp;Ivana<\/strong>&nbsp;<strong>Molina<\/strong>, la \u00faltima vez que se tuvo contacto con ella fue a trav\u00e9s de WhatsApp en la mencionada fecha. Desde entonces, no se ha sabido nada de su paradero.<\/p>\n\n\n\n<p>Adem\u00e1s, los vecinos y familiares aseguran haber visto a Molina por \u00faltima vez en el barrio Olivares, donde resid\u00eda. La preocupaci\u00f3n por su<strong>&nbsp;desaparici\u00f3n<\/strong>&nbsp;crece cada d\u00eda, por lo que se espera que la marcha pueda ayudar en la b\u00fasqueda y pronto puedan obtenerse novedades sobre su paradero.<\/p>\n\n\n\n<p>Los manifestantes tambi\u00e9n pidieron por la aparici\u00f3n de Ivana durante una concentraci\u00f3n realizada en calle Boulogne Sur Mer a la altura del ingreso al hospital Luis Lagomaggiore.<\/p>\n\n\n\n<p><\/p>\n","protected":false},"excerpt":{"rendered":"<p>Vecinos y familiares de&nbsp;Ivana Molina, una mujer de 39 a\u00f1os que se encuentra&nbsp;desaparecida&nbsp;desde el 1 de abril, realizaron una marcha en el barrio San Mart\u00edn de la ciudad de&nbsp;Mendoza&nbsp;para pedir por su aparici\u00f3n. Seg\u00fan informaci\u00f3n proporcionada por los allegados a&nbsp;Ivana&nbsp;Molina, la \u00faltima vez que se tuvo contacto con ella fue a trav\u00e9s de WhatsApp en<a class=\"read-more\" href=\"https:\/\/elfederalmendoza.com.ar\/index.php\/2023\/04\/15\/desaparecio-hace-15-dias-en-mendoza-y-no-hay-noticias-de-ella-familiares-de-ivana-molina-hicieron-una-marcha\/\"> [&hellip;]<\/a><\/p>\n","protected":false},"author":2,"featured_media":22001,"comment_status":"open","ping_status":"open","sticky":false,"template":"","format":"standard","meta":{"footnotes":""},"categories":[1],"tags":[],"class_list":["post-22000","post","type-post","status-publish","format-standard","has-post-thumbnail","hentry","category-mza"],"rttpg_featured_image_url":{"full":["https:\/\/elfederalmendoza.com.ar\/wp-content\/uploads\/2023\/04\/643a2005e540c__780x780.webp",780,439,false],"landscape":["https:\/\/elfederalmendoza.com.ar\/wp-content\/uploads\/2023\/04\/643a2005e540c__780x780.webp",780,439,false],"portraits":["https:\/\/elfederalmendoza.com.ar\/wp-content\/uploads\/2023\/04\/643a2005e540c__780x780.webp",780,439,false],"thumbnail":["https:\/\/elfederalmendoza.com.ar\/wp-content\/uploads\/2023\/04\/643a2005e540c__780x780-150x150.webp",150,150,true],"medium":["https:\/\/elfederalmendoza.com.ar\/wp-content\/uploads\/2023\/04\/643a2005e540c__780x780-300x169.webp",300,169,true],"large":["https:\/\/elfederalmendoza.com.ar\/wp-content\/uploads\/2023\/04\/643a2005e540c__780x780.webp",640,360,false],"1536x1536":["https:\/\/elfederalmendoza.com.ar\/wp-content\/uploads\/2023\/04\/643a2005e540c__780x780.webp",780,439,false],"2048x2048":["https:\/\/elfederalmendoza.com.ar\/wp-content\/uploads\/2023\/04\/643a2005e540c__780x780.webp",780,439,false],"ultp_layout_landscape_large":["https:\/\/elfederalmendoza.com.ar\/wp-content\/uploads\/2023\/04\/643a2005e540c__780x780.webp",780,439,false],"ultp_layout_landscape":["https:\/\/elfederalmendoza.com.ar\/wp-content\/uploads\/2023\/04\/643a2005e540c__780x780.webp",780,439,false],"ultp_layout_portrait":["https:\/\/elfederalmendoza.com.ar\/wp-content\/uploads\/2023\/04\/643a2005e540c__780x780-600x439.webp",600,439,true],"ultp_layout_square":["https:\/\/elfederalmendoza.com.ar\/wp-content\/uploads\/2023\/04\/643a2005e540c__780x780-600x439.webp",600,439,true],"rpwe-thumbnail":["https:\/\/elfederalmendoza.com.ar\/wp-content\/uploads\/2023\/04\/643a2005e540c__780x780-45x45.webp",45,45,true],"advps-thumb-one":["https:\/\/elfederalmendoza.com.ar\/wp-content\/uploads\/2023\/04\/643a2005e540c__780x780-780x420.webp",780,420,true]},"rttpg_author":{"display_name":"Redacci\u00f3n El Federal","author_link":"https:\/\/elfederalmendoza.com.ar\/index.php\/author\/angelflores\/"},"rttpg_comment":0,"rttpg_category":"<a href=\"https:\/\/elfederalmendoza.com.ar\/index.php\/category\/mza\/\" rel=\"category tag\">Mendoza<\/a>","rttpg_excerpt":"Vecinos y familiares de&nbsp;Ivana Molina, una mujer de 39 a\u00f1os que se encuentra&nbsp;desaparecida&nbsp;desde el 1 de abril, realizaron una marcha en el barrio San Mart\u00edn de la ciudad de&nbsp;Mendoza&nbsp;para pedir por su aparici\u00f3n. Seg\u00fan informaci\u00f3n proporcionada por los allegados a&nbsp;Ivana&nbsp;Molina, la \u00faltima vez que se tuvo contacto con ella fue a trav\u00e9s de WhatsApp en&hellip;","_links":{"self":[{"href":"https:\/\/elfederalmendoza.com.ar\/index.php\/wp-json\/wp\/v2\/posts\/22000","targetHints":{"allow":["GET"]}}],"collection":[{"href":"https:\/\/elfederalmendoza.com.ar\/index.php\/wp-json\/wp\/v2\/posts"}],"about":[{"href":"https:\/\/elfederalmendoza.com.ar\/index.php\/wp-json\/wp\/v2\/types\/post"}],"author":[{"embeddable":true,"href":"https:\/\/elfederalmendoza.com.ar\/index.php\/wp-json\/wp\/v2\/users\/2"}],"replies":[{"embeddable":true,"href":"https:\/\/elfederalmendoza.com.ar\/index.php\/wp-json\/wp\/v2\/comments?post=22000"}],"version-history":[{"count":1,"href":"https:\/\/elfederalmendoza.com.ar\/index.php\/wp-json\/wp\/v2\/posts\/22000\/revisions"}],"predecessor-version":[{"id":22002,"href":"https:\/\/elfederalmendoza.com.ar\/index.php\/wp-json\/wp\/v2\/posts\/22000\/revisions\/22002"}],"wp:featuredmedia":[{"embeddable":true,"href":"https:\/\/elfederalmendoza.com.ar\/index.php\/wp-json\/wp\/v2\/media\/22001"}],"wp:attachment":[{"href":"https:\/\/elfederalmendoza.com.ar\/index.php\/wp-json\/wp\/v2\/media?parent=22000"}],"wp:term":[{"taxonomy":"category","embeddable":true,"href":"https:\/\/elfederalmendoza.com.ar\/index.php\/wp-json\/wp\/v2\/categories?post=22000"},{"taxonomy":"post_tag","embeddable":true,"href":"https:\/\/elfederalmendoza.com.ar\/index.php\/wp-json\/wp\/v2\/tags?post=22000"}],"curies":[{"name":"wp","href":"https:\/\/api.w.org\/{rel}","templated":true}]}}