{"id":22003,"date":"2023-04-15T02:53:00","date_gmt":"2023-04-15T05:53:00","guid":{"rendered":"https:\/\/elfederalmendoza.com\/?p=22003"},"modified":"2023-04-15T14:57:44","modified_gmt":"2023-04-15T17:57:44","slug":"florencia-kirchner-denunciara-a-viviana-canosa-y-laura-di-marco-hay-umbrales-que-no-podemos-tolerar-que-se-sigan-cruzando","status":"publish","type":"post","link":"https:\/\/elfederalmendoza.com.ar\/index.php\/2023\/04\/15\/florencia-kirchner-denunciara-a-viviana-canosa-y-laura-di-marco-hay-umbrales-que-no-podemos-tolerar-que-se-sigan-cruzando\/","title":{"rendered":"Florencia Kirchner denunciar\u00e1 a Viviana Canosa y Laura Di Marco: \u00abHay umbrales que no podemos tolerar que se sigan cruzando\u00bb"},"content":{"rendered":"\n<p>Florencia Kirchner, hija de la vicepresidenta Cristina Fern\u00e1ndez de Kirchner, denunciar\u00e1 a las periodistas Viviana Canosa y Laura Di Marco tras los graves dichos televisivos sobre su estado de salud.\u00a0<\/p>\n\n\n\n<p>Desde sus redes sociales,&nbsp;se refiri\u00f3 a los&nbsp;<strong>\u00abgraves y violentos dichos\u00bb<\/strong>&nbsp;contra su persona y la de su madre durante el jueves 6 de abril y decidi\u00f3 citar a la Asociaci\u00f3n Argentina de Salud Mental (AASM), que sac\u00f3 un comunicado repudiando el hecho.&nbsp;<\/p>\n\n\n\n<p>Canosa y Di Marco se\u00f1alaron que sufr\u00eda una supuesta \u00abanorexia nerviosa\u00bb como consecuencia de la \u00abfalta de madre\u00bb, apuntando directamente contra la expresidenta.\u00a0<\/p>\n\n\n\n<p><strong>\u00abEn democracia no todo est\u00e1 permitido y hay umbrales que no podemos tolerar se sigan cruzando\u00bb<\/strong>, enfatiz\u00f3 Florencia Kirchner, quien acus\u00f3 que el \u00fanico objetivo de las periodistas \u00abfue provocar dolor\u00bb .<\/p>\n\n\n\n<p>Por tal motivo, manifest\u00f3: \u00abAnte estos ataques que golpean en padecimientos tan sensibles para m\u00ed y para tantas personas, vulnerando derechos humanos y personalismos, he instruido a mis abogados a que inicien todas las acciones legales que correspondan\u00bb.<\/p>\n\n\n\n<p>Sobre el cierre del comunicado, Florencia Kirchner agradeci\u00f3 a asociaciones profesionales, colectivos period\u00edsticos, entidades p\u00fablicas, organismos internacionales y organizaciones pol\u00edticas que se pronunciaron y repudiaron el hecho. \u00abA cada una de las personas que me hicieron llegar ese tant\u00edsimo afecto a trav\u00e9s de todas las v\u00edas posibles: siempre gracias\u00bb, concluy\u00f3.<\/p>\n","protected":false},"excerpt":{"rendered":"<p>Florencia Kirchner, hija de la vicepresidenta Cristina Fern\u00e1ndez de Kirchner, denunciar\u00e1 a las periodistas Viviana Canosa y Laura Di Marco tras los graves dichos televisivos sobre su estado de salud.\u00a0 Desde sus redes sociales,&nbsp;se refiri\u00f3 a los&nbsp;\u00abgraves y violentos dichos\u00bb&nbsp;contra su persona y la de su madre durante el jueves 6 de abril y decidi\u00f3<a class=\"read-more\" href=\"https:\/\/elfederalmendoza.com.ar\/index.php\/2023\/04\/15\/florencia-kirchner-denunciara-a-viviana-canosa-y-laura-di-marco-hay-umbrales-que-no-podemos-tolerar-que-se-sigan-cruzando\/\"> [&hellip;]<\/a><\/p>\n","protected":false},"author":2,"featured_media":22004,"comment_status":"open","ping_status":"open","sticky":false,"template":"","format":"standard","meta":{"footnotes":""},"categories":[5618],"tags":[],"class_list":["post-22003","post","type-post","status-publish","format-standard","has-post-thumbnail","hentry","category-arg"],"rttpg_featured_image_url":{"full":["https:\/\/elfederalmendoza.com.ar\/wp-content\/uploads\/2023\/04\/720-1.jpeg",1280,720,false],"landscape":["https:\/\/elfederalmendoza.com.ar\/wp-content\/uploads\/2023\/04\/720-1.jpeg",1280,720,false],"portraits":["https:\/\/elfederalmendoza.com.ar\/wp-content\/uploads\/2023\/04\/720-1.jpeg",1280,720,false],"thumbnail":["https:\/\/elfederalmendoza.com.ar\/wp-content\/uploads\/2023\/04\/720-1-150x150.jpeg",150,150,true],"medium":["https:\/\/elfederalmendoza.com.ar\/wp-content\/uploads\/2023\/04\/720-1-300x169.jpeg",300,169,true],"large":["https:\/\/elfederalmendoza.com.ar\/wp-content\/uploads\/2023\/04\/720-1-1024x576.jpeg",640,360,true],"1536x1536":["https:\/\/elfederalmendoza.com.ar\/wp-content\/uploads\/2023\/04\/720-1.jpeg",1280,720,false],"2048x2048":["https:\/\/elfederalmendoza.com.ar\/wp-content\/uploads\/2023\/04\/720-1.jpeg",1280,720,false],"ultp_layout_landscape_large":["https:\/\/elfederalmendoza.com.ar\/wp-content\/uploads\/2023\/04\/720-1-1200x720.jpeg",1200,720,true],"ultp_layout_landscape":["https:\/\/elfederalmendoza.com.ar\/wp-content\/uploads\/2023\/04\/720-1-870x570.jpeg",870,570,true],"ultp_layout_portrait":["https:\/\/elfederalmendoza.com.ar\/wp-content\/uploads\/2023\/04\/720-1-600x720.jpeg",600,720,true],"ultp_layout_square":["https:\/\/elfederalmendoza.com.ar\/wp-content\/uploads\/2023\/04\/720-1-600x600.jpeg",600,600,true],"rpwe-thumbnail":["https:\/\/elfederalmendoza.com.ar\/wp-content\/uploads\/2023\/04\/720-1-45x45.jpeg",45,45,true],"advps-thumb-one":["https:\/\/elfederalmendoza.com.ar\/wp-content\/uploads\/2023\/04\/720-1-1200x420.jpeg",1200,420,true]},"rttpg_author":{"display_name":"Redacci\u00f3n El Federal","author_link":"https:\/\/elfederalmendoza.com.ar\/index.php\/author\/angelflores\/"},"rttpg_comment":0,"rttpg_category":"<a href=\"https:\/\/elfederalmendoza.com.ar\/index.php\/category\/arg\/\" rel=\"category tag\">Argentina<\/a>","rttpg_excerpt":"Florencia Kirchner, hija de la vicepresidenta Cristina Fern\u00e1ndez de Kirchner, denunciar\u00e1 a las periodistas Viviana Canosa y Laura Di Marco tras los graves dichos televisivos sobre su estado de salud.\u00a0 Desde sus redes sociales,&nbsp;se refiri\u00f3 a los&nbsp;\u00abgraves y violentos dichos\u00bb&nbsp;contra su persona y la de su madre durante el jueves 6 de abril y decidi\u00f3&hellip;","_links":{"self":[{"href":"https:\/\/elfederalmendoza.com.ar\/index.php\/wp-json\/wp\/v2\/posts\/22003","targetHints":{"allow":["GET"]}}],"collection":[{"href":"https:\/\/elfederalmendoza.com.ar\/index.php\/wp-json\/wp\/v2\/posts"}],"about":[{"href":"https:\/\/elfederalmendoza.com.ar\/index.php\/wp-json\/wp\/v2\/types\/post"}],"author":[{"embeddable":true,"href":"https:\/\/elfederalmendoza.com.ar\/index.php\/wp-json\/wp\/v2\/users\/2"}],"replies":[{"embeddable":true,"href":"https:\/\/elfederalmendoza.com.ar\/index.php\/wp-json\/wp\/v2\/comments?post=22003"}],"version-history":[{"count":1,"href":"https:\/\/elfederalmendoza.com.ar\/index.php\/wp-json\/wp\/v2\/posts\/22003\/revisions"}],"predecessor-version":[{"id":22005,"href":"https:\/\/elfederalmendoza.com.ar\/index.php\/wp-json\/wp\/v2\/posts\/22003\/revisions\/22005"}],"wp:featuredmedia":[{"embeddable":true,"href":"https:\/\/elfederalmendoza.com.ar\/index.php\/wp-json\/wp\/v2\/media\/22004"}],"wp:attachment":[{"href":"https:\/\/elfederalmendoza.com.ar\/index.php\/wp-json\/wp\/v2\/media?parent=22003"}],"wp:term":[{"taxonomy":"category","embeddable":true,"href":"https:\/\/elfederalmendoza.com.ar\/index.php\/wp-json\/wp\/v2\/categories?post=22003"},{"taxonomy":"post_tag","embeddable":true,"href":"https:\/\/elfederalmendoza.com.ar\/index.php\/wp-json\/wp\/v2\/tags?post=22003"}],"curies":[{"name":"wp","href":"https:\/\/api.w.org\/{rel}","templated":true}]}}