{"id":22008,"date":"2023-04-16T10:16:48","date_gmt":"2023-04-16T13:16:48","guid":{"rendered":"https:\/\/elfederalmendoza.com\/?p=22008"},"modified":"2023-04-16T10:16:49","modified_gmt":"2023-04-16T13:16:49","slug":"preocupacion-en-el-gobierno-por-el-avance-de-javier-milei-temen-que-el-fdt-se-ubique-como-tercera-fuerza-politica-en-las-paso","status":"publish","type":"post","link":"https:\/\/elfederalmendoza.com.ar\/index.php\/2023\/04\/16\/preocupacion-en-el-gobierno-por-el-avance-de-javier-milei-temen-que-el-fdt-se-ubique-como-tercera-fuerza-politica-en-las-paso\/","title":{"rendered":"Preocupaci\u00f3n en el Gobierno por el avance de Javier Milei: temen que el FDT se ubique como tercera fuerza pol\u00edtica en las PASO"},"content":{"rendered":"\n<p>Las encuestas de distintas consultoras que llegan a los m\u00e1s importantes despachos del Frente de Todos devolvieron esta semana un panorama preocupante sobre las perspectivas para las elecciones, que empeoran para el Gobierno desde el comienzo del a\u00f1o.&nbsp;<strong>\u201cHoy estamos enfrentando una derrota, o una cat\u00e1strofe\u201d,<\/strong>&nbsp;dijo un funcionario del oficialismo con experiencia en el an\u00e1lisis de opini\u00f3n p\u00fablica, que sigue los n\u00fameros muy de cerca. La perspectiva de que habr\u00e1 un rev\u00e9s grave est\u00e1 cada vez m\u00e1s afianzada en el espacio, donde referentes del kirchnerismo y del ala moderada admiten que ven&nbsp;<strong>muy lejana la posibilidad de un repunte antes de las PASO.<\/strong><\/p>\n\n\n\n<p>Los gr\u00e1ficos parecen confiables si se tienen en cuenta las coincidencias entre las mediciones de corto plazo y los hechos pol\u00edticos m\u00e1s reciente. Seg\u00fan se\u00f1alaron las fuentes, en la semana del esc\u00e1ndalo por el asesinato del chofer en&nbsp;<strong>La Matanza,<\/strong>&nbsp;por ejemplo, registraron un pico marcado en la imagen negativa del FDT. Y en los d\u00edas posteriores al renunciamiento de&nbsp;<strong>Mauricio Macri<\/strong>&nbsp;a su candidatura, los gr\u00e1ficos les mostraron una mejora significativa para el ex presidente y, por consecuencia -seg\u00fan analizaron-de la presidenta de PRO,&nbsp;<strong>Patricia Bullrich.<\/strong><\/p>\n\n\n\n<p>Las mediciones en las que el oficialismo conf\u00eda arrojan un empate muy ajustado contra&nbsp;<strong>Juntos por el Cambio<\/strong>&nbsp;-un dato que consideran alentador-, y colocan a Bullrich a la cabeza y al jefe de gobierno porte\u00f1o,&nbsp;<strong>Horacio Rodr\u00edguez Larreta,<\/strong>&nbsp;en segundo lugar en la interna de Juntos por el Cambio.<\/p>\n\n\n\n<p>El registro m\u00e1s preocupante es el ascenso de&nbsp;<strong>Javier Milei,<\/strong>&nbsp;el \u00fanico candidato de su fuerza -pr\u00e1cticamente unipersonal-, que seg\u00fan las proyecciones del oficialismo tiene&nbsp;<strong>serias posibilidades de quedar primero y desplazarlos al tercer lugar.<\/strong><\/p>\n\n\n\n<p>En el Gobierno, algunos funcionarios que manejan informes de opini\u00f3n p\u00fablica reservados califican ese escenario como muy probable. Otros, directamente, lo dan por sentado. Hoy, nadie en el oficialismo ningunea&nbsp;<strong>la amenaza,<\/strong>&nbsp;como ocurr\u00eda hasta el a\u00f1o pasado, cuando a\u00fan sosten\u00edan que s\u00f3lo se ve\u00eda damnificado JxC. Ahora ven en los guarismos que&nbsp;<strong>varios de los puntos porcentuales que obtiene Milei salen del caudal electoral del FDT.<\/strong><\/p>\n\n\n\n<p>Por ahora, ning\u00fan sector del oficialismo maneja un plan espec\u00edfico para enfrentar el \u201cfen\u00f3meno Milei\u201d. La mayor\u00eda argumenta que la \u00fanica salida es una mejora en la econom\u00eda, que, a su pesar, no consideran factible.<\/p>\n\n\n\n<p>La preocupaci\u00f3n no es nueva, pero crece a medida que pasan los meses y&nbsp;<strong>el l\u00edder libertario se consolida&nbsp;<\/strong>en las encuestas. No fue casualidad que Alberto Fern\u00e1ndez decidiera erguirlo como principal adversario, en lugar de las habituales referencias a&nbsp;<strong>Mauricio Macri,<\/strong>&nbsp;hace dos semanas, en uno de sus contados discursos con contenido pol\u00edtico, donde lo compar\u00f3 con Adolf Hitler.<\/p>\n\n\n\n<p><img loading=\"lazy\" decoding=\"async\" alt=\"M\u00e1ximo Kirchner\" height=\"853\" width=\"1280\" class=\"\" src=\"https:\/\/cloudfront-us-east-1.images.arcpublishing.com\/infobae\/Z2FKJL7A4VHKFCGEUDCVWE46JI.jpeg\" srcset=\"https:\/\/www.infobae.com\/new-resizer\/tVTl3u1WoUZyUEI4At9t3dBJ0uE=\/420x280\/filters:format(webp):quality(85)\/cloudfront-us-east-1.images.arcpublishing.com\/infobae\/Z2FKJL7A4VHKFCGEUDCVWE46JI.jpeg 420w,https:\/\/www.infobae.com\/new-resizer\/QcpIPOcwLnPlAGqEPo4dac29-iU=\/768x512\/filters:format(webp):quality(85)\/cloudfront-us-east-1.images.arcpublishing.com\/infobae\/Z2FKJL7A4VHKFCGEUDCVWE46JI.jpeg 768w,https:\/\/www.infobae.com\/new-resizer\/ByL_w2U8RANCbYMUsXxolT-wu5k=\/992x661\/filters:format(webp):quality(85)\/cloudfront-us-east-1.images.arcpublishing.com\/infobae\/Z2FKJL7A4VHKFCGEUDCVWE46JI.jpeg 992w,https:\/\/www.infobae.com\/new-resizer\/SLW62OWHhwXEfOWNS5tB2uDT_hY=\/1200x800\/filters:format(webp):quality(85)\/cloudfront-us-east-1.images.arcpublishing.com\/infobae\/Z2FKJL7A4VHKFCGEUDCVWE46JI.jpeg 1200w,https:\/\/www.infobae.com\/new-resizer\/w8ucPmmPPd0zlQuDZ6V2NG8lVOo=\/1440x960\/filters:format(webp):quality(85)\/cloudfront-us-east-1.images.arcpublishing.com\/infobae\/Z2FKJL7A4VHKFCGEUDCVWE46JI.jpeg 1440w\">M\u00e1ximo Kirchner<\/p>\n\n\n\n<p>El referente de extrema derecha le contest\u00f3 -dijo que el Presidente es \u201cun ignorante\u201d-, pero el cruce no gener\u00f3 mayores repercusiones en el resto del oficialismo, que no logra descifrar cu\u00e1l podr\u00eda ser el modo de lidiar con el fen\u00f3meno de crecimiento de la derecha. Unos hablan de&nbsp;<strong>ignorarlo;<\/strong>&nbsp;otros, de&nbsp;<strong>enfrentarlo<\/strong>&nbsp;de forma directa; otros, de limitarse a&nbsp;<strong>mostrar resultados<\/strong>&nbsp;que satisfagan a la poblaci\u00f3n, aunque admiten que el margen para dar buenas noticias es muy escaso en la crisis, con el ajuste que exige el&nbsp;<strong>FMI<\/strong>, y las consecuencias de&nbsp;<strong>la sequ\u00eda,<\/strong>&nbsp;que empeora la falta de reservas en d\u00f3lares en el&nbsp;<strong>Banco Central.<\/strong><\/p>\n\n\n\n<h2 class=\"wp-block-heading\">La interna sigue<\/h2>\n\n\n\n<p>M\u00e1s all\u00e1 del panorama sombr\u00edo hacia afuera, siguen las peleas al interior de la coalici\u00f3n. En la&nbsp;<strong>Casa Rosada<\/strong>&nbsp;juran que las mediciones les devuelven que el Presidente es&nbsp;<strong>\u201cel candidato que mejor mide\u201d<\/strong>&nbsp;(excepto por Cristina Kirchner, que a\u00fan no decidi\u00f3 si va a competir, ni a qui\u00e9n nombrar\u00eda como delf\u00edn) y basan en ese argumento la persistencia sobre su<strong>&nbsp;posible candidatura.&nbsp;<\/strong>Por el contrario, en el entorno de&nbsp;<strong>Sergio Massa<\/strong>&nbsp;aseguran que logra entre dos y cinco puntos m\u00e1s que Alberto Fern\u00e1ndez, y que el&nbsp;<strong>Ministro de Econom\u00eda<\/strong>&nbsp;es el postulante mejor posicionado del FDT.<\/p>\n\n\n\n<p>Cada figura del oficialismo destaca sus propias ventajas. Desde el circulo del embajador en Brasil,&nbsp;<strong>Daniel Scioli,<\/strong>&nbsp;remarcan su alto nivel de conocimiento. Y en las oficinas de la calle Estados Unidos, donde tiene su incipiente comando de campa\u00f1a el ministro del Interior,&nbsp;<strong>Eduardo \u201cWado\u201d de Pedro,<\/strong>&nbsp;subrayan que \u201ctiene un<strong>&nbsp;techo muy alto\u201d<\/strong>&nbsp;y que su reputaci\u00f3n es la menos da\u00f1ada del espacio, si bien reconocen que es desconocido por la mayor\u00eda.<\/p>\n\n\n\n<p>En el sector m\u00e1s duro del kirchnerismo est\u00e1n convencidos de que todos las justificaciones de los moderados para envalentonarse son \u201cpuro humo\u201d sin una decisi\u00f3n de la&nbsp;<strong>vicepresidenta<\/strong>. \u201cSi sac\u00e1s a Cristina, todo vale. Pero no dicen qu\u00e9 pasa con sus votos si no se presenta. Son dif\u00edciles de transferir, pero si ella dice voten a este,&nbsp;<strong>al final todos vamos a votar a ese, no a un lobo solitario\u201d,&nbsp;<\/strong>dijo un funcionario nacional.<\/p>\n\n\n\n<p><img loading=\"lazy\" decoding=\"async\" alt=\"Axel Kicillof (Gustavo Gavotti)\" height=\"1080\" width=\"1920\" class=\"\" src=\"https:\/\/cloudfront-us-east-1.images.arcpublishing.com\/infobae\/MJU3SIC2NFE7DOXQEXKPKABQFQ.jpg\" srcset=\"https:\/\/www.infobae.com\/new-resizer\/0q6RlErVr1OZaGhcT0QG5pPnhl8=\/420x236\/filters:format(webp):quality(85)\/cloudfront-us-east-1.images.arcpublishing.com\/infobae\/MJU3SIC2NFE7DOXQEXKPKABQFQ.jpg 420w,https:\/\/www.infobae.com\/new-resizer\/5T7Q6qbiBGP5Y3OHdc8HeVScx5U=\/768x432\/filters:format(webp):quality(85)\/cloudfront-us-east-1.images.arcpublishing.com\/infobae\/MJU3SIC2NFE7DOXQEXKPKABQFQ.jpg 768w,https:\/\/www.infobae.com\/new-resizer\/GGmmWVq7UdW6tGYfoB2vg5HAFog=\/992x558\/filters:format(webp):quality(85)\/cloudfront-us-east-1.images.arcpublishing.com\/infobae\/MJU3SIC2NFE7DOXQEXKPKABQFQ.jpg 992w,https:\/\/www.infobae.com\/new-resizer\/WmS954JGqPjZftnPiPHPStjEJVo=\/1200x675\/filters:format(webp):quality(85)\/cloudfront-us-east-1.images.arcpublishing.com\/infobae\/MJU3SIC2NFE7DOXQEXKPKABQFQ.jpg 1200w,https:\/\/www.infobae.com\/new-resizer\/qmNLFsIu-JNQ6G9X3zFsTZ5-EvY=\/1440x810\/filters:format(webp):quality(85)\/cloudfront-us-east-1.images.arcpublishing.com\/infobae\/MJU3SIC2NFE7DOXQEXKPKABQFQ.jpg 1440w\">Axel Kicillof (Gustavo Gavotti)<\/p>\n\n\n\n<p>La confrontaci\u00f3n con Milei fue la \u00faltima intervenci\u00f3n pol\u00edtica de peso del primer mandatario, que desde la mesa pol\u00edtica de febrero opt\u00f3 por mantenerse al margen de las disputas internas y enfocarse en \u201cla gesti\u00f3n\u201d. Entre sus viajes al exterior -en marzo estuvo en Estados Unidos y en Chile-, las visitas a las provincias, y sus largas estad\u00edas en Olivos,&nbsp;<strong>no contesta las cr\u00edticas<\/strong>&nbsp;que llegan desde las filas disidentes de su espacio, y deja en manos del combativo<strong>&nbsp;An\u00edbal Fern\u00e1ndez<\/strong>&nbsp;la l\u00ednea de defensa.<\/p>\n\n\n\n<p>Los \u00faltimos dardos de La C\u00e1mpora y grupos afines fueron referidos, una vez m\u00e1s, a la situaci\u00f3n econ\u00f3mica, despu\u00e9s de que se difundieran las \u00faltimas cifras de pobreza e inflaci\u00f3n.&nbsp;<strong>\u201cLos n\u00fameros de pobreza son para que nos replanteemos por qu\u00e9 estamos ac\u00e1, el Frente de Todos no vino a esto\u201d,<\/strong>&nbsp;dijo&nbsp;<strong>M\u00e1ximo Kirchner&nbsp;<\/strong>durante un acto en Trelew, el jueves. Ese mismo d\u00eda, en la Ciudad, la sindicalista K&nbsp;<strong>Vanesa Siley,<\/strong>&nbsp;una de las oradoras en el acto frente a los Tribunales para \u201cdefender\u201d a Cristina Kirchner, le pidi\u00f3 al Presidente que implemente una suma fija para los trabajadores en blanco.&nbsp;<strong>\u201cQue no sea un papelito, que sea efectiva\u201d,<\/strong>&nbsp;enfatiz\u00f3, picante.<\/p>\n\n\n\n<p>En Balcarce 50 ya no se sorprenden por las declaraciones del mundillo detractor del Gobierno, que antes los desvelaban. \u201cEs m\u00e1s de lo mismo, que digan lo que tengan que decir, ellos saben que&nbsp;<strong>estamos haciendo todo lo posible\u201d,&nbsp;<\/strong>se limitan a acotar, una y otra vez, cerca del Presidente.<\/p>\n\n\n\n<p>El kirchnerismo apenas habl\u00f3 de la cifra de inflaci\u00f3n, que se acerc\u00f3 a un riesgoso 8 por ciento seg\u00fan los c\u00e1lculos del IPC de marzo. Para esta \u00e9poca, desde Hacienda hab\u00edan prometido una porcentaje cercano a la mitad. En las propias filas K siguen firmes en sostener que el ministro de Econom\u00eda,&nbsp;<strong>Sergio Massa,<\/strong>&nbsp;tiene el respaldo de la Vicepresidenta y de su tropa, a pesar de la profundizaci\u00f3n de la crisis. \u201cEs lo mejor que tenemos\u201d, deslizan.<\/p>\n\n\n\n<p>En un despacho donde se milita por la candidatura del ex intendente de Tigre se irritan cuando se les pregunta por las promesas incumplidas desde que asumi\u00f3, en agosto pasado.&nbsp;<strong>\u201cA Sergio deber\u00edan agradecerle.<\/strong>&nbsp;Ac\u00e1 el tema no es bajar la inflaci\u00f3n, es evitar que esto&nbsp;<strong>explote<\/strong>, y lo est\u00e1 logrando\u201d, sostuvieron. Aunque reconocieron que los reveses econ\u00f3micos pueden dar por tierra con sus ambiciones electorales. \u201cUn d\u00eda es s\u00ed, otro d\u00eda es no, otro d\u00eda es no sabemos\u201d, dijo un funcionario que dialoga a diario con Massa sobre gesti\u00f3n y pol\u00edtica, en referencia a su decisi\u00f3n final de cara al cierre de listas de junio.<\/p>\n\n\n\n<p><img loading=\"lazy\" decoding=\"async\" alt=\"Cristina Kirchner y Estela de Carloto\" height=\"1280\" width=\"1920\" class=\"\" src=\"https:\/\/cloudfront-us-east-1.images.arcpublishing.com\/infobae\/3CT7PVXVSBHBHISZ366D7WIXEQ.jpg\" srcset=\"https:\/\/www.infobae.com\/new-resizer\/ShZFNf0qo3R0vXQqvz-pbnXPpcc=\/420x280\/filters:format(webp):quality(85)\/cloudfront-us-east-1.images.arcpublishing.com\/infobae\/3CT7PVXVSBHBHISZ366D7WIXEQ.jpg 420w,https:\/\/www.infobae.com\/new-resizer\/7TVxOCLoHnnsJ8vRpWIw9VTEH5M=\/768x512\/filters:format(webp):quality(85)\/cloudfront-us-east-1.images.arcpublishing.com\/infobae\/3CT7PVXVSBHBHISZ366D7WIXEQ.jpg 768w,https:\/\/www.infobae.com\/new-resizer\/1TXi7Or8a6WkjnGumeX4vFQYgVw=\/992x661\/filters:format(webp):quality(85)\/cloudfront-us-east-1.images.arcpublishing.com\/infobae\/3CT7PVXVSBHBHISZ366D7WIXEQ.jpg 992w,https:\/\/www.infobae.com\/new-resizer\/MKUsb2r_28ZX8heqrIi3lU0knm4=\/1200x800\/filters:format(webp):quality(85)\/cloudfront-us-east-1.images.arcpublishing.com\/infobae\/3CT7PVXVSBHBHISZ366D7WIXEQ.jpg 1200w,https:\/\/www.infobae.com\/new-resizer\/aw0Ii34u2sqaphOo2LtHyldwgPg=\/1440x960\/filters:format(webp):quality(85)\/cloudfront-us-east-1.images.arcpublishing.com\/infobae\/3CT7PVXVSBHBHISZ366D7WIXEQ.jpg 1440w\">Cristina Kirchner y Estela de Carloto<\/p>\n\n\n\n<p>M\u00e1s all\u00e1 de las discusiones de palacio, en los distintos sectores del FDT vislumbran que la pr\u00f3xima elecci\u00f3n podr\u00eda ser un&nbsp;<strong>parteaguas,<\/strong>&nbsp;y comparan el escenario con los dos a\u00f1os posteriores a la crisis de 2001, antes de la irrupci\u00f3n de N\u00e9stor Kirchner. \u201cEn la pol\u00edtica hay ciclos, y se est\u00e1 por terminar uno. Desde el a\u00f1o que viene vamos a tener<strong>&nbsp;que barajar y dar de nuevo<\/strong>\u201d, arriesg\u00f3 un importante armador del PJ que se ubica en una posici\u00f3n cr\u00edtica tanto de Cristina Kirchner como de Alberto Fern\u00e1ndez.<\/p>\n\n\n\n<p>Por lo pronto, los \u00fanicos pasos claros en la agenda pol\u00edtica del FDT son las\u00a0<strong>marchas del kirchnerismo<\/strong>\u00a0para pedirle a CFK que sea candidata, y la\u00a0<strong>convocatoria al Consejo del PJ,<\/strong>\u00a0donde las tribus, supuestamente, intentar\u00e1n ponerse de acuerdo sobre las\u00a0<strong>reglas de juego para las PASO.<\/strong>\u00a0El resto son especulaciones sobre cu\u00e1les ser\u00e1n los roles de\u00a0<strong>Alberto Fern\u00e1ndez,<\/strong>\u00a0de\u00a0<strong>Cristina Kirchner<\/strong>, de Massa y del resto de los dirigentes que intentan posicionarse antes del cierre de listas, por ahora, en igualdad de condiciones dentro de los m\u00e1rgenes del terreno pol\u00edtico frentetodista.<\/p>\n\n\n\n<p>Infobae<\/p>\n","protected":false},"excerpt":{"rendered":"<p>Las encuestas de distintas consultoras que llegan a los m\u00e1s importantes despachos del Frente de Todos devolvieron esta semana un panorama preocupante sobre las perspectivas para las elecciones, que empeoran para el Gobierno desde el comienzo del a\u00f1o.&nbsp;\u201cHoy estamos enfrentando una derrota, o una cat\u00e1strofe\u201d,&nbsp;dijo un funcionario del oficialismo con experiencia en el an\u00e1lisis de<a class=\"read-more\" href=\"https:\/\/elfederalmendoza.com.ar\/index.php\/2023\/04\/16\/preocupacion-en-el-gobierno-por-el-avance-de-javier-milei-temen-que-el-fdt-se-ubique-como-tercera-fuerza-politica-en-las-paso\/\"> [&hellip;]<\/a><\/p>\n","protected":false},"author":2,"featured_media":22009,"comment_status":"open","ping_status":"open","sticky":false,"template":"","format":"standard","meta":{"footnotes":""},"categories":[5618],"tags":[],"class_list":["post-22008","post","type-post","status-publish","format-standard","has-post-thumbnail","hentry","category-arg"],"rttpg_featured_image_url":{"full":["https:\/\/elfederalmendoza.com.ar\/wp-content\/uploads\/2023\/04\/peleados.jpg",1400,691,false],"landscape":["https:\/\/elfederalmendoza.com.ar\/wp-content\/uploads\/2023\/04\/peleados.jpg",1400,691,false],"portraits":["https:\/\/elfederalmendoza.com.ar\/wp-content\/uploads\/2023\/04\/peleados.jpg",1400,691,false],"thumbnail":["https:\/\/elfederalmendoza.com.ar\/wp-content\/uploads\/2023\/04\/peleados-150x150.jpg",150,150,true],"medium":["https:\/\/elfederalmendoza.com.ar\/wp-content\/uploads\/2023\/04\/peleados-300x148.jpg",300,148,true],"large":["https:\/\/elfederalmendoza.com.ar\/wp-content\/uploads\/2023\/04\/peleados-1024x505.jpg",640,316,true],"1536x1536":["https:\/\/elfederalmendoza.com.ar\/wp-content\/uploads\/2023\/04\/peleados.jpg",1400,691,false],"2048x2048":["https:\/\/elfederalmendoza.com.ar\/wp-content\/uploads\/2023\/04\/peleados.jpg",1400,691,false],"ultp_layout_landscape_large":["https:\/\/elfederalmendoza.com.ar\/wp-content\/uploads\/2023\/04\/peleados-1200x691.jpg",1200,691,true],"ultp_layout_landscape":["https:\/\/elfederalmendoza.com.ar\/wp-content\/uploads\/2023\/04\/peleados-870x570.jpg",870,570,true],"ultp_layout_portrait":["https:\/\/elfederalmendoza.com.ar\/wp-content\/uploads\/2023\/04\/peleados-600x691.jpg",600,691,true],"ultp_layout_square":["https:\/\/elfederalmendoza.com.ar\/wp-content\/uploads\/2023\/04\/peleados-600x600.jpg",600,600,true],"rpwe-thumbnail":["https:\/\/elfederalmendoza.com.ar\/wp-content\/uploads\/2023\/04\/peleados-45x45.jpg",45,45,true],"advps-thumb-one":["https:\/\/elfederalmendoza.com.ar\/wp-content\/uploads\/2023\/04\/peleados-1200x420.jpg",1200,420,true]},"rttpg_author":{"display_name":"Redacci\u00f3n El Federal","author_link":"https:\/\/elfederalmendoza.com.ar\/index.php\/author\/angelflores\/"},"rttpg_comment":0,"rttpg_category":"<a href=\"https:\/\/elfederalmendoza.com.ar\/index.php\/category\/arg\/\" rel=\"category tag\">Argentina<\/a>","rttpg_excerpt":"Las encuestas de distintas consultoras que llegan a los m\u00e1s importantes despachos del Frente de Todos devolvieron esta semana un panorama preocupante sobre las perspectivas para las elecciones, que empeoran para el Gobierno desde el comienzo del a\u00f1o.&nbsp;\u201cHoy estamos enfrentando una derrota, o una cat\u00e1strofe\u201d,&nbsp;dijo un funcionario del oficialismo con experiencia en el an\u00e1lisis de&hellip;","_links":{"self":[{"href":"https:\/\/elfederalmendoza.com.ar\/index.php\/wp-json\/wp\/v2\/posts\/22008","targetHints":{"allow":["GET"]}}],"collection":[{"href":"https:\/\/elfederalmendoza.com.ar\/index.php\/wp-json\/wp\/v2\/posts"}],"about":[{"href":"https:\/\/elfederalmendoza.com.ar\/index.php\/wp-json\/wp\/v2\/types\/post"}],"author":[{"embeddable":true,"href":"https:\/\/elfederalmendoza.com.ar\/index.php\/wp-json\/wp\/v2\/users\/2"}],"replies":[{"embeddable":true,"href":"https:\/\/elfederalmendoza.com.ar\/index.php\/wp-json\/wp\/v2\/comments?post=22008"}],"version-history":[{"count":1,"href":"https:\/\/elfederalmendoza.com.ar\/index.php\/wp-json\/wp\/v2\/posts\/22008\/revisions"}],"predecessor-version":[{"id":22010,"href":"https:\/\/elfederalmendoza.com.ar\/index.php\/wp-json\/wp\/v2\/posts\/22008\/revisions\/22010"}],"wp:featuredmedia":[{"embeddable":true,"href":"https:\/\/elfederalmendoza.com.ar\/index.php\/wp-json\/wp\/v2\/media\/22009"}],"wp:attachment":[{"href":"https:\/\/elfederalmendoza.com.ar\/index.php\/wp-json\/wp\/v2\/media?parent=22008"}],"wp:term":[{"taxonomy":"category","embeddable":true,"href":"https:\/\/elfederalmendoza.com.ar\/index.php\/wp-json\/wp\/v2\/categories?post=22008"},{"taxonomy":"post_tag","embeddable":true,"href":"https:\/\/elfederalmendoza.com.ar\/index.php\/wp-json\/wp\/v2\/tags?post=22008"}],"curies":[{"name":"wp","href":"https:\/\/api.w.org\/{rel}","templated":true}]}}