{"id":22016,"date":"2023-04-17T08:38:17","date_gmt":"2023-04-17T11:38:17","guid":{"rendered":"https:\/\/elfederalmendoza.com\/?p=22016"},"modified":"2023-04-17T08:42:38","modified_gmt":"2023-04-17T11:42:38","slug":"historica-derrota-del-caudillismo-del-clan-sapag-que-goberno-por-60-anos-en-neuquen","status":"publish","type":"post","link":"https:\/\/elfederalmendoza.com.ar\/index.php\/2023\/04\/17\/historica-derrota-del-caudillismo-del-clan-sapag-que-goberno-por-60-anos-en-neuquen\/","title":{"rendered":"Hist\u00f3rica derrota del caudillismo del clan Sapag que gobern\u00f3 por 60 a\u00f1os en Neuqu\u00e9n"},"content":{"rendered":"\n<p>La pujante provincia de Neuqu\u00e9n, donde brilla el rico y productivo yacimiento de Vaca Muerta, le dio a la Argentina este domingo una noticia de magnitud hist\u00f3rica. Despu\u00e9s de 60 a\u00f1os, el Movimiento Popular Neuquino (MPN), que es manejado con mano de hierro y modos feudales por la familia Sapag, perdi\u00f3 el gobierno local ante una alianza multipartidaria que encabez\u00f3 el disidente\u00a0<strong>Rolo Figueroa.<\/strong><\/p>\n\n\n\n<figure class=\"wp-block-image size-full\"><img loading=\"lazy\" decoding=\"async\" width=\"915\" height=\"612\" src=\"https:\/\/elfederalmendoza.com\/wp-content\/uploads\/2023\/04\/rolo1.jpg\" alt=\"\" class=\"wp-image-22019\" srcset=\"https:\/\/elfederalmendoza.com.ar\/wp-content\/uploads\/2023\/04\/rolo1.jpg 915w, https:\/\/elfederalmendoza.com.ar\/wp-content\/uploads\/2023\/04\/rolo1-300x201.jpg 300w, https:\/\/elfederalmendoza.com.ar\/wp-content\/uploads\/2023\/04\/rolo1-768x514.jpg 768w\" sizes=\"auto, (max-width: 915px) 100vw, 915px\" \/><\/figure>\n\n\n\n<p>Rolo Figueroa<\/p>\n\n\n\n<p>En el inicio del a\u00f1o electoral, el caudillismo que domina varias provincias -y que tambi\u00e9n tiene su reflejo en el \u00e1mbito nacional- recibi\u00f3 desde la Patagonia una novedad que puede, incluso, convertirse en tendencia de ruptura con viejas hegemon\u00edas.<\/p>\n\n\n\n<p>M\u00e1s all\u00e1 de que Figueroa fue funcionario, legislador y hasta vicegobernador del MPN, la singularidad de su victoria se bas\u00f3 en que decidi\u00f3 enfrentar los dictados del<strong>&nbsp;clan que lidera Jorge Sapag<\/strong>&nbsp;y arm\u00f3 una coalici\u00f3n que incorpor\u00f3, adem\u00e1s de dirigentes rebeldes del oficialismo local, partidos de diversos or\u00edgenes y el apoyo activo de&nbsp;<strong>Horacio Rodr\u00edguez Larreta<\/strong>&nbsp;y, con menor intensidad, de&nbsp;<strong>Mauricio Macri<\/strong>. Tambi\u00e9n el ministro de Econom\u00eda,&nbsp;<strong>Sergio Massa<\/strong>, le dio su respaldo.<\/p>\n\n\n\n<p>El resultado, r\u00e1pidamente, intent\u00f3 ser apropiado o incluido en las narrativas de las dos fuerzas mayoritarias: el Frente de Todos y Juntos por el Cambio.<\/p>\n\n\n\n<p>En la entrevista que brind\u00f3 a&nbsp;<strong>Infobae<\/strong>&nbsp;durante la campa\u00f1a el ahora gobernador electo, le puso palabras al desaf\u00edo que ten\u00eda por delante: \u201cEs una madeja de la familia del poder muy enquistada. Con un poder absoluto, lamentablemente, nos terminamos transformando en provincias feudales. Ese feudalismo, cuando ve temblar su r\u00e9gimen, se pone represor, se pone a tapar las posibilidades de que alguien pueda manifestar una opini\u00f3n diferente\u201d.<\/p>\n\n\n\n<p>0 seconds of 1 minute, 19 secondsVolume 90%Rolo Figueroa hab\u00eda anticipado que estaba cayendo en Neuqu\u00e9n un r\u00e9gimen feudal.<\/p>\n\n\n\n<p>M\u00e1s all\u00e1 de los pergaminos propios y de una campa\u00f1a incansable, dentro de la provincia pero tambi\u00e9n en el escenario nacional, Figueroa super\u00f3 esa prueba y derrot\u00f3 al candidato que Jorge Sapag le puso enfrente: el actual vicegobernador Marcos Koopmann, quien termin\u00f3 pagando las consecuencias de 60 a\u00f1os de poder omn\u00edmodo.<\/p>\n\n\n\n<p>Despu\u00e9s de concluido el escrutinio provisorio, el gobernador electo obtuvo 147.663 votos (35,64%) mientras que el candidato del MPN cosech\u00f3 137.316 (33,14%). El cristinista&nbsp;<strong>Ram\u00f3n Rioseco&nbsp;<\/strong>qued\u00f3 tercero con 52.650 votos (12.71%), el candidato que apoy\u00f3&nbsp;<strong>Javier Milei, Carlos Egu\u00eda<\/strong>, reuni\u00f3 33.074 (7,98%) y&nbsp;<strong>Pablo Cervi<\/strong>, de Juntos por el Cambio apenas 15.548 (3,75%).<\/p>\n\n\n\n<p>En las elecciones de Neuqu\u00e9n estaban habilitados para votar 546 mil personas, un n\u00famero parecido al que tiene, por ejemplo, el partido bonaerense de Lomas de Zamora (561.000). La relevancia del resultado no est\u00e1 dada por los votos que llevar\u00e1 a la competencia nacional. Su valor est\u00e1 en que muestra un signo de fatiga de un r\u00e9gimen que parec\u00eda invencible, en el distrito donde se registra la mayor productividad del pa\u00eds. Donde se juega el futuro del desarrollo de la Argentina.<\/p>\n\n\n\n<p><img loading=\"lazy\" decoding=\"async\" alt=\"Rolo Figueroa gan\u00f3 por dos puntos y medio ante el candidato del MPN.\" height=\"1080\" width=\"1920\" class=\"\" src=\"https:\/\/cloudfront-us-east-1.images.arcpublishing.com\/infobae\/QHUQRKI6SVECBESRRGLNAJ6VGA.jpg\" srcset=\"https:\/\/www.infobae.com\/new-resizer\/be4-30JgF9wX6zYLRHyCHUgEv6Y=\/420x236\/filters:format(webp):quality(85)\/cloudfront-us-east-1.images.arcpublishing.com\/infobae\/QHUQRKI6SVECBESRRGLNAJ6VGA.jpg 420w,https:\/\/www.infobae.com\/new-resizer\/L4otUG-LlL66iYOiqC8uwaIMkes=\/768x432\/filters:format(webp):quality(85)\/cloudfront-us-east-1.images.arcpublishing.com\/infobae\/QHUQRKI6SVECBESRRGLNAJ6VGA.jpg 768w,https:\/\/www.infobae.com\/new-resizer\/_yNE7Kpe7gp-gJkqifyMdCPqwbc=\/992x558\/filters:format(webp):quality(85)\/cloudfront-us-east-1.images.arcpublishing.com\/infobae\/QHUQRKI6SVECBESRRGLNAJ6VGA.jpg 992w,https:\/\/www.infobae.com\/new-resizer\/EholYAHw3Ks29OP6kiFSxfBgfyk=\/1200x675\/filters:format(webp):quality(85)\/cloudfront-us-east-1.images.arcpublishing.com\/infobae\/QHUQRKI6SVECBESRRGLNAJ6VGA.jpg 1200w,https:\/\/www.infobae.com\/new-resizer\/hySjB8hiiZnYgmra74lf5xLY36Q=\/1440x810\/filters:format(webp):quality(85)\/cloudfront-us-east-1.images.arcpublishing.com\/infobae\/QHUQRKI6SVECBESRRGLNAJ6VGA.jpg 1440w\">Rolo Figueroa gan\u00f3 por dos puntos y medio ante el candidato del MPN.<\/p>\n\n\n\n<h2 class=\"wp-block-heading\">Una potencia petrolera<\/h2>\n\n\n\n<p>Para tomar dimensi\u00f3n de lo que representa, Neuqu\u00e9n produce el 63% del gas, 47% del petr\u00f3leo y contribuye con el 16% de la generaci\u00f3n el\u00e9ctrica de toda la Argentina. El a\u00f1o pasado, la provincia recibi\u00f3 inversiones por USD 6.000 millones y este a\u00f1o se esperan USD 8.000 millones. Son datos que surgieron de un informe elaborado en la provincia al que accedi\u00f3 Infobae, donde tambi\u00e9n se subraya que en la provincia la producci\u00f3n de petr\u00f3leo super\u00f3 los 325 mil barriles diarios.<\/p>\n\n\n\n<p>\u201cHoy el petr\u00f3leo no convencional representa el 91% de la producci\u00f3n petrolera neuquina\u201d, indica el trabajo y agrega que \u201cel petr\u00f3leo neuquino representa casi la mitad del total del volumen de producci\u00f3n argentina\u201d, lo que la ubica como la regi\u00f3n que lidera esa actividad.<\/p>\n\n\n\n<p>\u201cEl 2022, la provincia gener\u00f3 2.331 millones de d\u00f3lares por exportaciones de hidrocarburos y se esperan para 2023 que las exportaciones alcancen los USD 4.000 millones. El a\u00f1o pasado se acumularon env\u00edos por 22 millones de barriles de petr\u00f3leo, representando el 22% de la producci\u00f3n provincial, que significan poco menos de 2.000 millones de d\u00f3lares\u201d, indica ese informe reservado.<\/p>\n\n\n\n<p>\u201cEn materia de gas, las exportaciones alcanzaron los 1.597 MMm3, por un valor de 413 millones de d\u00f3lares. Por el desarrollo de Vaca Muerta, el a\u00f1o pasado se evitaron importaciones por unos USD 20.300 millones y este a\u00f1o se ahorrar\u00edan cerca de 22 mil millones de d\u00f3lares\u201d, indic\u00f3 el trabajo.<\/p>\n\n\n\n<p>En la meca de este virtual emirato, A\u00f1elo, el distrito de Vaca Muerta, Figueroa gan\u00f3 por m\u00e1s diferencia que en toda la provincia: logr\u00f3 el 40% frente 34% de Koopmann.<\/p>\n\n\n\n<p><img loading=\"lazy\" decoding=\"async\" alt=\"Una imagen t\u00edpica que se observa en Vaca Muerta, la regi\u00f3n petrolera m\u00e1s productiva de la Argentina.\" height=\"2917\" width=\"4791\" class=\"\" src=\"https:\/\/cloudfront-us-east-1.images.arcpublishing.com\/infobae\/D5XRXJDWLMUHHJAM66FVYBHIJQ.jpg\" srcset=\"https:\/\/www.infobae.com\/new-resizer\/HRd0A3oK_ggCQxTvcXT_SdZktwI=\/992x606\/filters:format(webp):quality(85)\/cloudfront-us-east-1.images.arcpublishing.com\/infobae\/D5XRXJDWLMUHHJAM66FVYBHIJQ.jpg 992w\">Una imagen t\u00edpica que se observa en Vaca Muerta, la regi\u00f3n petrolera m\u00e1s productiva de la Argentina.<\/p>\n\n\n\n<h2 class=\"wp-block-heading\">Dos miradas anal\u00edticas<\/h2>\n\n\n\n<p>Por fuera de la cuesti\u00f3n econ\u00f3mica y para analizar las claves del resultado electoral en la provincia de Vaca Muerta,&nbsp;<strong>Infobae&nbsp;<\/strong>convoc\u00f3 a&nbsp;<strong>Lucas Romero<\/strong>, director de Synopsis, y&nbsp;<strong>Daniel Ivoskus<\/strong>, presidente de la Cumbre Mundial Comunicaci\u00f3n Pol\u00edtica. Ambos coincidieron en que, m\u00e1s que una sorpresa, se trat\u00f3 de un resultado previsible pero que abre escenarios inciertos.<\/p>\n\n\n\n<p>\u201cCay\u00f3 un modelo de 60 a\u00f1os en una provincia. Es un resultado que nace de conflictos internos, pero que no se agotan en una interna. Los porcentajes que obtuvieron los dos -entre 33% y 35%- son muy bajos y explican que se trat\u00f3 en primer lugar de una ruptura interna del MPN\u201d, explic\u00f3 Ivoskus.<\/p>\n\n\n\n<p>\u201cVamos a ver muchas sorpresas electorales este a\u00f1o. En este caso m\u00e1s que una sorpresa es una novedad posible, esperable. Sobre todo porque en pol\u00edtica todo se termina, nada es para siempre. El PRI en M\u00e9xico tard\u00f3 70 a\u00f1os en caer, pero un d\u00eda cay\u00f3\u201d, afirm\u00f3 el consultor pol\u00edtico, que resalt\u00f3: \u201cCuando caen esos reg\u00edmenes, no se levantan m\u00e1s\u201d.<\/p>\n\n\n\n<p>Para Ivoskus, m\u00e1s all\u00e1 de la derrota despu\u00e9s de seis d\u00e9cadas, lo que sobresale es que \u201capareci\u00f3 alguien como Figueroa que pudo articular, ante un debilitamiento, una fractura interna, y pudo hilvanar una mayor\u00eda para ganar\u201d. \u201cEstamos camino a nuevas configuraciones electorales. Hay que ver si esta, la de este proceso electoral que tenemos por delante en 2023, es la \u00faltima o si en estos 60 d\u00edas tenemos una noticia un poco m\u00e1s fuerte o rupturista\u201d, manifest\u00f3.<\/p>\n\n\n\n<p>\u201cEl calendario electoral se inici\u00f3 manteniendo las tendencias internacionales de derrotas de los oficialismos. Por eso quiz\u00e1 no hay que hablar de sorpresa, aunque pueda haber algunos sorprendidos\u201d, insisti\u00f3. \u201cLa l\u00ednea de que los problemas internos son m\u00e1s importantes que los de afuera y que podemos estar ante una configuraci\u00f3n nueva. La duda es si va a ser en estas elecciones de 2023 o en las siguientes.<strong>&nbsp;El sistema pol\u00edtico, as\u00ed como est\u00e1, cruje y la ventaja es que el que va por afuera puede ganar. Y Neuqu\u00e9n lo confirm\u00f3<\/strong>\u201d, consign\u00f3.<\/p>\n\n\n\n<p>Por su parte, Lucas Romero resalt\u00f3 que \u201ces dif\u00edcil decir que perdi\u00f3 el oficialismo de Neuqu\u00e9n, porque Rolo Figueroa sale del MPN y se reivindica como tal\u201d. \u201cHab\u00eda cuatro provincias en la Argentina que, desde 1983 hasta ahora, no hab\u00edan visto la alternancia pol\u00edtica y una de esas es Neuqu\u00e9n. Con la derrota de este domingo hay un dato hist\u00f3rico y llamativo\u201d.<\/p>\n\n\n\n<p>Tambi\u00e9n resalt\u00f3 que hab\u00eda en las semanas previas una tendencia a ser cauto porque hist\u00f3ricamente el MPN estuvo sub registrado en las estimaciones electorales, sobre todo porque tiene un sistema de colectoras que hace muy dif\u00edcil registrar \u201cy siempre el MPN juntaba m\u00e1s votos\u201d.<\/p>\n\n\n\n<p><img loading=\"lazy\" decoding=\"async\" alt=\"Jorge Sapag vot\u00f3 en las elecciones que perdi\u00f3 el MPN\" height=\"969\" width=\"929\" class=\"\" src=\"https:\/\/cloudfront-us-east-1.images.arcpublishing.com\/infobae\/XSC5SFQ6EFGRLIBIDAMN6NNDVM.JPG\" srcset=\"https:\/\/www.infobae.com\/new-resizer\/-W9evCZyWMliKcBJAmP6AnfMlUg=\/420x420\/filters:format(webp):quality(85)\/cloudfront-us-east-1.images.arcpublishing.com\/infobae\/XSC5SFQ6EFGRLIBIDAMN6NNDVM.JPG 420w,https:\/\/www.infobae.com\/new-resizer\/evDW9LYR55N853Cdcx3qnnUoxUs=\/768x768\/filters:format(webp):quality(85)\/cloudfront-us-east-1.images.arcpublishing.com\/infobae\/XSC5SFQ6EFGRLIBIDAMN6NNDVM.JPG 768w,https:\/\/www.infobae.com\/new-resizer\/NFWLjTnp2sj0HF-0TdECit6bBgU=\/992x992\/filters:format(webp):quality(85)\/cloudfront-us-east-1.images.arcpublishing.com\/infobae\/XSC5SFQ6EFGRLIBIDAMN6NNDVM.JPG 992w,https:\/\/www.infobae.com\/new-resizer\/GiDqCBZX_zzG-Fccp9c760MPRNM=\/1200x1200\/filters:format(webp):quality(85)\/cloudfront-us-east-1.images.arcpublishing.com\/infobae\/XSC5SFQ6EFGRLIBIDAMN6NNDVM.JPG 1200w,https:\/\/www.infobae.com\/new-resizer\/b7iFklyt9ufSnOYnQ-mzLh9XNBg=\/1440x1440\/filters:format(webp):quality(85)\/cloudfront-us-east-1.images.arcpublishing.com\/infobae\/XSC5SFQ6EFGRLIBIDAMN6NNDVM.JPG 1440w\">Jorge Sapag vot\u00f3 en las elecciones que perdi\u00f3 el MPN<\/p>\n\n\n\n<h2 class=\"wp-block-heading\">Un caudillo menos<\/h2>\n\n\n\n<p>\u201cEs una provincia muy dif\u00edcil y el MPN ten\u00eda un aparato muy aceitado por obtener votos. Por eso creo que esta es una derrota, m\u00e1s que para el MPN, para Sapag, para el sapagismo y todo su poder en la provincia\u201d, explic\u00f3 Romero. El director de Synopsis resalt\u00f3 que \u201cquien maneja el poder en el MPN es Sapag, es el poder detr\u00e1s del partido, el l\u00edder del partido, que ha venido construyendo y digitando las sucesiones y el que impuls\u00f3 a Omar Guti\u00e9rrez, que impuso a Marcos Koopman. Era una pelea contra el poder de Sapag, que la gan\u00f3 Figueroa\u201d.<\/p>\n\n\n\n<p>Romero subray\u00f3 que el MPN sac\u00f3 m\u00e1s del 50% de sus votos por la lista oficial y despu\u00e9s son votos obtenidos por todas las alianzas territoriales. \u201cEn el caso de Figueroa lo que se vi\u00f3 fue un voto muy fragmentado. El triunfo se gesta por la multiplicidad de acuerdos que logr\u00f3 para construir esta alternativa que termin\u00f3 ganando\u201d, complet\u00f3 Romero.<\/p>\n\n\n\n<p>\u201cLa participaci\u00f3n fue alta, fue m\u00e1s de 76%, est\u00e1 en la l\u00ednea de los antecedentes. Este es un dato, porque en R\u00edo Negro -la otra elecci\u00f3n que hubo este domingo- fue m\u00e1s bajo. En R\u00edo Negro la elecci\u00f3n estaba definida y en cambio en Neuqu\u00e9n no, la elecci\u00f3n estaba peleada\u201d.<\/p>\n\n\n\n<p>El analista y encuestador destac\u00f3 que si la gente fue a votar, si la abstenci\u00f3n no fue un factor que haya incidido en el resultado, \u201cevidentemente hubo un malestar frente al oficialismo, que es el desaf\u00edo que enfrentan todos los oficialismos en el mundo\u201d.<\/p>\n\n\n\n<p>\u201cTodos los oficialismos enfrentan este problema. Cuando sos oficialismo y separ\u00e1s la elecci\u00f3n local de la nacional, la desacopl\u00e1s del efecto nacional, pero no deja de ser una circunstancia para expresar: \u2018Me siento mal por la inflaci\u00f3n, desempleo, inseguridad y miro al que est\u00e1 gobernando\u2019. Es un s\u00edntoma de malestar de los neuquinos con el oficialismo de turno y en este caso, Figueroa asumi\u00f3 la representaci\u00f3n del cambio, de la propuesta de cambio\u201d.<\/p>\n\n\n\n<h2 class=\"wp-block-heading\">Impacto nacional<\/h2>\n\n\n\n<p>La victoria de Figueroa fue r\u00e1pidamente tomada desde el \u00e1mbito nacional. Como suele ocurrir, todos se disputaron la paternidad de la victoria y trataron de inscribirla en la l\u00f3gica propia. Pero tuvo, en este caso, la particularidad que gener\u00f3 un fuerte contrapunto en el seno de Juntos por el Cambio.<\/p>\n\n\n\n<p><img loading=\"lazy\" decoding=\"async\" alt=\"La derrota del MPN sum\u00f3 otro cap\u00edtulo a la serie de desencuentros entre Larreta, Macri y Patricia Bullrich. (foto Franco Fafasuli)\" height=\"1080\" width=\"1920\" class=\"\" src=\"https:\/\/cloudfront-us-east-1.images.arcpublishing.com\/infobae\/7WNMFJPMZBFW7NIV5MLFP7ALJA.jpg\" srcset=\"https:\/\/www.infobae.com\/new-resizer\/gi3wX484kEqUC0EzAhs5RVdz0jI=\/420x236\/filters:format(webp):quality(85)\/cloudfront-us-east-1.images.arcpublishing.com\/infobae\/7WNMFJPMZBFW7NIV5MLFP7ALJA.jpg 420w,https:\/\/www.infobae.com\/new-resizer\/C3q9hsXjbO2o-dRdLFEalZGHJA4=\/768x432\/filters:format(webp):quality(85)\/cloudfront-us-east-1.images.arcpublishing.com\/infobae\/7WNMFJPMZBFW7NIV5MLFP7ALJA.jpg 768w,https:\/\/www.infobae.com\/new-resizer\/qeHiq5wtiyiAz1Lk_C41oC2EfVE=\/992x558\/filters:format(webp):quality(85)\/cloudfront-us-east-1.images.arcpublishing.com\/infobae\/7WNMFJPMZBFW7NIV5MLFP7ALJA.jpg 992w,https:\/\/www.infobae.com\/new-resizer\/pnLPSHUsRLsXWSo_rWQI1ftVsJg=\/1200x675\/filters:format(webp):quality(85)\/cloudfront-us-east-1.images.arcpublishing.com\/infobae\/7WNMFJPMZBFW7NIV5MLFP7ALJA.jpg 1200w,https:\/\/www.infobae.com\/new-resizer\/M80K48hV6EF0WipvARFc6TK18Lk=\/1440x810\/filters:format(webp):quality(85)\/cloudfront-us-east-1.images.arcpublishing.com\/infobae\/7WNMFJPMZBFW7NIV5MLFP7ALJA.jpg 1440w\">La derrota del MPN sum\u00f3 otro cap\u00edtulo a la serie de desencuentros entre Larreta, Macri y Patricia Bullrich. (foto Franco Fafasuli)<\/p>\n\n\n\n<p>Larreta fue el primero que, por medio de Twitter, expres\u00f3 sus felicitaciones a Figueroa. Patricia Bullrich hizo lo mismo, pero una de las candidatas que fueron en la boleta ganadora le sali\u00f3 al cruce con dureza: \u201cPatricia, no apoyaste al PRO y tus referentes fueron funcionales a los que gobiernan Neuqu\u00e9n hace 60 a\u00f1os. Los hechos dicen m\u00e1s que las palabras\u201d, public\u00f3 Leticia Esteves, legisladora del PRO.<\/p>\n\n\n\n<p>La discusi\u00f3n se debe a que Bullrich -junto con la UCR y Lilita Carri\u00f3- respald\u00f3 la postulaci\u00f3n de Pablo Cervi para no alinearse junto a Larreta detr\u00e1s de la postulaci\u00f3n de quien era, en ese momento, un disidente del MPN. Ese posicionamiento, de hecho, le gener\u00f3 a Patricia Bullrich una discusi\u00f3n con Macri, pero luego, cuando escal\u00f3 la interna en el seno del PRO por la elecci\u00f3n porte\u00f1a y la campa\u00f1a nacional, el ex presidente se desentendi\u00f3 de Neuqu\u00e9n.<\/p>\n\n\n\n<p>\u201cPatricia banc\u00f3 a Cervi, le puso candidatos y el MPN de Sapag le dio en la Justicia aval para que se llevaran el sello de Juntos por el Cambio. Dec\u00ed que ganamos por dos puntos y medio, sino era una cat\u00e1strofe: termin\u00e1bamos siendo funcionales a los Sapag. Lo que hicieron en Neuqu\u00e9n les dio la excusa a los radicales de R\u00edo Negro a irse con Alberto Weretilneck y La C\u00e1mpora\u201d, relat\u00f3 con crudeza una fuente de la oposici\u00f3n que pidi\u00f3 reserva.<\/p>\n\n\n\n<p>Ante esta controversia, Lucas Romero subray\u00f3 que \u201cen t\u00e9rminos de la disputa nacional habr\u00e1 que reconocerle a Larreta la apuesta de haber sostenido el apoyo a Figueroa, que se ve reflejado en estos tuits que sac\u00f3 inmediatamente, tratando de capitalizar el apoyo\u201d.<\/p>\n\n\n\n<p>Destac\u00f3 un aspecto de la pelea Bullrich-Larreta, Larreta-Bullrich no suficientemente abordado que es la dimensi\u00f3n de los acuerdos territoriales. \u201cDa la impresi\u00f3n que Larreta tiene muchos mejores acuerdos territoriales con referentes territoriales en las provincias que pudieran ser un diferencial\u201d, explic\u00f3.<\/p>\n\n\n\n<p>\u201cNos vemos habitualmente cooptados por el microclima metropolitano y no miramos la proyecci\u00f3n de la elecci\u00f3n nacional en esa dimensi\u00f3n. Parece un armado m\u00e1s s\u00f3lido el de Larreta que el de Bullrich\u201d<\/p>\n\n\n\n<p>Por el Frente de Todos, la voz la dio el ministro del Interior, Eduardo \u201cWado\u201d De Pedro quien resalt\u00f3 que la elecci\u00f3n fue polarizada \u201centre dos figuras fuertes del MPN\u201d y trat\u00f3 de inscribirla en una l\u00f3gica provincial.<\/p>\n\n\n\n<p>\u201cRolo Figueroa viene del MPN, ocup\u00f3 puestos de los m\u00e1s altos dentro de la estructura y se puede decir que la interna de los dos sectores se dirimi\u00f3 en una elecci\u00f3n general\u201d, dijo De Pedro y agreg\u00f3: \u201cEsa visi\u00f3n que tuvo siempre el MPN est\u00e1 basada en un proyecto provincial, una visi\u00f3n muy arraigada con la gesti\u00f3n y la defensa de los recursos de la provincia. La gente vuelve a elegir ideas y proyectos que tengan que ver con la transformaci\u00f3n real, concreta o la continuidad concreta de una forma de gobernar\u201d.<\/p>\n\n\n\n<p><img loading=\"lazy\" decoding=\"async\" alt=\"Wado De Pedro dijo que la victoria de Rolo Figueroa tiene una l\u00f3gica m\u00e1s provincial que nacional.\" height=\"1066\" width=\"1600\" class=\"\" src=\"https:\/\/cloudfront-us-east-1.images.arcpublishing.com\/infobae\/GJVTNNHZOFCVLL73IUWIZR7SEI.jpg\" srcset=\"https:\/\/www.infobae.com\/new-resizer\/6v1E8LUC5Kh0XfcYG1bO-3Fbfac=\/420x280\/filters:format(webp):quality(85)\/cloudfront-us-east-1.images.arcpublishing.com\/infobae\/GJVTNNHZOFCVLL73IUWIZR7SEI.jpg 420w,https:\/\/www.infobae.com\/new-resizer\/wBsL4dfnzKrYVB94qLP6okdo3_M=\/768x512\/filters:format(webp):quality(85)\/cloudfront-us-east-1.images.arcpublishing.com\/infobae\/GJVTNNHZOFCVLL73IUWIZR7SEI.jpg 768w,https:\/\/www.infobae.com\/new-resizer\/v8ebakmtu_769ROZLvCbWzQ11Sc=\/992x661\/filters:format(webp):quality(85)\/cloudfront-us-east-1.images.arcpublishing.com\/infobae\/GJVTNNHZOFCVLL73IUWIZR7SEI.jpg 992w,https:\/\/www.infobae.com\/new-resizer\/CpaQlB-vU-UCJ9uJmWAVMR5B3Aw=\/1200x800\/filters:format(webp):quality(85)\/cloudfront-us-east-1.images.arcpublishing.com\/infobae\/GJVTNNHZOFCVLL73IUWIZR7SEI.jpg 1200w,https:\/\/www.infobae.com\/new-resizer\/ziaIdIGOSva8W0ge52UKt3dAhSk=\/1440x960\/filters:format(webp):quality(85)\/cloudfront-us-east-1.images.arcpublishing.com\/infobae\/GJVTNNHZOFCVLL73IUWIZR7SEI.jpg 1440w\">Wado De Pedro dijo que la victoria de Rolo Figueroa tiene una l\u00f3gica m\u00e1s provincial que nacional.<\/p>\n\n\n\n<p>\u201cDesde la Capital se le suben todos a los que ganan en el interior. En esta l\u00f3gica de la post verdad quieren sentirse parte o contarle al resto de la argentina que son parte de la fuerza que gan\u00f3. En Neuqu\u00e9n Juntos por el Cambio llev\u00f3 un candidato que sac\u00f3 4 puntos. Me parece que el ejemplo es ser un poco m\u00e1s serio\u201d, consider\u00f3 y, antes de felicitar al ganador, record\u00f3 que \u201cMassa ten\u00eda un acuerdo con Rolo Figueroa\u201d.<\/p>\n\n\n\n<p>M\u00e1s all\u00e1 de las lecturas y apropiaciones, el MPN que cre\u00f3 Felipe Sapag recibi\u00f3 un rev\u00e9s demoledor. En el libro que lee con apasionamiento el c\u00edrculo rojo, que escribi\u00f3 Juan Manuel Abal Medina, hay una evocaci\u00f3n que no deja bien parado al fallecido Sapag.<\/p>\n\n\n\n<p>Cont\u00f3 el \u00faltimo secretario general que tuvo el PJ en vida de Per\u00f3n que a \u00e9l se le prohibi\u00f3 hacer cualquier tipo de acuerdo electoral con el creador del MPN. El fundador del Justicialismo hab\u00eda rechazado en un encuentro en Puerta de Hierro un ofrecimiento de dinero en medio de las estrecheces del exilio madrile\u00f1o. \u201cEl General pensaba que lisa y llanamente hab\u00eda intentado sobornarlo\u201d (pag. 214, \u201cConocer a Per\u00f3n\u201d, Editorial Planeta). Recuerdos inconvenientes que vienen del pasado y se hacen presente.<\/p>\n","protected":false},"excerpt":{"rendered":"<p>La pujante provincia de Neuqu\u00e9n, donde brilla el rico y productivo yacimiento de Vaca Muerta, le dio a la Argentina este domingo una noticia de magnitud hist\u00f3rica. Despu\u00e9s de 60 a\u00f1os, el Movimiento Popular Neuquino (MPN), que es manejado con mano de hierro y modos feudales por la familia Sapag, perdi\u00f3 el gobierno local ante<a class=\"read-more\" href=\"https:\/\/elfederalmendoza.com.ar\/index.php\/2023\/04\/17\/historica-derrota-del-caudillismo-del-clan-sapag-que-goberno-por-60-anos-en-neuquen\/\"> [&hellip;]<\/a><\/p>\n","protected":false},"author":2,"featured_media":22017,"comment_status":"open","ping_status":"open","sticky":false,"template":"","format":"standard","meta":{"footnotes":""},"categories":[5618],"tags":[],"class_list":["post-22016","post","type-post","status-publish","format-standard","has-post-thumbnail","hentry","category-arg"],"rttpg_featured_image_url":{"full":["https:\/\/elfederalmendoza.com.ar\/wp-content\/uploads\/2023\/04\/sapag.jpg",911,605,false],"landscape":["https:\/\/elfederalmendoza.com.ar\/wp-content\/uploads\/2023\/04\/sapag.jpg",911,605,false],"portraits":["https:\/\/elfederalmendoza.com.ar\/wp-content\/uploads\/2023\/04\/sapag.jpg",911,605,false],"thumbnail":["https:\/\/elfederalmendoza.com.ar\/wp-content\/uploads\/2023\/04\/sapag-150x150.jpg",150,150,true],"medium":["https:\/\/elfederalmendoza.com.ar\/wp-content\/uploads\/2023\/04\/sapag-300x199.jpg",300,199,true],"large":["https:\/\/elfederalmendoza.com.ar\/wp-content\/uploads\/2023\/04\/sapag.jpg",640,425,false],"1536x1536":["https:\/\/elfederalmendoza.com.ar\/wp-content\/uploads\/2023\/04\/sapag.jpg",911,605,false],"2048x2048":["https:\/\/elfederalmendoza.com.ar\/wp-content\/uploads\/2023\/04\/sapag.jpg",911,605,false],"ultp_layout_landscape_large":["https:\/\/elfederalmendoza.com.ar\/wp-content\/uploads\/2023\/04\/sapag.jpg",911,605,false],"ultp_layout_landscape":["https:\/\/elfederalmendoza.com.ar\/wp-content\/uploads\/2023\/04\/sapag-870x570.jpg",870,570,true],"ultp_layout_portrait":["https:\/\/elfederalmendoza.com.ar\/wp-content\/uploads\/2023\/04\/sapag-600x605.jpg",600,605,true],"ultp_layout_square":["https:\/\/elfederalmendoza.com.ar\/wp-content\/uploads\/2023\/04\/sapag-600x600.jpg",600,600,true],"rpwe-thumbnail":["https:\/\/elfederalmendoza.com.ar\/wp-content\/uploads\/2023\/04\/sapag-45x45.jpg",45,45,true],"advps-thumb-one":["https:\/\/elfederalmendoza.com.ar\/wp-content\/uploads\/2023\/04\/sapag-911x420.jpg",911,420,true]},"rttpg_author":{"display_name":"Redacci\u00f3n El Federal","author_link":"https:\/\/elfederalmendoza.com.ar\/index.php\/author\/angelflores\/"},"rttpg_comment":0,"rttpg_category":"<a href=\"https:\/\/elfederalmendoza.com.ar\/index.php\/category\/arg\/\" rel=\"category tag\">Argentina<\/a>","rttpg_excerpt":"La pujante provincia de Neuqu\u00e9n, donde brilla el rico y productivo yacimiento de Vaca Muerta, le dio a la Argentina este domingo una noticia de magnitud hist\u00f3rica. Despu\u00e9s de 60 a\u00f1os, el Movimiento Popular Neuquino (MPN), que es manejado con mano de hierro y modos feudales por la familia Sapag, perdi\u00f3 el gobierno local ante&hellip;","_links":{"self":[{"href":"https:\/\/elfederalmendoza.com.ar\/index.php\/wp-json\/wp\/v2\/posts\/22016","targetHints":{"allow":["GET"]}}],"collection":[{"href":"https:\/\/elfederalmendoza.com.ar\/index.php\/wp-json\/wp\/v2\/posts"}],"about":[{"href":"https:\/\/elfederalmendoza.com.ar\/index.php\/wp-json\/wp\/v2\/types\/post"}],"author":[{"embeddable":true,"href":"https:\/\/elfederalmendoza.com.ar\/index.php\/wp-json\/wp\/v2\/users\/2"}],"replies":[{"embeddable":true,"href":"https:\/\/elfederalmendoza.com.ar\/index.php\/wp-json\/wp\/v2\/comments?post=22016"}],"version-history":[{"count":2,"href":"https:\/\/elfederalmendoza.com.ar\/index.php\/wp-json\/wp\/v2\/posts\/22016\/revisions"}],"predecessor-version":[{"id":22021,"href":"https:\/\/elfederalmendoza.com.ar\/index.php\/wp-json\/wp\/v2\/posts\/22016\/revisions\/22021"}],"wp:featuredmedia":[{"embeddable":true,"href":"https:\/\/elfederalmendoza.com.ar\/index.php\/wp-json\/wp\/v2\/media\/22017"}],"wp:attachment":[{"href":"https:\/\/elfederalmendoza.com.ar\/index.php\/wp-json\/wp\/v2\/media?parent=22016"}],"wp:term":[{"taxonomy":"category","embeddable":true,"href":"https:\/\/elfederalmendoza.com.ar\/index.php\/wp-json\/wp\/v2\/categories?post=22016"},{"taxonomy":"post_tag","embeddable":true,"href":"https:\/\/elfederalmendoza.com.ar\/index.php\/wp-json\/wp\/v2\/tags?post=22016"}],"curies":[{"name":"wp","href":"https:\/\/api.w.org\/{rel}","templated":true}]}}