{"id":22022,"date":"2023-04-17T02:32:00","date_gmt":"2023-04-17T05:32:00","guid":{"rendered":"https:\/\/elfederalmendoza.com\/?p=22022"},"modified":"2023-04-17T09:33:15","modified_gmt":"2023-04-17T12:33:15","slug":"no-soy-fernando-soy-amanda-un-femicida-dice-que-es-mujer-para-tratar-de-reducir-su-pesada-condena","status":"publish","type":"post","link":"https:\/\/elfederalmendoza.com.ar\/index.php\/2023\/04\/17\/no-soy-fernando-soy-amanda-un-femicida-dice-que-es-mujer-para-tratar-de-reducir-su-pesada-condena\/","title":{"rendered":"\u00abNo soy Fernando, soy Amanda\u00bb: un femicida dice que es mujer para tratar de reducir su pesada condena"},"content":{"rendered":"\n<p><strong>Fernando Alves Ferreira, imputado por femicidio triplemente agravado, declar\u00f3 en la audiencia de control de acusaci\u00f3n que se autopercibe como mujer, y solicit\u00f3 la modificaci\u00f3n de la caratula de femicidio.<\/strong><\/p>\n\n\n\n<p>El hecho que se investiga ocurri\u00f3 en Bariloche el 16 de febrero de 2022, en inmediaciones del Lago Escondido, en la zona del Circuito Chico de la ciudad cordillerana, a unos 25 kil\u00f3metros del centro.<\/p>\n\n\n\n<p>En esa ocasi\u00f3n el imputado, quien confes\u00f3 la autor\u00eda del hecho ante el juez interviniente,<strong>&nbsp;dispar\u00f3 seis veces contra Eduarda Santos de Almeida provoc\u00e1ndole la muerte.<br><\/strong><br>En oportunidad de formular los cargos, el fiscal interviniente, Mart\u00edn Lozada, destac\u00f3 que la relaci\u00f3n que un\u00eda a ambos participantes en el hecho constitu\u00eda los rasgos de una relaci\u00f3n de dependencia econ\u00f3mica y emocional, propios de una posici\u00f3n dominante del hombre sobre la mujer y en ello fund\u00f3 su pedido de pena por la causal de femicidio.<\/p>\n\n\n\n<p>En la audiencia el imputado, Fernando Alves Ferreira, manifest\u00f3 que&nbsp;<strong>se autopercibe mujer desde su adolescencia y que deber\u00e1 ser llamado Amanda Alves Ferreira.<\/strong><\/p>\n\n\n\n<p>El abogado Nelson Vigueras fue el encargado de transmitir ante el juez Mart\u00edn Arroyo la pretensi\u00f3n de modificar la car\u00e1tula del hecho.<\/p>\n\n\n\n<p>\u00abFernando se autopercibe Amanda\u00bb dijo el letrado, y justific\u00f3 su teor\u00eda argumentando que Alves Ferreira -antes del hecho- se someti\u00f3 a cirug\u00edas e inici\u00f3 los tr\u00e1mites para modificar su sexo.<\/p>\n\n\n\n<p><strong>La modificaci\u00f3n de la car\u00e1tula de la causa, fue rechazada por el fiscal Lozada.<\/strong><\/p>\n\n\n\n<p>Luego de un arduo debate entre las partes, sin posibilidades de llegar a un acuerdo, el juez interviniente, Juan Mart\u00edn Arroyo, consider\u00f3 que la acusaci\u00f3n era precisa y habilit\u00f3 que el caso llegue a juicio, cuando ser\u00e1 el momento de dirimir qu\u00e9 teor\u00eda prevalece en el caso que se juzgar\u00e1.&nbsp;<\/p>\n","protected":false},"excerpt":{"rendered":"<p>Fernando Alves Ferreira, imputado por femicidio triplemente agravado, declar\u00f3 en la audiencia de control de acusaci\u00f3n que se autopercibe como mujer, y solicit\u00f3 la modificaci\u00f3n de la caratula de femicidio. El hecho que se investiga ocurri\u00f3 en Bariloche el 16 de febrero de 2022, en inmediaciones del Lago Escondido, en la zona del Circuito Chico<a class=\"read-more\" href=\"https:\/\/elfederalmendoza.com.ar\/index.php\/2023\/04\/17\/no-soy-fernando-soy-amanda-un-femicida-dice-que-es-mujer-para-tratar-de-reducir-su-pesada-condena\/\"> [&hellip;]<\/a><\/p>\n","protected":false},"author":2,"featured_media":22023,"comment_status":"open","ping_status":"open","sticky":false,"template":"","format":"standard","meta":{"footnotes":""},"categories":[5618],"tags":[],"class_list":["post-22022","post","type-post","status-publish","format-standard","has-post-thumbnail","hentry","category-arg"],"rttpg_featured_image_url":{"full":["https:\/\/elfederalmendoza.com.ar\/wp-content\/uploads\/2023\/04\/fernando-alves-ferreira-1547348.webp",950,534,false],"landscape":["https:\/\/elfederalmendoza.com.ar\/wp-content\/uploads\/2023\/04\/fernando-alves-ferreira-1547348.webp",950,534,false],"portraits":["https:\/\/elfederalmendoza.com.ar\/wp-content\/uploads\/2023\/04\/fernando-alves-ferreira-1547348.webp",950,534,false],"thumbnail":["https:\/\/elfederalmendoza.com.ar\/wp-content\/uploads\/2023\/04\/fernando-alves-ferreira-1547348-150x150.webp",150,150,true],"medium":["https:\/\/elfederalmendoza.com.ar\/wp-content\/uploads\/2023\/04\/fernando-alves-ferreira-1547348-300x169.webp",300,169,true],"large":["https:\/\/elfederalmendoza.com.ar\/wp-content\/uploads\/2023\/04\/fernando-alves-ferreira-1547348.webp",640,360,false],"1536x1536":["https:\/\/elfederalmendoza.com.ar\/wp-content\/uploads\/2023\/04\/fernando-alves-ferreira-1547348.webp",950,534,false],"2048x2048":["https:\/\/elfederalmendoza.com.ar\/wp-content\/uploads\/2023\/04\/fernando-alves-ferreira-1547348.webp",950,534,false],"ultp_layout_landscape_large":["https:\/\/elfederalmendoza.com.ar\/wp-content\/uploads\/2023\/04\/fernando-alves-ferreira-1547348.webp",950,534,false],"ultp_layout_landscape":["https:\/\/elfederalmendoza.com.ar\/wp-content\/uploads\/2023\/04\/fernando-alves-ferreira-1547348-870x534.webp",870,534,true],"ultp_layout_portrait":["https:\/\/elfederalmendoza.com.ar\/wp-content\/uploads\/2023\/04\/fernando-alves-ferreira-1547348-600x534.webp",600,534,true],"ultp_layout_square":["https:\/\/elfederalmendoza.com.ar\/wp-content\/uploads\/2023\/04\/fernando-alves-ferreira-1547348-600x534.webp",600,534,true],"rpwe-thumbnail":["https:\/\/elfederalmendoza.com.ar\/wp-content\/uploads\/2023\/04\/fernando-alves-ferreira-1547348-45x45.webp",45,45,true],"advps-thumb-one":["https:\/\/elfederalmendoza.com.ar\/wp-content\/uploads\/2023\/04\/fernando-alves-ferreira-1547348-950x420.webp",950,420,true]},"rttpg_author":{"display_name":"Redacci\u00f3n El Federal","author_link":"https:\/\/elfederalmendoza.com.ar\/index.php\/author\/angelflores\/"},"rttpg_comment":0,"rttpg_category":"<a href=\"https:\/\/elfederalmendoza.com.ar\/index.php\/category\/arg\/\" rel=\"category tag\">Argentina<\/a>","rttpg_excerpt":"Fernando Alves Ferreira, imputado por femicidio triplemente agravado, declar\u00f3 en la audiencia de control de acusaci\u00f3n que se autopercibe como mujer, y solicit\u00f3 la modificaci\u00f3n de la caratula de femicidio. El hecho que se investiga ocurri\u00f3 en Bariloche el 16 de febrero de 2022, en inmediaciones del Lago Escondido, en la zona del Circuito Chico&hellip;","_links":{"self":[{"href":"https:\/\/elfederalmendoza.com.ar\/index.php\/wp-json\/wp\/v2\/posts\/22022","targetHints":{"allow":["GET"]}}],"collection":[{"href":"https:\/\/elfederalmendoza.com.ar\/index.php\/wp-json\/wp\/v2\/posts"}],"about":[{"href":"https:\/\/elfederalmendoza.com.ar\/index.php\/wp-json\/wp\/v2\/types\/post"}],"author":[{"embeddable":true,"href":"https:\/\/elfederalmendoza.com.ar\/index.php\/wp-json\/wp\/v2\/users\/2"}],"replies":[{"embeddable":true,"href":"https:\/\/elfederalmendoza.com.ar\/index.php\/wp-json\/wp\/v2\/comments?post=22022"}],"version-history":[{"count":1,"href":"https:\/\/elfederalmendoza.com.ar\/index.php\/wp-json\/wp\/v2\/posts\/22022\/revisions"}],"predecessor-version":[{"id":22024,"href":"https:\/\/elfederalmendoza.com.ar\/index.php\/wp-json\/wp\/v2\/posts\/22022\/revisions\/22024"}],"wp:featuredmedia":[{"embeddable":true,"href":"https:\/\/elfederalmendoza.com.ar\/index.php\/wp-json\/wp\/v2\/media\/22023"}],"wp:attachment":[{"href":"https:\/\/elfederalmendoza.com.ar\/index.php\/wp-json\/wp\/v2\/media?parent=22022"}],"wp:term":[{"taxonomy":"category","embeddable":true,"href":"https:\/\/elfederalmendoza.com.ar\/index.php\/wp-json\/wp\/v2\/categories?post=22022"},{"taxonomy":"post_tag","embeddable":true,"href":"https:\/\/elfederalmendoza.com.ar\/index.php\/wp-json\/wp\/v2\/tags?post=22022"}],"curies":[{"name":"wp","href":"https:\/\/api.w.org\/{rel}","templated":true}]}}