{"id":22025,"date":"2023-04-17T01:59:00","date_gmt":"2023-04-17T04:59:00","guid":{"rendered":"https:\/\/elfederalmendoza.com\/?p=22025"},"modified":"2023-04-17T11:02:21","modified_gmt":"2023-04-17T14:02:21","slug":"22025","status":"publish","type":"post","link":"https:\/\/elfederalmendoza.com.ar\/index.php\/2023\/04\/17\/22025\/","title":{"rendered":"\u00abLo de N\u00e9stor\u00bb: la historia del bar ultrakirchnerista que cobr\u00f3 $ 36 millones en subsidios y no presta ning\u00fan servicio social"},"content":{"rendered":"\n<p><strong>\u00abUn bar para seguir discutiendo el proyecto\u00bb, es el leitmotiv que se incluye en la cuenta de Instagram de \u00abLo de N\u00e9stor\u00bb, el restaurant ultrakirchnerista ubicado en San Telmo, en Bol\u00edvar 548, que se define como \u00abcooperativo\u00bb<\/strong>&nbsp;y que funciona, supuestamente, a partir de los ingresos que generan los comensales que lo visitan y disfrutan de los espect\u00e1culos que se se dan all\u00ed.<br><strong><br>\u00abLo de N\u00e9stor\u00bb es un emprendimiento comercial de Leonardo Duva, un dirigente gremial cercano al presidente al presidente Alberto Fern\u00e1ndez<\/strong>&nbsp;y al referente social Juan Grabois, que est\u00e1 a cargo de Gestara, el grupo de empresas sociales y trabajadores autogestionados de la Rep\u00fablica Argentina. No presta ning\u00fan tipo de servicio social a la comunidad. Simplemente, como cualquier otro proyecto gastron\u00f3mico, factura.<\/p>\n\n\n\n<p>Por eso sorprende que figure dentro de la lista de cooperativas que recibe fondos del Estado de manera discrecional, a la que tuvo acceso Clar\u00edn. Y que haya cobrado $36 millones durante 2022 y el primer trimestre de 2023. Se trata de un subsidio oficial que, en los hechos, se desconoce a qu\u00e9 se destina.<\/p>\n\n\n\n<p>Fuentes cercanas al restaurant aseguran que en la actualidad est\u00e1 cerrado, como lo estuvo en buena parte de la pandemia, con per\u00edodos en los que reabri\u00f3, por ejemplo, hasta diciembre del a\u00f1o pasado.&nbsp;<strong>Seg\u00fan dijo Duva, el cierre fue por la obra del Gobierno de la Ciudad en el Bajo, que los perjudic\u00f3 comercialmente y los oblig\u00f3 a cerrar. Otras fuentes aseguran que en paralelo la misma cooperativa en ese momento se hizo cargo de \u00abUn caf\u00e9 con Per\u00f3n\u00bb en Recoleta y mud\u00f3 todo el personal ah\u00ed.<br><\/strong><br>La Cooperativa de Trabajo Lo de N\u00e9stor LTDA viene cobrando fondos estatales desde 2021, incluso en tiempos de pandemia donde el bar estuvo mayoritariamente cerrado. Ese a\u00f1o le ingresaron $ 14.928.000.<\/p>\n\n\n\n<p>El reparto de esos fondos se realiz\u00f3 a trav\u00e9s de dos cajas: por un lado,&nbsp;<strong>se giraron $ 12.420.000 a Gestara, el gremio que lidera Leonardo Duva, mientras que los $ 2.508.000 restantes fueron transferidos al propio bar \u00abLo de N\u00e9stor\u00bb.<\/strong><\/p>\n\n\n\n<p>La din\u00e1mica se repiti\u00f3 en 2022 y tambi\u00e9n en el primer trimestre de este a\u00f1o. El a\u00f1o pasado, las razones sociales que est\u00e1n a nombre de Duva cobraron otros $ 33.013.039, que se distribuyeron de manera inversa: $ 31.813.039 fueron a \u00abLo de N\u00e9stor\u00bb y otros $ 1.200.000 a Gestara.<\/p>\n\n\n\n<p><strong>Hasta el 31 de marzo, hubo m\u00e1s giros: $ 2.981.666 a \u00abLo de N\u00e9stor\u00bb. Si se le suman a los recursos de 2022, ser\u00edan subsidios totales en los \u00faltimos 15 meses por $ 35.994.039, al filo de los $ 36 millones globales<\/strong>. Midi\u00e9ndolo en pesos constantes, siguiendo el ritmo de la inflaci\u00f3n, los desembolsos totales de 2012 a 2023 cambian y trepan hasta $ 90.081.480.<\/p>\n\n\n\n<p><strong>\u00abLo de N\u00e9stor figura legalmente como un bar con \u00abservicios de expendio de comidas y bebidas, servicios de alojamiento y servicios de comida\u00bb<\/strong>. Y se promociona en redes como un lugar autogestionado por trabajadores donde toda la cadena de insumos est\u00e1 realizada por cooperativas.<\/p>\n\n\n\n<p>El bar es un \u00e1mbito de propaganda pol\u00edtica del kirchnerismo y del peronismo. Se realizan charlas y conferencias pol\u00edticas y algunos espect\u00e1culos por la noche.<br><strong><br>Leonardo Duva tiene 46 a\u00f1os, es titular de Gestara y propietario del bar \u00abLo de N\u00e9stor\u00bb.<\/strong>&nbsp;Administra ambas razones sociales, que est\u00e1n domiciliadas en los registros de AFIP con una diferencia de una cuadra: una en Bol\u00edvar 548 y otra en Bol\u00edvar 646, ambas en el barrio de San Telmo.<\/p>\n\n\n\n<p>SIn embargo, el domicilio fiscal de Duva es Pasaje Danel 1417, entre los barrios de Boedo y Once, en cuyo lugar funciona la sede social de la Cooperativa de Servicio Integral La Nacional, la que no tiene mayores datos m\u00e1s que algunos relacionados con el rubro mayorista de provisi\u00f3n de kioscos. En el registro de entidades del Inaes, en cambio, se encuentra registrada la Cooperativa de Trabajo La Nacional Ltd en otra direcci\u00f3n: General Urquiza 480, en Balvanera.<\/p>\n\n\n\n<p>En sus redes sociales Duva se muestra muy activo, siendo parte desde Gestara de actividades con dirigentes como Alberto Fern\u00e1ndez o Victoria Tolosa Paz, entre otros. Tambi\u00e9n quienes lo conocen de cerca refieren a una relaci\u00f3n de amistad con el dirigente social Juan Grabois.<\/p>\n\n\n\n<p>En marzo pasado,&nbsp;<strong>Clar\u00edn revel\u00f3 una serie de irregularidades en el reparto de fondos de manera discrecional a diferentes asociaciones y cooperativas de parte del Estado Nacional.<\/strong><\/p>\n\n\n\n<p>El caso m\u00e1s notorio fueron los millonarios giros enviados a El Sue\u00f1o del Principito, una asociaci\u00f3n civil que est\u00e1 a cargo de Mariana Larrea Gadea, una funcionaria del Ministerio de Desarrollo Social, que precisamente es el que le gir\u00f3 esos $ 1.019 millones. De ese monto total, $ 633 millones se los transfiri\u00f3 en la gesti\u00f3n de Tolosa Paz, del 18 de noviembre al 28 de diciembre pasados.<\/p>\n\n\n\n<p>Como sucede con Lo de N\u00e9stor, Larrea Gadea es titular adem\u00e1s de otro restaurant ultrakirchnerista en la zona de San Telmo, El Justicialista, junto a su pareja, el funcionario del municipio de Avellaneda, Mariano Buglione.<\/p>\n","protected":false},"excerpt":{"rendered":"<p>\u00abUn bar para seguir discutiendo el proyecto\u00bb, es el leitmotiv que se incluye en la cuenta de Instagram de \u00abLo de N\u00e9stor\u00bb, el restaurant ultrakirchnerista ubicado en San Telmo, en Bol\u00edvar 548, que se define como \u00abcooperativo\u00bb&nbsp;y que funciona, supuestamente, a partir de los ingresos que generan los comensales que lo visitan y disfrutan de<a class=\"read-more\" href=\"https:\/\/elfederalmendoza.com.ar\/index.php\/2023\/04\/17\/22025\/\"> [&hellip;]<\/a><\/p>\n","protected":false},"author":2,"featured_media":22026,"comment_status":"open","ping_status":"open","sticky":false,"template":"","format":"standard","meta":{"footnotes":""},"categories":[5618],"tags":[],"class_list":["post-22025","post","type-post","status-publish","format-standard","has-post-thumbnail","hentry","category-arg"],"rttpg_featured_image_url":{"full":["https:\/\/elfederalmendoza.com.ar\/wp-content\/uploads\/2023\/04\/v4KjYNF3n_1256x620__1.webp",1256,620,false],"landscape":["https:\/\/elfederalmendoza.com.ar\/wp-content\/uploads\/2023\/04\/v4KjYNF3n_1256x620__1.webp",1256,620,false],"portraits":["https:\/\/elfederalmendoza.com.ar\/wp-content\/uploads\/2023\/04\/v4KjYNF3n_1256x620__1.webp",1256,620,false],"thumbnail":["https:\/\/elfederalmendoza.com.ar\/wp-content\/uploads\/2023\/04\/v4KjYNF3n_1256x620__1-150x150.webp",150,150,true],"medium":["https:\/\/elfederalmendoza.com.ar\/wp-content\/uploads\/2023\/04\/v4KjYNF3n_1256x620__1-300x148.webp",300,148,true],"large":["https:\/\/elfederalmendoza.com.ar\/wp-content\/uploads\/2023\/04\/v4KjYNF3n_1256x620__1-1024x505.webp",640,316,true],"1536x1536":["https:\/\/elfederalmendoza.com.ar\/wp-content\/uploads\/2023\/04\/v4KjYNF3n_1256x620__1.webp",1256,620,false],"2048x2048":["https:\/\/elfederalmendoza.com.ar\/wp-content\/uploads\/2023\/04\/v4KjYNF3n_1256x620__1.webp",1256,620,false],"ultp_layout_landscape_large":["https:\/\/elfederalmendoza.com.ar\/wp-content\/uploads\/2023\/04\/v4KjYNF3n_1256x620__1-1200x620.webp",1200,620,true],"ultp_layout_landscape":["https:\/\/elfederalmendoza.com.ar\/wp-content\/uploads\/2023\/04\/v4KjYNF3n_1256x620__1-870x570.webp",870,570,true],"ultp_layout_portrait":["https:\/\/elfederalmendoza.com.ar\/wp-content\/uploads\/2023\/04\/v4KjYNF3n_1256x620__1-600x620.webp",600,620,true],"ultp_layout_square":["https:\/\/elfederalmendoza.com.ar\/wp-content\/uploads\/2023\/04\/v4KjYNF3n_1256x620__1-600x600.webp",600,600,true],"rpwe-thumbnail":["https:\/\/elfederalmendoza.com.ar\/wp-content\/uploads\/2023\/04\/v4KjYNF3n_1256x620__1-45x45.webp",45,45,true],"advps-thumb-one":["https:\/\/elfederalmendoza.com.ar\/wp-content\/uploads\/2023\/04\/v4KjYNF3n_1256x620__1-1200x420.webp",1200,420,true]},"rttpg_author":{"display_name":"Redacci\u00f3n El Federal","author_link":"https:\/\/elfederalmendoza.com.ar\/index.php\/author\/angelflores\/"},"rttpg_comment":0,"rttpg_category":"<a href=\"https:\/\/elfederalmendoza.com.ar\/index.php\/category\/arg\/\" rel=\"category tag\">Argentina<\/a>","rttpg_excerpt":"\u00abUn bar para seguir discutiendo el proyecto\u00bb, es el leitmotiv que se incluye en la cuenta de Instagram de \u00abLo de N\u00e9stor\u00bb, el restaurant ultrakirchnerista ubicado en San Telmo, en Bol\u00edvar 548, que se define como \u00abcooperativo\u00bb&nbsp;y que funciona, supuestamente, a partir de los ingresos que generan los comensales que lo visitan y disfrutan de&hellip;","_links":{"self":[{"href":"https:\/\/elfederalmendoza.com.ar\/index.php\/wp-json\/wp\/v2\/posts\/22025","targetHints":{"allow":["GET"]}}],"collection":[{"href":"https:\/\/elfederalmendoza.com.ar\/index.php\/wp-json\/wp\/v2\/posts"}],"about":[{"href":"https:\/\/elfederalmendoza.com.ar\/index.php\/wp-json\/wp\/v2\/types\/post"}],"author":[{"embeddable":true,"href":"https:\/\/elfederalmendoza.com.ar\/index.php\/wp-json\/wp\/v2\/users\/2"}],"replies":[{"embeddable":true,"href":"https:\/\/elfederalmendoza.com.ar\/index.php\/wp-json\/wp\/v2\/comments?post=22025"}],"version-history":[{"count":2,"href":"https:\/\/elfederalmendoza.com.ar\/index.php\/wp-json\/wp\/v2\/posts\/22025\/revisions"}],"predecessor-version":[{"id":22028,"href":"https:\/\/elfederalmendoza.com.ar\/index.php\/wp-json\/wp\/v2\/posts\/22025\/revisions\/22028"}],"wp:featuredmedia":[{"embeddable":true,"href":"https:\/\/elfederalmendoza.com.ar\/index.php\/wp-json\/wp\/v2\/media\/22026"}],"wp:attachment":[{"href":"https:\/\/elfederalmendoza.com.ar\/index.php\/wp-json\/wp\/v2\/media?parent=22025"}],"wp:term":[{"taxonomy":"category","embeddable":true,"href":"https:\/\/elfederalmendoza.com.ar\/index.php\/wp-json\/wp\/v2\/categories?post=22025"},{"taxonomy":"post_tag","embeddable":true,"href":"https:\/\/elfederalmendoza.com.ar\/index.php\/wp-json\/wp\/v2\/tags?post=22025"}],"curies":[{"name":"wp","href":"https:\/\/api.w.org\/{rel}","templated":true}]}}