{"id":22029,"date":"2023-04-17T11:13:25","date_gmt":"2023-04-17T14:13:25","guid":{"rendered":"https:\/\/elfederalmendoza.com\/?p=22029"},"modified":"2023-04-17T11:13:26","modified_gmt":"2023-04-17T14:13:26","slug":"tragedia-en-el-acceso-sur-una-mujer-murio-al-caer-de-una-moto","status":"publish","type":"post","link":"https:\/\/elfederalmendoza.com.ar\/index.php\/2023\/04\/17\/tragedia-en-el-acceso-sur-una-mujer-murio-al-caer-de-una-moto\/","title":{"rendered":"Tragedia en el Acceso Sur: Una mujer muri\u00f3 al caer de una moto"},"content":{"rendered":"\n<p>En la ma\u00f1ana de este lunes una mujer falleci\u00f3 en<strong>\u00a0Godoy Cruz luego de caer de la moto en la que se trasladaba<\/strong>\u00a0(<em>foto de portada: gentileza Mat\u00edas Pascualetti<\/em>).<\/p>\n\n\n\n<p>A las 08.45,&nbsp;<strong>Karina Anabel Barahona de 33 a\u00f1os<\/strong>&nbsp;iba como acompa\u00f1ante en una Yamaha que conduc\u00eda su esposo.<\/p>\n\n\n\n<p>Transitaban por el Acceso Sur de Norte a Sur y al llegar a la calle Rawson, la moto tuvo un desperfecto mec\u00e1nico en la rueda trasera -aparentemente se revent\u00f3 la c\u00e1mara- lo que provoc\u00f3 que el conductor perdiera el control del rodado.<\/p>\n\n\n\n<p>Ambos cayeron sobre la calzada y l<strong>amentablemente Karina perdi\u00f3 la vida por los golpes que sufri\u00f3.<\/strong><\/p>\n\n\n\n<p>Al lugar arrib\u00f3 personal m\u00e9dico del Servicio de Emergencia Coordinado (SEC) quien constat\u00f3 el deceso de la mujer.<\/p>\n\n\n\n<p>Inteviene para clarificar c\u00f3mo sucedieron los hechos, la Oficina Fiscal N\u00b03.<\/p>\n","protected":false},"excerpt":{"rendered":"<p>En la ma\u00f1ana de este lunes una mujer falleci\u00f3 en\u00a0Godoy Cruz luego de caer de la moto en la que se trasladaba\u00a0(foto de portada: gentileza Mat\u00edas Pascualetti). A las 08.45,&nbsp;Karina Anabel Barahona de 33 a\u00f1os&nbsp;iba como acompa\u00f1ante en una Yamaha que conduc\u00eda su esposo. Transitaban por el Acceso Sur de Norte a Sur y al<a class=\"read-more\" href=\"https:\/\/elfederalmendoza.com.ar\/index.php\/2023\/04\/17\/tragedia-en-el-acceso-sur-una-mujer-murio-al-caer-de-una-moto\/\"> [&hellip;]<\/a><\/p>\n","protected":false},"author":2,"featured_media":22030,"comment_status":"open","ping_status":"open","sticky":false,"template":"","format":"standard","meta":{"footnotes":""},"categories":[1],"tags":[],"class_list":["post-22029","post","type-post","status-publish","format-standard","has-post-thumbnail","hentry","category-mza"],"rttpg_featured_image_url":{"full":["https:\/\/elfederalmendoza.com.ar\/wp-content\/uploads\/2023\/04\/TRAGEDIA-ACCESO-SUR.jpg",1034,647,false],"landscape":["https:\/\/elfederalmendoza.com.ar\/wp-content\/uploads\/2023\/04\/TRAGEDIA-ACCESO-SUR.jpg",1034,647,false],"portraits":["https:\/\/elfederalmendoza.com.ar\/wp-content\/uploads\/2023\/04\/TRAGEDIA-ACCESO-SUR.jpg",1034,647,false],"thumbnail":["https:\/\/elfederalmendoza.com.ar\/wp-content\/uploads\/2023\/04\/TRAGEDIA-ACCESO-SUR-150x150.jpg",150,150,true],"medium":["https:\/\/elfederalmendoza.com.ar\/wp-content\/uploads\/2023\/04\/TRAGEDIA-ACCESO-SUR-300x188.jpg",300,188,true],"large":["https:\/\/elfederalmendoza.com.ar\/wp-content\/uploads\/2023\/04\/TRAGEDIA-ACCESO-SUR-1024x641.jpg",640,401,true],"1536x1536":["https:\/\/elfederalmendoza.com.ar\/wp-content\/uploads\/2023\/04\/TRAGEDIA-ACCESO-SUR.jpg",1034,647,false],"2048x2048":["https:\/\/elfederalmendoza.com.ar\/wp-content\/uploads\/2023\/04\/TRAGEDIA-ACCESO-SUR.jpg",1034,647,false],"ultp_layout_landscape_large":["https:\/\/elfederalmendoza.com.ar\/wp-content\/uploads\/2023\/04\/TRAGEDIA-ACCESO-SUR.jpg",1034,647,false],"ultp_layout_landscape":["https:\/\/elfederalmendoza.com.ar\/wp-content\/uploads\/2023\/04\/TRAGEDIA-ACCESO-SUR-870x570.jpg",870,570,true],"ultp_layout_portrait":["https:\/\/elfederalmendoza.com.ar\/wp-content\/uploads\/2023\/04\/TRAGEDIA-ACCESO-SUR-600x647.jpg",600,647,true],"ultp_layout_square":["https:\/\/elfederalmendoza.com.ar\/wp-content\/uploads\/2023\/04\/TRAGEDIA-ACCESO-SUR-600x600.jpg",600,600,true],"rpwe-thumbnail":["https:\/\/elfederalmendoza.com.ar\/wp-content\/uploads\/2023\/04\/TRAGEDIA-ACCESO-SUR-45x45.jpg",45,45,true],"advps-thumb-one":["https:\/\/elfederalmendoza.com.ar\/wp-content\/uploads\/2023\/04\/TRAGEDIA-ACCESO-SUR-1034x420.jpg",1034,420,true]},"rttpg_author":{"display_name":"Redacci\u00f3n El Federal","author_link":"https:\/\/elfederalmendoza.com.ar\/index.php\/author\/angelflores\/"},"rttpg_comment":0,"rttpg_category":"<a href=\"https:\/\/elfederalmendoza.com.ar\/index.php\/category\/mza\/\" rel=\"category tag\">Mendoza<\/a>","rttpg_excerpt":"En la ma\u00f1ana de este lunes una mujer falleci\u00f3 en\u00a0Godoy Cruz luego de caer de la moto en la que se trasladaba\u00a0(foto de portada: gentileza Mat\u00edas Pascualetti). A las 08.45,&nbsp;Karina Anabel Barahona de 33 a\u00f1os&nbsp;iba como acompa\u00f1ante en una Yamaha que conduc\u00eda su esposo. Transitaban por el Acceso Sur de Norte a Sur y al&hellip;","_links":{"self":[{"href":"https:\/\/elfederalmendoza.com.ar\/index.php\/wp-json\/wp\/v2\/posts\/22029","targetHints":{"allow":["GET"]}}],"collection":[{"href":"https:\/\/elfederalmendoza.com.ar\/index.php\/wp-json\/wp\/v2\/posts"}],"about":[{"href":"https:\/\/elfederalmendoza.com.ar\/index.php\/wp-json\/wp\/v2\/types\/post"}],"author":[{"embeddable":true,"href":"https:\/\/elfederalmendoza.com.ar\/index.php\/wp-json\/wp\/v2\/users\/2"}],"replies":[{"embeddable":true,"href":"https:\/\/elfederalmendoza.com.ar\/index.php\/wp-json\/wp\/v2\/comments?post=22029"}],"version-history":[{"count":1,"href":"https:\/\/elfederalmendoza.com.ar\/index.php\/wp-json\/wp\/v2\/posts\/22029\/revisions"}],"predecessor-version":[{"id":22031,"href":"https:\/\/elfederalmendoza.com.ar\/index.php\/wp-json\/wp\/v2\/posts\/22029\/revisions\/22031"}],"wp:featuredmedia":[{"embeddable":true,"href":"https:\/\/elfederalmendoza.com.ar\/index.php\/wp-json\/wp\/v2\/media\/22030"}],"wp:attachment":[{"href":"https:\/\/elfederalmendoza.com.ar\/index.php\/wp-json\/wp\/v2\/media?parent=22029"}],"wp:term":[{"taxonomy":"category","embeddable":true,"href":"https:\/\/elfederalmendoza.com.ar\/index.php\/wp-json\/wp\/v2\/categories?post=22029"},{"taxonomy":"post_tag","embeddable":true,"href":"https:\/\/elfederalmendoza.com.ar\/index.php\/wp-json\/wp\/v2\/tags?post=22029"}],"curies":[{"name":"wp","href":"https:\/\/api.w.org\/{rel}","templated":true}]}}