{"id":22032,"date":"2023-04-17T01:23:00","date_gmt":"2023-04-17T04:23:00","guid":{"rendered":"https:\/\/elfederalmendoza.com\/?p=22032"},"modified":"2023-04-17T11:28:47","modified_gmt":"2023-04-17T14:28:47","slug":"el-regimen-de-maduro-asesino-a-cerca-de-diez-mil-venezolanos-en-diez-anos","status":"publish","type":"post","link":"https:\/\/elfederalmendoza.com.ar\/index.php\/2023\/04\/17\/el-regimen-de-maduro-asesino-a-cerca-de-diez-mil-venezolanos-en-diez-anos\/","title":{"rendered":"El r\u00e9gimen de Maduro asesin\u00f3 a cerca de diez mil venezolanos en diez a\u00f1os"},"content":{"rendered":"\n<p><strong>9.465 personas fueron asesinadas en Venezuela por polic\u00edas y militares del r\u00e9gimen chavista en los diez a\u00f1os que lleva Nicol\u00e1s Maduro al mando del pa\u00eds, seg\u00fan denunci\u00f3 este s\u00e1bado la ONG venezolana Provea (Programa Venezolano de Educaci\u00f3n-Acci\u00f3n en Derechos Humanos).<\/strong><\/p>\n\n\n\n<p>\u201cMaduro se convirti\u00f3 en una cat\u00e1strofe para los derechos humanos\u201d, expres\u00f3 la organizaci\u00f3n en Twitter y se\u00f1al\u00f3 que, en la \u00faltima d\u00e9cada, tambi\u00e9n document\u00f3 40.351 violaciones al derecho a la integridad personal, que abarca malos tratos y tortura.<\/p>\n\n\n\n<p>Provea afirm\u00f3 que agentes de la Polic\u00eda Nacional Bolivariana (PNB) y de la Guardia Nacional Bolivariana (GNB) asesinaron a cientos de personas en Venezuela envalentonados por \u201cla impunidad estructural\u201d y \u201cel discurso de mano dura que dio pie a la masacre por goteo\u201d.<\/p>\n\n\n\n<p>El abogado y activista&nbsp;<strong>Marino Alvarado&nbsp;<\/strong>-coordinador de investigaci\u00f3n de Provea- explic\u00f3 que tambi\u00e9n&nbsp;<strong>es \u201cimposible\u201d saber con precisi\u00f3n cu\u00e1ntos de esos homicidas han sido condenados y cu\u00e1ntos casos de asesinatos han sido llevados a un tribunal porque \u201cno hay posibilidad de acceder a los expedientes y la justicia venezolana no es trasparente<\/strong>&nbsp;informando el estado de los procesos judiciales\u201d.<\/p>\n\n\n\n<p>\u201cEn la Justicia venezolana no hay ninguna voluntad de investigar y sancionar a los responsables de los cr\u00edmenes de lesa humanidad, ya sean los cr\u00edmenes cometidos mediante detenciones arbitrarias o las ejecuciones extrajudiciales en operativos de seguridad o en el contexto de protestas\u201d, advirti\u00f3 Alvarado.<\/p>\n\n\n\n<p>Y se\u00f1al\u00f3 que la Fiscalia de la Corte Penal Internacional (CPI) abri\u00f3 su \u201cinvestigaci\u00f3n por presuntos cr\u00edmenes de lesa humanidad en Venezuela\u201d en 2017 a ra\u00edz de toda la documentaci\u00f3n que se le pudo hacer llegar con el trabajo de activistas y con los testimonios de familiares de las v\u00edctimas o las propias v\u00edctimas. \u201cLuego, la CPI extendi\u00f3 el per\u00edodo a investigar desde 2014 a la actualidad ya afirmando que no son \u2018presuntos\u2019 cr\u00edmenes sino que en Venezuela efectivamente se han cometido cr\u00edmenes de lesa humanidad\u201d, remarc\u00f3.<\/p>\n\n\n\n<p><strong>Por otra parte, Alvarado tambi\u00e9n indic\u00f3 cu\u00e1les fueron los dos per\u00edodos m\u00e1s duros de la represi\u00f3n del r\u00e9gimen de Maduro desde 2013.<\/strong><\/p>\n\n\n\n<p>\u201cUno abarca del 2015 al 2017 con la Operaci\u00f3n de Liberaci\u00f3n del Pueblo (OLP) y las matanzas de jovenes pobres que realizan polic\u00edas y militares en esos denominados \u2018operativos de seguridad\u2019; que luego continu\u00f3 la FAES (Fuerza de Acci\u00f3n Especial de la Polic\u00eda) de 2017 hasta el 2022, cuando fue disuelta\u201d, cont\u00f3 Alvarado, y consider\u00f3 que ese plan chavista \u201cfue la institucionalizaci\u00f3n de los asesinatos por parte del Estado\u201d debido a que \u201cqued\u00f3 evidenciado que las ejecuciones no eran casos aislados sino que constitu\u00edan una pol\u00edtica de Estado\u201d.<\/p>\n\n\n\n<p>\u201cDespu\u00e9s estuvo la represi\u00f3n del 2017, que tiene caracter\u00edsticas distintas porque se cometi\u00f3 con un uso excesivo de la fuerza frente a la protesta social que dej\u00f3 un saldo de 143 personas asesinadas en el contexto de las manifestaciones contra el gobierno. Pero no quiere decir que todos fueron asesinados por polic\u00edas o militares porque tambi\u00e9n hubo una participaci\u00f3n de colectivos (grupos armados afines al chavismo)\u201d, dijo Alvarado a Infobae, y record\u00f3 que las violaciones a derechos humanos del 2017 tambi\u00e9n fueron acompa\u00f1adas con la \u201caplicaci\u00f3n intensiva de justicia militar a civiles y el comienzo de la utilizaci\u00f3n de tribunales antiterroristas para asociar protesta social con terrorismo\u201d.<br><strong><br>Nicol\u00e1s Maduro cumpli\u00f3 el \u00faltimo viernes 10 a\u00f1os de su llegada al poder en el Palacio de Miraflores tras la muerte de Hugo Ch\u00e1vez y su victoria en las elecciones de 2013 con una diferencia de menos del 1% en los votos contra la oposici\u00f3n. \u201cUna d\u00e9cada oscura para los derechos humanos en Venezuela\u201d, consider\u00f3 Provea este s\u00e1bado.<\/strong><\/p>\n","protected":false},"excerpt":{"rendered":"<p>9.465 personas fueron asesinadas en Venezuela por polic\u00edas y militares del r\u00e9gimen chavista en los diez a\u00f1os que lleva Nicol\u00e1s Maduro al mando del pa\u00eds, seg\u00fan denunci\u00f3 este s\u00e1bado la ONG venezolana Provea (Programa Venezolano de Educaci\u00f3n-Acci\u00f3n en Derechos Humanos). \u201cMaduro se convirti\u00f3 en una cat\u00e1strofe para los derechos humanos\u201d, expres\u00f3 la organizaci\u00f3n en Twitter<a class=\"read-more\" href=\"https:\/\/elfederalmendoza.com.ar\/index.php\/2023\/04\/17\/el-regimen-de-maduro-asesino-a-cerca-de-diez-mil-venezolanos-en-diez-anos\/\"> [&hellip;]<\/a><\/p>\n","protected":false},"author":2,"featured_media":22033,"comment_status":"open","ping_status":"open","sticky":false,"template":"","format":"standard","meta":{"footnotes":""},"categories":[5619],"tags":[],"class_list":["post-22032","post","type-post","status-publish","format-standard","has-post-thumbnail","hentry","category-mundo"],"rttpg_featured_image_url":{"full":["https:\/\/elfederalmendoza.com.ar\/wp-content\/uploads\/2023\/04\/mad.jpg",1200,675,false],"landscape":["https:\/\/elfederalmendoza.com.ar\/wp-content\/uploads\/2023\/04\/mad.jpg",1200,675,false],"portraits":["https:\/\/elfederalmendoza.com.ar\/wp-content\/uploads\/2023\/04\/mad.jpg",1200,675,false],"thumbnail":["https:\/\/elfederalmendoza.com.ar\/wp-content\/uploads\/2023\/04\/mad-150x150.jpg",150,150,true],"medium":["https:\/\/elfederalmendoza.com.ar\/wp-content\/uploads\/2023\/04\/mad-300x169.jpg",300,169,true],"large":["https:\/\/elfederalmendoza.com.ar\/wp-content\/uploads\/2023\/04\/mad-1024x576.jpg",640,360,true],"1536x1536":["https:\/\/elfederalmendoza.com.ar\/wp-content\/uploads\/2023\/04\/mad.jpg",1200,675,false],"2048x2048":["https:\/\/elfederalmendoza.com.ar\/wp-content\/uploads\/2023\/04\/mad.jpg",1200,675,false],"ultp_layout_landscape_large":["https:\/\/elfederalmendoza.com.ar\/wp-content\/uploads\/2023\/04\/mad.jpg",1200,675,false],"ultp_layout_landscape":["https:\/\/elfederalmendoza.com.ar\/wp-content\/uploads\/2023\/04\/mad-870x570.jpg",870,570,true],"ultp_layout_portrait":["https:\/\/elfederalmendoza.com.ar\/wp-content\/uploads\/2023\/04\/mad-600x675.jpg",600,675,true],"ultp_layout_square":["https:\/\/elfederalmendoza.com.ar\/wp-content\/uploads\/2023\/04\/mad-600x600.jpg",600,600,true],"rpwe-thumbnail":["https:\/\/elfederalmendoza.com.ar\/wp-content\/uploads\/2023\/04\/mad-45x45.jpg",45,45,true],"advps-thumb-one":["https:\/\/elfederalmendoza.com.ar\/wp-content\/uploads\/2023\/04\/mad-1200x420.jpg",1200,420,true]},"rttpg_author":{"display_name":"Redacci\u00f3n El Federal","author_link":"https:\/\/elfederalmendoza.com.ar\/index.php\/author\/angelflores\/"},"rttpg_comment":0,"rttpg_category":"<a href=\"https:\/\/elfederalmendoza.com.ar\/index.php\/category\/mundo\/\" rel=\"category tag\">El Mundo<\/a>","rttpg_excerpt":"9.465 personas fueron asesinadas en Venezuela por polic\u00edas y militares del r\u00e9gimen chavista en los diez a\u00f1os que lleva Nicol\u00e1s Maduro al mando del pa\u00eds, seg\u00fan denunci\u00f3 este s\u00e1bado la ONG venezolana Provea (Programa Venezolano de Educaci\u00f3n-Acci\u00f3n en Derechos Humanos). \u201cMaduro se convirti\u00f3 en una cat\u00e1strofe para los derechos humanos\u201d, expres\u00f3 la organizaci\u00f3n en Twitter&hellip;","_links":{"self":[{"href":"https:\/\/elfederalmendoza.com.ar\/index.php\/wp-json\/wp\/v2\/posts\/22032","targetHints":{"allow":["GET"]}}],"collection":[{"href":"https:\/\/elfederalmendoza.com.ar\/index.php\/wp-json\/wp\/v2\/posts"}],"about":[{"href":"https:\/\/elfederalmendoza.com.ar\/index.php\/wp-json\/wp\/v2\/types\/post"}],"author":[{"embeddable":true,"href":"https:\/\/elfederalmendoza.com.ar\/index.php\/wp-json\/wp\/v2\/users\/2"}],"replies":[{"embeddable":true,"href":"https:\/\/elfederalmendoza.com.ar\/index.php\/wp-json\/wp\/v2\/comments?post=22032"}],"version-history":[{"count":1,"href":"https:\/\/elfederalmendoza.com.ar\/index.php\/wp-json\/wp\/v2\/posts\/22032\/revisions"}],"predecessor-version":[{"id":22034,"href":"https:\/\/elfederalmendoza.com.ar\/index.php\/wp-json\/wp\/v2\/posts\/22032\/revisions\/22034"}],"wp:featuredmedia":[{"embeddable":true,"href":"https:\/\/elfederalmendoza.com.ar\/index.php\/wp-json\/wp\/v2\/media\/22033"}],"wp:attachment":[{"href":"https:\/\/elfederalmendoza.com.ar\/index.php\/wp-json\/wp\/v2\/media?parent=22032"}],"wp:term":[{"taxonomy":"category","embeddable":true,"href":"https:\/\/elfederalmendoza.com.ar\/index.php\/wp-json\/wp\/v2\/categories?post=22032"},{"taxonomy":"post_tag","embeddable":true,"href":"https:\/\/elfederalmendoza.com.ar\/index.php\/wp-json\/wp\/v2\/tags?post=22032"}],"curies":[{"name":"wp","href":"https:\/\/api.w.org\/{rel}","templated":true}]}}