{"id":22035,"date":"2023-04-17T06:39:00","date_gmt":"2023-04-17T09:39:00","guid":{"rendered":"https:\/\/elfederalmendoza.com\/?p=22035"},"modified":"2023-04-17T11:39:44","modified_gmt":"2023-04-17T14:39:44","slug":"el-insolito-relato-de-un-locutor-en-el-gol-de-river-ante-el-newells-y-los-insultos-a-pablo-perez","status":"publish","type":"post","link":"https:\/\/elfederalmendoza.com.ar\/index.php\/2023\/04\/17\/el-insolito-relato-de-un-locutor-en-el-gol-de-river-ante-el-newells-y-los-insultos-a-pablo-perez\/","title":{"rendered":"El ins\u00f3lito relato de un locutor en el gol de River ante el\u00a0Newell&#8217;s\u00a0y los insultos a Pablo P\u00e9rez"},"content":{"rendered":"\n<p>No era un partido&nbsp;f\u00e1cil, en frente estaba&nbsp;<strong>el&nbsp;Newell&#8217;s&nbsp;de Gabriel Heinze<\/strong>. Sufriendo en el arranque y gozando en el final,&nbsp;<strong>River&nbsp;se qued\u00f3 con una victoria&nbsp;<\/strong>que le permite sacar a\u00fan m\u00e1s ventaja de la que ten\u00eda sobre sus inmediatos perseguidores.<\/p>\n\n\n\n<p>Con&nbsp;<strong>algunos cambios en la formaci\u00f3n titular<\/strong>, pero sin cambiar la esencia ni la identidad que ha propuesto desde el arranque del campeonato,&nbsp;<strong>River&nbsp;<\/strong>fue acomod\u00e1ndose, con el correr de los minutos, al partido que le propon\u00eda el conjunto rosarino, y&nbsp;<strong>lo termin\u00f3 ganando sobre el final<\/strong>.<\/p>\n\n\n\n<p>Cont\u00f3 con algo de fortuna, un remate de Iv\u00e1n G\u00f3mez en el travesa\u00f1o, un par de buenas \u201ctapadas\u201d de Franco Armani.<\/p>\n\n\n\n<p>River termin\u00f3 imponi\u00e9ndose a partir de la jerarqu\u00eda de sus individualidades con los cambios realizados por el DT. La prueba m\u00e1s cabal de esto es la jugada del gol. Un bal\u00f3n detenido a favor de Newell&#8217;s, en el contraataque<strong>&nbsp;se combinaron cuatro de los hombres que&nbsp;Demichelis&nbsp;incluy\u00f3 con los cambios<\/strong>, desde el banco de relevos.<\/p>\n\n\n\n<p>Un conocido relator hincha de River, el <strong>Tano Santarsiero<\/strong>, relat\u00f3 el festejado gol de Solari de esta forma:<\/p>\n\n\n\n<figure class=\"wp-block-embed is-type-video is-provider-youtube wp-block-embed-youtube wp-embed-aspect-16-9 wp-has-aspect-ratio\"><div class=\"wp-block-embed__wrapper\">\n<iframe loading=\"lazy\" title=\"PABLO PEREZ + RELATO DE GOL DE SOLARI DEL TANO SANTARSIERO- RIVER 1 NEWELLS 0\" width=\"640\" height=\"360\" src=\"https:\/\/www.youtube.com\/embed\/Wv9Sgf5Vk5Y?feature=oembed\" frameborder=\"0\" allow=\"accelerometer; autoplay; clipboard-write; encrypted-media; gyroscope; picture-in-picture; web-share\" referrerpolicy=\"strict-origin-when-cross-origin\" allowfullscreen><\/iframe>\n<\/div><\/figure>\n","protected":false},"excerpt":{"rendered":"<p>No era un partido&nbsp;f\u00e1cil, en frente estaba&nbsp;el&nbsp;Newell&#8217;s&nbsp;de Gabriel Heinze. Sufriendo en el arranque y gozando en el final,&nbsp;River&nbsp;se qued\u00f3 con una victoria&nbsp;que le permite sacar a\u00fan m\u00e1s ventaja de la que ten\u00eda sobre sus inmediatos perseguidores. Con&nbsp;algunos cambios en la formaci\u00f3n titular, pero sin cambiar la esencia ni la identidad que ha propuesto desde el<a class=\"read-more\" href=\"https:\/\/elfederalmendoza.com.ar\/index.php\/2023\/04\/17\/el-insolito-relato-de-un-locutor-en-el-gol-de-river-ante-el-newells-y-los-insultos-a-pablo-perez\/\"> [&hellip;]<\/a><\/p>\n","protected":false},"author":2,"featured_media":22036,"comment_status":"open","ping_status":"open","sticky":false,"template":"","format":"standard","meta":{"footnotes":""},"categories":[5620],"tags":[],"class_list":["post-22035","post","type-post","status-publish","format-standard","has-post-thumbnail","hentry","category-deportes"],"rttpg_featured_image_url":{"full":["https:\/\/elfederalmendoza.com.ar\/wp-content\/uploads\/2023\/04\/relato-gol.jpg",1009,542,false],"landscape":["https:\/\/elfederalmendoza.com.ar\/wp-content\/uploads\/2023\/04\/relato-gol.jpg",1009,542,false],"portraits":["https:\/\/elfederalmendoza.com.ar\/wp-content\/uploads\/2023\/04\/relato-gol.jpg",1009,542,false],"thumbnail":["https:\/\/elfederalmendoza.com.ar\/wp-content\/uploads\/2023\/04\/relato-gol-150x150.jpg",150,150,true],"medium":["https:\/\/elfederalmendoza.com.ar\/wp-content\/uploads\/2023\/04\/relato-gol-300x161.jpg",300,161,true],"large":["https:\/\/elfederalmendoza.com.ar\/wp-content\/uploads\/2023\/04\/relato-gol.jpg",640,344,false],"1536x1536":["https:\/\/elfederalmendoza.com.ar\/wp-content\/uploads\/2023\/04\/relato-gol.jpg",1009,542,false],"2048x2048":["https:\/\/elfederalmendoza.com.ar\/wp-content\/uploads\/2023\/04\/relato-gol.jpg",1009,542,false],"ultp_layout_landscape_large":["https:\/\/elfederalmendoza.com.ar\/wp-content\/uploads\/2023\/04\/relato-gol.jpg",1009,542,false],"ultp_layout_landscape":["https:\/\/elfederalmendoza.com.ar\/wp-content\/uploads\/2023\/04\/relato-gol-870x542.jpg",870,542,true],"ultp_layout_portrait":["https:\/\/elfederalmendoza.com.ar\/wp-content\/uploads\/2023\/04\/relato-gol-600x542.jpg",600,542,true],"ultp_layout_square":["https:\/\/elfederalmendoza.com.ar\/wp-content\/uploads\/2023\/04\/relato-gol-600x542.jpg",600,542,true],"rpwe-thumbnail":["https:\/\/elfederalmendoza.com.ar\/wp-content\/uploads\/2023\/04\/relato-gol-45x45.jpg",45,45,true],"advps-thumb-one":["https:\/\/elfederalmendoza.com.ar\/wp-content\/uploads\/2023\/04\/relato-gol-1009x420.jpg",1009,420,true]},"rttpg_author":{"display_name":"Redacci\u00f3n El Federal","author_link":"https:\/\/elfederalmendoza.com.ar\/index.php\/author\/angelflores\/"},"rttpg_comment":0,"rttpg_category":"<a href=\"https:\/\/elfederalmendoza.com.ar\/index.php\/category\/deportes\/\" rel=\"category tag\">Deportes<\/a>","rttpg_excerpt":"No era un partido&nbsp;f\u00e1cil, en frente estaba&nbsp;el&nbsp;Newell&#8217;s&nbsp;de Gabriel Heinze. Sufriendo en el arranque y gozando en el final,&nbsp;River&nbsp;se qued\u00f3 con una victoria&nbsp;que le permite sacar a\u00fan m\u00e1s ventaja de la que ten\u00eda sobre sus inmediatos perseguidores. Con&nbsp;algunos cambios en la formaci\u00f3n titular, pero sin cambiar la esencia ni la identidad que ha propuesto desde el&hellip;","_links":{"self":[{"href":"https:\/\/elfederalmendoza.com.ar\/index.php\/wp-json\/wp\/v2\/posts\/22035","targetHints":{"allow":["GET"]}}],"collection":[{"href":"https:\/\/elfederalmendoza.com.ar\/index.php\/wp-json\/wp\/v2\/posts"}],"about":[{"href":"https:\/\/elfederalmendoza.com.ar\/index.php\/wp-json\/wp\/v2\/types\/post"}],"author":[{"embeddable":true,"href":"https:\/\/elfederalmendoza.com.ar\/index.php\/wp-json\/wp\/v2\/users\/2"}],"replies":[{"embeddable":true,"href":"https:\/\/elfederalmendoza.com.ar\/index.php\/wp-json\/wp\/v2\/comments?post=22035"}],"version-history":[{"count":2,"href":"https:\/\/elfederalmendoza.com.ar\/index.php\/wp-json\/wp\/v2\/posts\/22035\/revisions"}],"predecessor-version":[{"id":22038,"href":"https:\/\/elfederalmendoza.com.ar\/index.php\/wp-json\/wp\/v2\/posts\/22035\/revisions\/22038"}],"wp:featuredmedia":[{"embeddable":true,"href":"https:\/\/elfederalmendoza.com.ar\/index.php\/wp-json\/wp\/v2\/media\/22036"}],"wp:attachment":[{"href":"https:\/\/elfederalmendoza.com.ar\/index.php\/wp-json\/wp\/v2\/media?parent=22035"}],"wp:term":[{"taxonomy":"category","embeddable":true,"href":"https:\/\/elfederalmendoza.com.ar\/index.php\/wp-json\/wp\/v2\/categories?post=22035"},{"taxonomy":"post_tag","embeddable":true,"href":"https:\/\/elfederalmendoza.com.ar\/index.php\/wp-json\/wp\/v2\/tags?post=22035"}],"curies":[{"name":"wp","href":"https:\/\/api.w.org\/{rel}","templated":true}]}}