{"id":22039,"date":"2023-04-17T12:11:29","date_gmt":"2023-04-17T15:11:29","guid":{"rendered":"https:\/\/elfederalmendoza.com\/?p=22039"},"modified":"2023-04-17T12:11:30","modified_gmt":"2023-04-17T15:11:30","slug":"se-investigan-las-fiestas-heladerita-la-peligrosa-tendencia-entre-los-jovenes-menores-de-edad-en-mendoza","status":"publish","type":"post","link":"https:\/\/elfederalmendoza.com.ar\/index.php\/2023\/04\/17\/se-investigan-las-fiestas-heladerita-la-peligrosa-tendencia-entre-los-jovenes-menores-de-edad-en-mendoza\/","title":{"rendered":"Se investigan las fiestas \u00abHeladerita\u00bb: la peligrosa tendencia entre los j\u00f3venes menores de edad en Mendoza"},"content":{"rendered":"\n<p>Los j\u00f3venes menores de 18 a\u00f1os se las ingenian para reunirse y divertirse en casas privadas ante la imposibilidad de ir a boliches habilitados. Una de las fiestas\u00a0<strong>m\u00e1s comunes son las llamadas \u00abheladerita\u00bb<\/strong>, que existen hace muchos a\u00f1os, pero se intensificaron luego de pandemia, con la prohibici\u00f3n de aglomeraciones y los bailes multitudinales.<\/p>\n\n\n\n<p>Son\u00a0<strong>organizadas por un grupo de adolescentes en una casa<\/strong>\u00a0con la responsabilidad que eso conlleva para el due\u00f1o de la vivienda o en\u00a0<strong>casas de fin de semana que alquilan<\/strong>\u00a0para ese prop\u00f3sito y con el aval de alg\u00fan adulto que firma el contrato. \u00abSi los padres los dejan, lo organizan en su casa.\u00a0<strong>Tambi\u00e9n alquilan salones o hay algunos que lo organizan en bald\u00edos y contratan seguridad\u00bb<\/strong>, cont\u00f3 a Diario UNO una joven de 15 a\u00f1os.<\/p>\n\n\n\n<h2 class=\"wp-block-heading\">C\u00f3mo se organiza una fiesta \u00abheladerita\u00bb<\/h2>\n\n\n\n<p>Uno de los puntos principales es que l<strong>a difusi\u00f3n se realiza a trav\u00e9s de las redes sociales,&nbsp;<\/strong>con el entorno de los organizadores y de sus amigos. Los interesados van confirmando y la&nbsp;<strong>direcci\u00f3n del evento se pasa por chat privado, para que no se masifique y puedan cancelarles la fiesta.<\/strong><\/p>\n\n\n\n<p>\u00abSe organizan para&nbsp;<strong>hacer una fiesta y hacerte famoso<\/strong>&nbsp;o por tu cumplea\u00f1os. Se puede alquilar un sal\u00f3n o hacerlo en el patio de tu casa. S<strong>e sube a las historias de Instagram y tus amigos tambi\u00e9n lo suben y se van anotando\u00bb<\/strong>, coment\u00f3 una adolescente de 18 a\u00f1os.<\/p>\n\n\n\n<p>La menor de 15 a\u00f1os tambi\u00e9n confirm\u00f3 que lo difunden con historias de Instagram y<strong>&nbsp;le pasan la plata al organizador por Mercado Pago.&nbsp;<\/strong>\u00abCuando pag\u00e1s, que<strong>&nbsp;generalmente son $600 o $700, te incluyen en la lista,<\/strong>&nbsp;que es el formato que m\u00e1s se usa y<strong>&nbsp;un d\u00eda antes suben el flyer en donde promocionan la fiesta y a continuaci\u00f3n la lista con los que van a poder pasar y por eso hay seguridad,<\/strong>&nbsp;que controla el d\u00eda de la fiesta\u00bb.<\/p>\n\n\n\n<figure class=\"wp-block-image\"><img decoding=\"async\" src=\"https:\/\/media.diariouno.com.ar\/p\/34f242b64fefc18311cd24e857d46cfe\/adjuntos\/298\/imagenes\/009\/140\/0009140795\/1200x0\/smart\/fiesta-heladeritajpg.jpg\" alt=\"Flyer que suben los j\u00f3venes a las historias de Instagram para que otros adolescentes se anoten a la fiesta.\"\/><\/figure>\n\n\n\n<p>Flyer que suben los j\u00f3venes a las historias de Instagram para que otros adolescentes se anoten a la fiesta.<\/p>\n\n\n\n<p>La chica de 15 a\u00f1os cont\u00f3 que&nbsp;<strong>generalmente no entregan entradas virtuales porque no hay forma de controlar que los chicos no se las pasen<\/strong>&nbsp;entre s\u00ed. Aunque dijo que<strong>&nbsp;a veces hacen vouchers con entradas f\u00edsicas y los organizadores ponen puntos de encuentro<\/strong>&nbsp;en los diferentes departamentos y dan las entradas.<\/p>\n\n\n\n<p>Las leyendas dicen&nbsp;<strong>\u00abcada uno debe llevar su heladerita con lo que va a tomar\u00bb y los j\u00f3venes llevan su alcohol, hielo y los vasos.&nbsp;<\/strong>El dinero que juntan con el&nbsp;<strong>cobro de las entradas se utiliza para pagar al DJ, a la seguridad&nbsp;<\/strong>y en caso de alquilar lugar para la fiesta, los j\u00f3venes pagan un importe m\u00e1s alto para contribuir con los organizadores.<\/p>\n\n\n\n<p>Los chicos aseguran que&nbsp;<strong>tienen una fiesta con amigos por poco dinero, ya que no pagan todas las tasas que se cobra a cualquier sal\u00f3n o local bailable por la reproducci\u00f3n de m\u00fasica<\/strong>&nbsp;que tiene derechos de autor, conocidos como los impuestos de SADAIC (Sociedad Argentina de Autores y Compositores), AADI (Asociaci\u00f3n Argentina de Int\u00e9rpretes) y CAPIF (C\u00e1mara Argentina de Productores de Fonogramas y Videogramas).<\/p>\n\n\n\n<figure class=\"wp-block-image\"><img decoding=\"async\" src=\"https:\/\/media.diariouno.com.ar\/p\/e8325be1ce6db4f5c2ffc93667618a8d\/adjuntos\/298\/imagenes\/009\/140\/0009140803\/1200x0\/smart\/fiestas-heladeritajpg.jpg\" alt=\"Los chicos aseguran que tienen una fiesta con amigos por poco dinero.\"\/><\/figure>\n\n\n\n<p>Los chicos aseguran que tienen una fiesta con amigos por poco dinero.<\/p>\n\n\n\n<h2 class=\"wp-block-heading\">C\u00f3mo consiguen alcohol los menores<\/h2>\n\n\n\n<p>Las&nbsp;<strong>fiestas \u00abheladerita\u00bb se denominan as\u00ed porque los j\u00f3venes llevan al evento las cl\u00e1sicas conservadoras<\/strong>&nbsp;que se usan para ir a un d\u00eda a la monta\u00f1a o de camping. As\u00ed pueden mantener fr\u00edos el alcohol y las gaseosas que compran con el hielo que luego utilizar\u00e1n para tomar.<\/p>\n\n\n\n<p>La Ley 24.788 proh\u00edbe en todo el territorio nacional, el expendio a menores de dieciocho a\u00f1os, de todo tipo de bebidas alcoh\u00f3licas, pero los j\u00f3venes se las ingenian para proveerse por diferentes medios.<\/p>\n\n\n\n<p>Por un lado, los&nbsp;<strong>super, hipermercados o mercados de cercan\u00eda est\u00e1n muy lejos de pedir los DNI&nbsp;<\/strong>a los adolescentes que van a comprar bebidas con alcohol.<\/p>\n\n\n\n<p>Tambi\u00e9n<strong>&nbsp;existen los delivery, que llevan por encargo al lugar indicado<\/strong>&nbsp;y cobran un m\u00ednimo de alrededor de $300 el env\u00edo. Cuando el&nbsp;<strong>repartidor<\/strong>&nbsp;llega a la direcci\u00f3n indicada,&nbsp;<strong>baja el pedido, cobra y contin\u00faa con su recorrido sin verificar la edad de los compradores<\/strong>. Adem\u00e1s, en las&nbsp;<strong>reconocidas apps de delivery, se pueden agregar al carrito todo tipo de bebidas alc\u00f3holicas y pedirlas sin ning\u00fan tipo de control ni prohibici\u00f3n.<\/strong><\/p>\n\n\n\n<figure class=\"wp-block-image\"><img decoding=\"async\" src=\"https:\/\/media.diariouno.com.ar\/p\/1af284f893b1ce1c36a59b0a91a6feb7\/adjuntos\/298\/imagenes\/009\/141\/0009141106\/1200x0\/smart\/fiestas-heladeritajpg.jpg\" alt=\"\"\/><\/figure>\n\n\n\n<h2 class=\"wp-block-heading\">C\u00f3mo se desactivan las fiestas \u00abheladerita\u00bb<\/h2>\n\n\n\n<p><strong>N\u00e9stor Majul, subsecretario<\/strong>&nbsp;de Relaciones Institucionales del&nbsp;<strong>Ministerio de Seguridad,<\/strong>&nbsp;dijo a Diario UNO que las<strong>&nbsp;fiestas \u00abheladerita\u00bb son en \u00e1mbitos privados, normalmente no tienen conocimiento y pueden actuar solamente ante denuncias,<\/strong>&nbsp;que en la mayor\u00eda de los casos son por m\u00fasica elevada. Explic\u00f3 que van junto a personal municipal,&nbsp;<strong>hacen un cese inmediato de acci\u00f3n y en caso de comprobar el consumo de alcohol en menores, se decomisa inmediatamente y ponen a los j\u00f3venes a disposici\u00f3n del Juzgado de Menores o con los padres.<\/strong><\/p>\n\n\n\n<p>Con respecto a la venta de alcohol a menores, el funcionario dijo que el control es municipal y la mayor\u00eda de los departamentos tienen una ley con prohibici\u00f3n de expendio luego de las 22 o 23.<\/p>\n\n\n\n<p>En caso de desactivar una fiesta privada, Majul aclar\u00f3 que&nbsp;<strong>los responsables son los due\u00f1os de la casa, aunque sea alquilada&nbsp;<\/strong>porque el propietario debe saber el fin para el que va a ser utilizada vivienda.&nbsp;<strong>\u00abA los responsables y a los due\u00f1os de los equipos de m\u00fasica tambi\u00e9n se les secuestra todo lo que es sonido.&nbsp;<\/strong>Y generalmente, lo que hacen los chicos cuando llegamos es decir qui\u00e9n organiz\u00f3, generalmente es un mayor yese tambi\u00e9n es sancionado\u00bb, agreg\u00f3 el subsecretario.<\/p>\n","protected":false},"excerpt":{"rendered":"<p>Los j\u00f3venes menores de 18 a\u00f1os se las ingenian para reunirse y divertirse en casas privadas ante la imposibilidad de ir a boliches habilitados. Una de las fiestas\u00a0m\u00e1s comunes son las llamadas \u00abheladerita\u00bb, que existen hace muchos a\u00f1os, pero se intensificaron luego de pandemia, con la prohibici\u00f3n de aglomeraciones y los bailes multitudinales. Son\u00a0organizadas por<a class=\"read-more\" href=\"https:\/\/elfederalmendoza.com.ar\/index.php\/2023\/04\/17\/se-investigan-las-fiestas-heladerita-la-peligrosa-tendencia-entre-los-jovenes-menores-de-edad-en-mendoza\/\"> [&hellip;]<\/a><\/p>\n","protected":false},"author":2,"featured_media":22040,"comment_status":"open","ping_status":"open","sticky":false,"template":"","format":"standard","meta":{"footnotes":""},"categories":[1],"tags":[],"class_list":["post-22039","post","type-post","status-publish","format-standard","has-post-thumbnail","hentry","category-mza"],"rttpg_featured_image_url":{"full":["https:\/\/elfederalmendoza.com.ar\/wp-content\/uploads\/2023\/04\/heladerita.jpg",869,622,false],"landscape":["https:\/\/elfederalmendoza.com.ar\/wp-content\/uploads\/2023\/04\/heladerita.jpg",869,622,false],"portraits":["https:\/\/elfederalmendoza.com.ar\/wp-content\/uploads\/2023\/04\/heladerita.jpg",869,622,false],"thumbnail":["https:\/\/elfederalmendoza.com.ar\/wp-content\/uploads\/2023\/04\/heladerita-150x150.jpg",150,150,true],"medium":["https:\/\/elfederalmendoza.com.ar\/wp-content\/uploads\/2023\/04\/heladerita-300x215.jpg",300,215,true],"large":["https:\/\/elfederalmendoza.com.ar\/wp-content\/uploads\/2023\/04\/heladerita.jpg",640,458,false],"1536x1536":["https:\/\/elfederalmendoza.com.ar\/wp-content\/uploads\/2023\/04\/heladerita.jpg",869,622,false],"2048x2048":["https:\/\/elfederalmendoza.com.ar\/wp-content\/uploads\/2023\/04\/heladerita.jpg",869,622,false],"ultp_layout_landscape_large":["https:\/\/elfederalmendoza.com.ar\/wp-content\/uploads\/2023\/04\/heladerita.jpg",869,622,false],"ultp_layout_landscape":["https:\/\/elfederalmendoza.com.ar\/wp-content\/uploads\/2023\/04\/heladerita-869x570.jpg",869,570,true],"ultp_layout_portrait":["https:\/\/elfederalmendoza.com.ar\/wp-content\/uploads\/2023\/04\/heladerita-600x622.jpg",600,622,true],"ultp_layout_square":["https:\/\/elfederalmendoza.com.ar\/wp-content\/uploads\/2023\/04\/heladerita-600x600.jpg",600,600,true],"rpwe-thumbnail":["https:\/\/elfederalmendoza.com.ar\/wp-content\/uploads\/2023\/04\/heladerita-45x45.jpg",45,45,true],"advps-thumb-one":["https:\/\/elfederalmendoza.com.ar\/wp-content\/uploads\/2023\/04\/heladerita-869x420.jpg",869,420,true]},"rttpg_author":{"display_name":"Redacci\u00f3n El Federal","author_link":"https:\/\/elfederalmendoza.com.ar\/index.php\/author\/angelflores\/"},"rttpg_comment":0,"rttpg_category":"<a href=\"https:\/\/elfederalmendoza.com.ar\/index.php\/category\/mza\/\" rel=\"category tag\">Mendoza<\/a>","rttpg_excerpt":"Los j\u00f3venes menores de 18 a\u00f1os se las ingenian para reunirse y divertirse en casas privadas ante la imposibilidad de ir a boliches habilitados. Una de las fiestas\u00a0m\u00e1s comunes son las llamadas \u00abheladerita\u00bb, que existen hace muchos a\u00f1os, pero se intensificaron luego de pandemia, con la prohibici\u00f3n de aglomeraciones y los bailes multitudinales. Son\u00a0organizadas por&hellip;","_links":{"self":[{"href":"https:\/\/elfederalmendoza.com.ar\/index.php\/wp-json\/wp\/v2\/posts\/22039","targetHints":{"allow":["GET"]}}],"collection":[{"href":"https:\/\/elfederalmendoza.com.ar\/index.php\/wp-json\/wp\/v2\/posts"}],"about":[{"href":"https:\/\/elfederalmendoza.com.ar\/index.php\/wp-json\/wp\/v2\/types\/post"}],"author":[{"embeddable":true,"href":"https:\/\/elfederalmendoza.com.ar\/index.php\/wp-json\/wp\/v2\/users\/2"}],"replies":[{"embeddable":true,"href":"https:\/\/elfederalmendoza.com.ar\/index.php\/wp-json\/wp\/v2\/comments?post=22039"}],"version-history":[{"count":1,"href":"https:\/\/elfederalmendoza.com.ar\/index.php\/wp-json\/wp\/v2\/posts\/22039\/revisions"}],"predecessor-version":[{"id":22041,"href":"https:\/\/elfederalmendoza.com.ar\/index.php\/wp-json\/wp\/v2\/posts\/22039\/revisions\/22041"}],"wp:featuredmedia":[{"embeddable":true,"href":"https:\/\/elfederalmendoza.com.ar\/index.php\/wp-json\/wp\/v2\/media\/22040"}],"wp:attachment":[{"href":"https:\/\/elfederalmendoza.com.ar\/index.php\/wp-json\/wp\/v2\/media?parent=22039"}],"wp:term":[{"taxonomy":"category","embeddable":true,"href":"https:\/\/elfederalmendoza.com.ar\/index.php\/wp-json\/wp\/v2\/categories?post=22039"},{"taxonomy":"post_tag","embeddable":true,"href":"https:\/\/elfederalmendoza.com.ar\/index.php\/wp-json\/wp\/v2\/tags?post=22039"}],"curies":[{"name":"wp","href":"https:\/\/api.w.org\/{rel}","templated":true}]}}