{"id":22044,"date":"2023-04-17T05:52:00","date_gmt":"2023-04-17T08:52:00","guid":{"rendered":"https:\/\/elfederalmendoza.com\/?p=22044"},"modified":"2023-04-17T13:03:37","modified_gmt":"2023-04-17T16:03:37","slug":"un-piloto-filmo-a-un-ovni-pasando-muy-cerca-de-su-aeronave","status":"publish","type":"post","link":"https:\/\/elfederalmendoza.com.ar\/index.php\/2023\/04\/17\/un-piloto-filmo-a-un-ovni-pasando-muy-cerca-de-su-aeronave\/","title":{"rendered":"Un piloto film\u00f3 a un OVNI pasando muy cerca de su aeronave"},"content":{"rendered":"\n<p>Un&nbsp;<strong>objeto volador no identificado<\/strong>&nbsp;(<strong>OVNI<\/strong>)&nbsp;<strong>gener\u00f3 consternaci\u00f3n<\/strong>&nbsp;y&nbsp;<strong>preocupaci\u00f3n<\/strong>&nbsp;en un pueblo colombiano,&nbsp;<strong>luego de que un piloto grabara el momento exacto en que el aparato pas\u00f3 por el lado de su aeronave<\/strong>&nbsp;en territorio antioque\u00f1o.<\/p>\n\n\n\n<p><strong>El hecho se dio a conocer en las \u00faltimas horas a trav\u00e9s de las redes sociales<\/strong>, donde&nbsp;<strong>se comparti\u00f3 un video en el que se observa c\u00f3mo el OVNI sube y sale entre las nubes repentinamente<\/strong>, sorprendiendo a la tripulaci\u00f3n que sobrevolaba el sector de Santa Fe de Antioquia. El&nbsp;<strong>aparato tiene una forma circular con alerones a los lados<\/strong>, su color es blanco por debajo y plateado en la parte superior, y es similar a lo que se conoce coloquialmente como un \u00abplatillo volador\u00bb.<\/p>\n\n\n\n<p>El video fue grabado el 12 de mayo de 2022, alrededor de la 1:08 p.m., por el piloto Jorge Arteaga, quien lo comparti\u00f3 en las plataformas digitales. Desde entonces, los cibernautas han dado sus diferentes opiniones acerca de lo que podr\u00eda ser ese objeto volador.<\/p>\n\n\n\n<blockquote class=\"twitter-tweet\"><p lang=\"es\" dir=\"ltr\">En seguimiento al proceso &quot;UAP V&quot;, compartimos que el Primer Piloto del vuelo Antioquia, Colombia sustentando el control del vuelo donde se capt\u00f3 un objeto de origen desconocido; se ha sumado a un grupo de trabajo para suscribir un dictamen y ponerlo a disposici\u00f3n en general. <a href=\"https:\/\/t.co\/K1AdSA6jrX\">pic.twitter.com\/K1AdSA6jrX<\/a><\/p>&mdash; Jaime Maussan (@jaimemaussan1) <a href=\"https:\/\/twitter.com\/jaimemaussan1\/status\/1645626838906028033?ref_src=twsrc%5Etfw\">April 11, 2023<\/a><\/blockquote> <script async src=\"https:\/\/platform.twitter.com\/widgets.js\" charset=\"utf-8\"><\/script>\n\n\n\n<p><strong>Este hecho se suma a otros avistamientos de&nbsp;<a href=\"https:\/\/www.sitioandino.com.ar\/sociedad\/aparecio-un-ovni-mientras-le-sacaba-una-foto-su-papa-n5641557\" target=\"_blank\" rel=\"noreferrer noopener\">OVNI<\/a>&nbsp;que se han reportado en diferentes partes del mundo en los \u00faltimos meses<\/strong>. En Colombia, la ciudad de Cali ha sido protagonista por la aparici\u00f3n de este tipo de objetos, con m\u00faltiples avistamientos cerca a una base militar. En Puerto Salgar, Cundinamarca, varios pilotos han afirmado haber visto OVNI durante sus vuelos, seg\u00fan publica Noticias RCN.<\/p>\n\n\n\n<p>Estos avistamientos han alertado a\u00fan m\u00e1s a los expertos que estudian la existencia de este tipo de aparatos, y han generado un gran inter\u00e9s y curiosidad entre la poblaci\u00f3n. El fen\u00f3meno OVNI contin\u00faa siendo objeto de investigaci\u00f3n y debate, y seguir\u00e1 siendo tema de conversaci\u00f3n en los pr\u00f3ximos d\u00edas.<\/p>\n","protected":false},"excerpt":{"rendered":"<p>Un&nbsp;objeto volador no identificado&nbsp;(OVNI)&nbsp;gener\u00f3 consternaci\u00f3n&nbsp;y&nbsp;preocupaci\u00f3n&nbsp;en un pueblo colombiano,&nbsp;luego de que un piloto grabara el momento exacto en que el aparato pas\u00f3 por el lado de su aeronave&nbsp;en territorio antioque\u00f1o. El hecho se dio a conocer en las \u00faltimas horas a trav\u00e9s de las redes sociales, donde&nbsp;se comparti\u00f3 un video en el que se observa c\u00f3mo<a class=\"read-more\" href=\"https:\/\/elfederalmendoza.com.ar\/index.php\/2023\/04\/17\/un-piloto-filmo-a-un-ovni-pasando-muy-cerca-de-su-aeronave\/\"> [&hellip;]<\/a><\/p>\n","protected":false},"author":2,"featured_media":22045,"comment_status":"open","ping_status":"open","sticky":false,"template":"","format":"standard","meta":{"footnotes":""},"categories":[5619],"tags":[],"class_list":["post-22044","post","type-post","status-publish","format-standard","has-post-thumbnail","hentry","category-mundo"],"rttpg_featured_image_url":{"full":["https:\/\/elfederalmendoza.com.ar\/wp-content\/uploads\/2023\/04\/ovni-colombia.jpg",948,531,false],"landscape":["https:\/\/elfederalmendoza.com.ar\/wp-content\/uploads\/2023\/04\/ovni-colombia.jpg",948,531,false],"portraits":["https:\/\/elfederalmendoza.com.ar\/wp-content\/uploads\/2023\/04\/ovni-colombia.jpg",948,531,false],"thumbnail":["https:\/\/elfederalmendoza.com.ar\/wp-content\/uploads\/2023\/04\/ovni-colombia-150x150.jpg",150,150,true],"medium":["https:\/\/elfederalmendoza.com.ar\/wp-content\/uploads\/2023\/04\/ovni-colombia-300x168.jpg",300,168,true],"large":["https:\/\/elfederalmendoza.com.ar\/wp-content\/uploads\/2023\/04\/ovni-colombia.jpg",640,358,false],"1536x1536":["https:\/\/elfederalmendoza.com.ar\/wp-content\/uploads\/2023\/04\/ovni-colombia.jpg",948,531,false],"2048x2048":["https:\/\/elfederalmendoza.com.ar\/wp-content\/uploads\/2023\/04\/ovni-colombia.jpg",948,531,false],"ultp_layout_landscape_large":["https:\/\/elfederalmendoza.com.ar\/wp-content\/uploads\/2023\/04\/ovni-colombia.jpg",948,531,false],"ultp_layout_landscape":["https:\/\/elfederalmendoza.com.ar\/wp-content\/uploads\/2023\/04\/ovni-colombia-870x531.jpg",870,531,true],"ultp_layout_portrait":["https:\/\/elfederalmendoza.com.ar\/wp-content\/uploads\/2023\/04\/ovni-colombia-600x531.jpg",600,531,true],"ultp_layout_square":["https:\/\/elfederalmendoza.com.ar\/wp-content\/uploads\/2023\/04\/ovni-colombia-600x531.jpg",600,531,true],"rpwe-thumbnail":["https:\/\/elfederalmendoza.com.ar\/wp-content\/uploads\/2023\/04\/ovni-colombia-45x45.jpg",45,45,true],"advps-thumb-one":["https:\/\/elfederalmendoza.com.ar\/wp-content\/uploads\/2023\/04\/ovni-colombia-948x420.jpg",948,420,true]},"rttpg_author":{"display_name":"Redacci\u00f3n El Federal","author_link":"https:\/\/elfederalmendoza.com.ar\/index.php\/author\/angelflores\/"},"rttpg_comment":0,"rttpg_category":"<a href=\"https:\/\/elfederalmendoza.com.ar\/index.php\/category\/mundo\/\" rel=\"category tag\">El Mundo<\/a>","rttpg_excerpt":"Un&nbsp;objeto volador no identificado&nbsp;(OVNI)&nbsp;gener\u00f3 consternaci\u00f3n&nbsp;y&nbsp;preocupaci\u00f3n&nbsp;en un pueblo colombiano,&nbsp;luego de que un piloto grabara el momento exacto en que el aparato pas\u00f3 por el lado de su aeronave&nbsp;en territorio antioque\u00f1o. El hecho se dio a conocer en las \u00faltimas horas a trav\u00e9s de las redes sociales, donde&nbsp;se comparti\u00f3 un video en el que se observa c\u00f3mo&hellip;","_links":{"self":[{"href":"https:\/\/elfederalmendoza.com.ar\/index.php\/wp-json\/wp\/v2\/posts\/22044","targetHints":{"allow":["GET"]}}],"collection":[{"href":"https:\/\/elfederalmendoza.com.ar\/index.php\/wp-json\/wp\/v2\/posts"}],"about":[{"href":"https:\/\/elfederalmendoza.com.ar\/index.php\/wp-json\/wp\/v2\/types\/post"}],"author":[{"embeddable":true,"href":"https:\/\/elfederalmendoza.com.ar\/index.php\/wp-json\/wp\/v2\/users\/2"}],"replies":[{"embeddable":true,"href":"https:\/\/elfederalmendoza.com.ar\/index.php\/wp-json\/wp\/v2\/comments?post=22044"}],"version-history":[{"count":2,"href":"https:\/\/elfederalmendoza.com.ar\/index.php\/wp-json\/wp\/v2\/posts\/22044\/revisions"}],"predecessor-version":[{"id":22047,"href":"https:\/\/elfederalmendoza.com.ar\/index.php\/wp-json\/wp\/v2\/posts\/22044\/revisions\/22047"}],"wp:featuredmedia":[{"embeddable":true,"href":"https:\/\/elfederalmendoza.com.ar\/index.php\/wp-json\/wp\/v2\/media\/22045"}],"wp:attachment":[{"href":"https:\/\/elfederalmendoza.com.ar\/index.php\/wp-json\/wp\/v2\/media?parent=22044"}],"wp:term":[{"taxonomy":"category","embeddable":true,"href":"https:\/\/elfederalmendoza.com.ar\/index.php\/wp-json\/wp\/v2\/categories?post=22044"},{"taxonomy":"post_tag","embeddable":true,"href":"https:\/\/elfederalmendoza.com.ar\/index.php\/wp-json\/wp\/v2\/tags?post=22044"}],"curies":[{"name":"wp","href":"https:\/\/api.w.org\/{rel}","templated":true}]}}