{"id":22052,"date":"2023-04-17T14:01:30","date_gmt":"2023-04-17T17:01:30","guid":{"rendered":"https:\/\/elfederalmendoza.com\/?p=22052"},"modified":"2023-04-17T14:01:30","modified_gmt":"2023-04-17T17:01:30","slug":"guaymallen-un-nino-de-12-anos-fue-baleado-en-el-medio-de-un-brutal-tiroteo-entre-bandas","status":"publish","type":"post","link":"https:\/\/elfederalmendoza.com.ar\/index.php\/2023\/04\/17\/guaymallen-un-nino-de-12-anos-fue-baleado-en-el-medio-de-un-brutal-tiroteo-entre-bandas\/","title":{"rendered":"Guaymall\u00e9n: un ni\u00f1o de 12 a\u00f1os fue baleado en el medio de un brutal tiroteo entre bandas"},"content":{"rendered":"\n<p>En la tarde de este domingo, una balacera en Guaymall\u00e9n dej\u00f3 como saldo un nene herido.\u00a0<\/p>\n\n\n\n<p>El hecho se produjo a las 19.30 en la <strong>plaza del Barrio Fuerza y Progreso<\/strong> de este departamento cuando un grupo de chicos jugaba y se comenzaron a escuchar disparos de armas de fuego.<\/p>\n\n\n\n<p>Aparentemente y seg\u00fan las primeras versiones, <strong>dos \u00abbandas\u00bb antag\u00f3nicas de la zona se enfrentaron e intercambiaron disparos y uno de los nenes recibi\u00f3 un impacto de bala.<\/strong><\/p>\n\n\n\n<p>La v\u00edctima de 12 a\u00f1os fue trasladada al Hospital Pedi\u00e1trico Humberto Notti y all\u00ed fue asistido de <strong>una herida de arma de fuego con orificio de entrada y salida en hombro derecho.\u00a0<\/strong> En el parte m\u00e9dico se indic\u00f3 que el peque\u00f1o est\u00e1 fuera de peligro.<\/p>\n\n\n\n<p>Por otro lado, un Renault 9 que se encontraba estacionado en el lugar recibi\u00f3 dos disparos en el parabrisas y otro en la luneta, pruebas que servir\u00e1n para que la Oficina Fiscal N\u00famero 9 de la Comisar\u00eda 9\u00b0 investigue los hechos.<\/p>\n\n\n\n<p><\/p>\n","protected":false},"excerpt":{"rendered":"<p>En la tarde de este domingo, una balacera en Guaymall\u00e9n dej\u00f3 como saldo un nene herido.\u00a0 El hecho se produjo a las 19.30 en la plaza del Barrio Fuerza y Progreso de este departamento cuando un grupo de chicos jugaba y se comenzaron a escuchar disparos de armas de fuego. Aparentemente y seg\u00fan las primeras<a class=\"read-more\" href=\"https:\/\/elfederalmendoza.com.ar\/index.php\/2023\/04\/17\/guaymallen-un-nino-de-12-anos-fue-baleado-en-el-medio-de-un-brutal-tiroteo-entre-bandas\/\"> [&hellip;]<\/a><\/p>\n","protected":false},"author":2,"featured_media":22053,"comment_status":"open","ping_status":"open","sticky":false,"template":"","format":"standard","meta":{"footnotes":""},"categories":[1],"tags":[],"class_list":["post-22052","post","type-post","status-publish","format-standard","has-post-thumbnail","hentry","category-mza"],"rttpg_featured_image_url":{"full":["https:\/\/elfederalmendoza.com.ar\/wp-content\/uploads\/2023\/04\/policia-de-mendoza3.jpg",1187,623,false],"landscape":["https:\/\/elfederalmendoza.com.ar\/wp-content\/uploads\/2023\/04\/policia-de-mendoza3.jpg",1187,623,false],"portraits":["https:\/\/elfederalmendoza.com.ar\/wp-content\/uploads\/2023\/04\/policia-de-mendoza3.jpg",1187,623,false],"thumbnail":["https:\/\/elfederalmendoza.com.ar\/wp-content\/uploads\/2023\/04\/policia-de-mendoza3-150x150.jpg",150,150,true],"medium":["https:\/\/elfederalmendoza.com.ar\/wp-content\/uploads\/2023\/04\/policia-de-mendoza3-300x157.jpg",300,157,true],"large":["https:\/\/elfederalmendoza.com.ar\/wp-content\/uploads\/2023\/04\/policia-de-mendoza3-1024x537.jpg",640,336,true],"1536x1536":["https:\/\/elfederalmendoza.com.ar\/wp-content\/uploads\/2023\/04\/policia-de-mendoza3.jpg",1187,623,false],"2048x2048":["https:\/\/elfederalmendoza.com.ar\/wp-content\/uploads\/2023\/04\/policia-de-mendoza3.jpg",1187,623,false],"ultp_layout_landscape_large":["https:\/\/elfederalmendoza.com.ar\/wp-content\/uploads\/2023\/04\/policia-de-mendoza3.jpg",1187,623,false],"ultp_layout_landscape":["https:\/\/elfederalmendoza.com.ar\/wp-content\/uploads\/2023\/04\/policia-de-mendoza3-870x570.jpg",870,570,true],"ultp_layout_portrait":["https:\/\/elfederalmendoza.com.ar\/wp-content\/uploads\/2023\/04\/policia-de-mendoza3-600x623.jpg",600,623,true],"ultp_layout_square":["https:\/\/elfederalmendoza.com.ar\/wp-content\/uploads\/2023\/04\/policia-de-mendoza3-600x600.jpg",600,600,true],"rpwe-thumbnail":["https:\/\/elfederalmendoza.com.ar\/wp-content\/uploads\/2023\/04\/policia-de-mendoza3-45x45.jpg",45,45,true],"advps-thumb-one":["https:\/\/elfederalmendoza.com.ar\/wp-content\/uploads\/2023\/04\/policia-de-mendoza3-1187x420.jpg",1187,420,true]},"rttpg_author":{"display_name":"Redacci\u00f3n El Federal","author_link":"https:\/\/elfederalmendoza.com.ar\/index.php\/author\/angelflores\/"},"rttpg_comment":0,"rttpg_category":"<a href=\"https:\/\/elfederalmendoza.com.ar\/index.php\/category\/mza\/\" rel=\"category tag\">Mendoza<\/a>","rttpg_excerpt":"En la tarde de este domingo, una balacera en Guaymall\u00e9n dej\u00f3 como saldo un nene herido.\u00a0 El hecho se produjo a las 19.30 en la plaza del Barrio Fuerza y Progreso de este departamento cuando un grupo de chicos jugaba y se comenzaron a escuchar disparos de armas de fuego. Aparentemente y seg\u00fan las primeras&hellip;","_links":{"self":[{"href":"https:\/\/elfederalmendoza.com.ar\/index.php\/wp-json\/wp\/v2\/posts\/22052","targetHints":{"allow":["GET"]}}],"collection":[{"href":"https:\/\/elfederalmendoza.com.ar\/index.php\/wp-json\/wp\/v2\/posts"}],"about":[{"href":"https:\/\/elfederalmendoza.com.ar\/index.php\/wp-json\/wp\/v2\/types\/post"}],"author":[{"embeddable":true,"href":"https:\/\/elfederalmendoza.com.ar\/index.php\/wp-json\/wp\/v2\/users\/2"}],"replies":[{"embeddable":true,"href":"https:\/\/elfederalmendoza.com.ar\/index.php\/wp-json\/wp\/v2\/comments?post=22052"}],"version-history":[{"count":1,"href":"https:\/\/elfederalmendoza.com.ar\/index.php\/wp-json\/wp\/v2\/posts\/22052\/revisions"}],"predecessor-version":[{"id":22054,"href":"https:\/\/elfederalmendoza.com.ar\/index.php\/wp-json\/wp\/v2\/posts\/22052\/revisions\/22054"}],"wp:featuredmedia":[{"embeddable":true,"href":"https:\/\/elfederalmendoza.com.ar\/index.php\/wp-json\/wp\/v2\/media\/22053"}],"wp:attachment":[{"href":"https:\/\/elfederalmendoza.com.ar\/index.php\/wp-json\/wp\/v2\/media?parent=22052"}],"wp:term":[{"taxonomy":"category","embeddable":true,"href":"https:\/\/elfederalmendoza.com.ar\/index.php\/wp-json\/wp\/v2\/categories?post=22052"},{"taxonomy":"post_tag","embeddable":true,"href":"https:\/\/elfederalmendoza.com.ar\/index.php\/wp-json\/wp\/v2\/tags?post=22052"}],"curies":[{"name":"wp","href":"https:\/\/api.w.org\/{rel}","templated":true}]}}