{"id":22055,"date":"2023-04-17T02:25:00","date_gmt":"2023-04-17T05:25:00","guid":{"rendered":"https:\/\/elfederalmendoza.com\/?p=22055"},"modified":"2023-04-17T15:09:59","modified_gmt":"2023-04-17T18:09:59","slug":"especial-de-pappo-blues-el-gran-evento-rockero-que-se-viene-en-un-bar-de-mendoza","status":"publish","type":"post","link":"https:\/\/elfederalmendoza.com.ar\/index.php\/2023\/04\/17\/especial-de-pappo-blues-el-gran-evento-rockero-que-se-viene-en-un-bar-de-mendoza\/","title":{"rendered":"Especial de Pappo Blues: El gran evento rockero que se viene en un bar de Mendoza"},"content":{"rendered":"\n<p><strong>Con entradas gratis, el viernes 21 se realiza el Especial Pappo Blues en un conocido bar en Mendoza.<\/strong><\/p>\n\n\n\n<p>El gran show comienza a las 22 horas, con la actuaci\u00f3n de <strong><a href=\"https:\/\/www.instagram.com\/nahuel_rocker\/\">Nahuel Rocker<\/a><\/strong>, conocido m\u00fasico mendocino y su tributo a Pappo Napolitano. <strong>Es considerado el rockero con m\u00e1s proyecci\u00f3n nacional<\/strong> con una gran impronta y similitud en sus interpretaciones con Pappo. Cuenta con una basta trayectoria donde tambi\u00e9n presentar\u00e1 temas de su autor\u00eda.<\/p>\n\n\n\n<p>La cita es en<strong><a href=\"https:\/\/www.facebook.com\/Rottem.Bar\"> Rottem Bar &amp; Music<\/a><\/strong> ubicado en San Martin Sur 859 de Mendoza.<strong> Se recomienda sacar reservaciones de ubicaci\u00f3n en el lugar.<\/strong><\/p>\n\n\n\n<p>En el show estar\u00e1 invitado el <strong><a href=\"https:\/\/www.instagram.com\/flacokev_\/\">Flaco Kev<\/a><\/strong>, otro gran artista considerado <strong><a href=\"https:\/\/elfederalmendoza.com\/index.php\/2023\/02\/17\/este-es-el-rockero-mendocino-que-suena-cada-vez-mas-en-todo-el-pais-hoy-viernes-lo-podes-verlo-gratis-en-un-bar-del-centro\/\">como el m\u00e1s escuchado en las distintas plataformas de m\u00fasica.<\/a><\/strong><\/p>\n\n\n\n<p>La presentaci\u00f3n de este show fue confirmada por Nahuel Rocker a nuestra redacci\u00f3n, declarando que <strong>\u00abest\u00e1n todos invitados en un show a pleno rock y blues con banda completa y con muchas ganas de que canten con nosotros\u00bb<\/strong>.<\/p>\n\n\n\n<figure class=\"wp-block-image size-large\"><img loading=\"lazy\" decoding=\"async\" width=\"1024\" height=\"1024\" src=\"https:\/\/elfederalmendoza.com\/wp-content\/uploads\/2023\/04\/ROCK-Y-BLUES-1024x1024.jpg\" alt=\"\" class=\"wp-image-22056\" srcset=\"https:\/\/elfederalmendoza.com.ar\/wp-content\/uploads\/2023\/04\/ROCK-Y-BLUES-1024x1024.jpg 1024w, https:\/\/elfederalmendoza.com.ar\/wp-content\/uploads\/2023\/04\/ROCK-Y-BLUES-300x300.jpg 300w, https:\/\/elfederalmendoza.com.ar\/wp-content\/uploads\/2023\/04\/ROCK-Y-BLUES-150x150.jpg 150w, https:\/\/elfederalmendoza.com.ar\/wp-content\/uploads\/2023\/04\/ROCK-Y-BLUES-768x768.jpg 768w, https:\/\/elfederalmendoza.com.ar\/wp-content\/uploads\/2023\/04\/ROCK-Y-BLUES-600x600.jpg 600w, https:\/\/elfederalmendoza.com.ar\/wp-content\/uploads\/2023\/04\/ROCK-Y-BLUES-45x45.jpg 45w, https:\/\/elfederalmendoza.com.ar\/wp-content\/uploads\/2023\/04\/ROCK-Y-BLUES.jpg 1080w\" sizes=\"auto, (max-width: 1024px) 100vw, 1024px\" \/><\/figure>\n\n\n\n<p><\/p>\n","protected":false},"excerpt":{"rendered":"<p>Con entradas gratis, el viernes 21 se realiza el Especial Pappo Blues en un conocido bar en Mendoza. El gran show comienza a las 22 horas, con la actuaci\u00f3n de Nahuel Rocker, conocido m\u00fasico mendocino y su tributo a Pappo Napolitano. Es considerado el rockero con m\u00e1s proyecci\u00f3n nacional con una gran impronta y similitud<a class=\"read-more\" href=\"https:\/\/elfederalmendoza.com.ar\/index.php\/2023\/04\/17\/especial-de-pappo-blues-el-gran-evento-rockero-que-se-viene-en-un-bar-de-mendoza\/\"> [&hellip;]<\/a><\/p>\n","protected":false},"author":2,"featured_media":22057,"comment_status":"open","ping_status":"open","sticky":false,"template":"","format":"standard","meta":{"footnotes":""},"categories":[1],"tags":[],"class_list":["post-22055","post","type-post","status-publish","format-standard","has-post-thumbnail","hentry","category-mza"],"rttpg_featured_image_url":{"full":["https:\/\/elfederalmendoza.com.ar\/wp-content\/uploads\/2023\/04\/nahuel-rottem.jpg",984,649,false],"landscape":["https:\/\/elfederalmendoza.com.ar\/wp-content\/uploads\/2023\/04\/nahuel-rottem.jpg",984,649,false],"portraits":["https:\/\/elfederalmendoza.com.ar\/wp-content\/uploads\/2023\/04\/nahuel-rottem.jpg",984,649,false],"thumbnail":["https:\/\/elfederalmendoza.com.ar\/wp-content\/uploads\/2023\/04\/nahuel-rottem-150x150.jpg",150,150,true],"medium":["https:\/\/elfederalmendoza.com.ar\/wp-content\/uploads\/2023\/04\/nahuel-rottem-300x198.jpg",300,198,true],"large":["https:\/\/elfederalmendoza.com.ar\/wp-content\/uploads\/2023\/04\/nahuel-rottem.jpg",640,422,false],"1536x1536":["https:\/\/elfederalmendoza.com.ar\/wp-content\/uploads\/2023\/04\/nahuel-rottem.jpg",984,649,false],"2048x2048":["https:\/\/elfederalmendoza.com.ar\/wp-content\/uploads\/2023\/04\/nahuel-rottem.jpg",984,649,false],"ultp_layout_landscape_large":["https:\/\/elfederalmendoza.com.ar\/wp-content\/uploads\/2023\/04\/nahuel-rottem.jpg",984,649,false],"ultp_layout_landscape":["https:\/\/elfederalmendoza.com.ar\/wp-content\/uploads\/2023\/04\/nahuel-rottem-870x570.jpg",870,570,true],"ultp_layout_portrait":["https:\/\/elfederalmendoza.com.ar\/wp-content\/uploads\/2023\/04\/nahuel-rottem-600x649.jpg",600,649,true],"ultp_layout_square":["https:\/\/elfederalmendoza.com.ar\/wp-content\/uploads\/2023\/04\/nahuel-rottem-600x600.jpg",600,600,true],"rpwe-thumbnail":["https:\/\/elfederalmendoza.com.ar\/wp-content\/uploads\/2023\/04\/nahuel-rottem-45x45.jpg",45,45,true],"advps-thumb-one":["https:\/\/elfederalmendoza.com.ar\/wp-content\/uploads\/2023\/04\/nahuel-rottem-984x420.jpg",984,420,true]},"rttpg_author":{"display_name":"Redacci\u00f3n El Federal","author_link":"https:\/\/elfederalmendoza.com.ar\/index.php\/author\/angelflores\/"},"rttpg_comment":0,"rttpg_category":"<a href=\"https:\/\/elfederalmendoza.com.ar\/index.php\/category\/mza\/\" rel=\"category tag\">Mendoza<\/a>","rttpg_excerpt":"Con entradas gratis, el viernes 21 se realiza el Especial Pappo Blues en un conocido bar en Mendoza. El gran show comienza a las 22 horas, con la actuaci\u00f3n de Nahuel Rocker, conocido m\u00fasico mendocino y su tributo a Pappo Napolitano. Es considerado el rockero con m\u00e1s proyecci\u00f3n nacional con una gran impronta y similitud&hellip;","_links":{"self":[{"href":"https:\/\/elfederalmendoza.com.ar\/index.php\/wp-json\/wp\/v2\/posts\/22055","targetHints":{"allow":["GET"]}}],"collection":[{"href":"https:\/\/elfederalmendoza.com.ar\/index.php\/wp-json\/wp\/v2\/posts"}],"about":[{"href":"https:\/\/elfederalmendoza.com.ar\/index.php\/wp-json\/wp\/v2\/types\/post"}],"author":[{"embeddable":true,"href":"https:\/\/elfederalmendoza.com.ar\/index.php\/wp-json\/wp\/v2\/users\/2"}],"replies":[{"embeddable":true,"href":"https:\/\/elfederalmendoza.com.ar\/index.php\/wp-json\/wp\/v2\/comments?post=22055"}],"version-history":[{"count":3,"href":"https:\/\/elfederalmendoza.com.ar\/index.php\/wp-json\/wp\/v2\/posts\/22055\/revisions"}],"predecessor-version":[{"id":22061,"href":"https:\/\/elfederalmendoza.com.ar\/index.php\/wp-json\/wp\/v2\/posts\/22055\/revisions\/22061"}],"wp:featuredmedia":[{"embeddable":true,"href":"https:\/\/elfederalmendoza.com.ar\/index.php\/wp-json\/wp\/v2\/media\/22057"}],"wp:attachment":[{"href":"https:\/\/elfederalmendoza.com.ar\/index.php\/wp-json\/wp\/v2\/media?parent=22055"}],"wp:term":[{"taxonomy":"category","embeddable":true,"href":"https:\/\/elfederalmendoza.com.ar\/index.php\/wp-json\/wp\/v2\/categories?post=22055"},{"taxonomy":"post_tag","embeddable":true,"href":"https:\/\/elfederalmendoza.com.ar\/index.php\/wp-json\/wp\/v2\/tags?post=22055"}],"curies":[{"name":"wp","href":"https:\/\/api.w.org\/{rel}","templated":true}]}}