{"id":22065,"date":"2023-04-18T02:15:00","date_gmt":"2023-04-18T05:15:00","guid":{"rendered":"https:\/\/elfederalmendoza.com\/?p=22065"},"modified":"2023-04-18T08:34:09","modified_gmt":"2023-04-18T11:34:09","slug":"alberto-fernandez-sabemos-lo-que-cuesta-ir-al-super-y-pagar-el-alquiler","status":"publish","type":"post","link":"https:\/\/elfederalmendoza.com.ar\/index.php\/2023\/04\/18\/alberto-fernandez-sabemos-lo-que-cuesta-ir-al-super-y-pagar-el-alquiler\/","title":{"rendered":"Alberto Fern\u00e1ndez: \u201cSabemos lo que cuesta ir al s\u00faper y pagar el alquiler\u201d"},"content":{"rendered":"\n<p>El presidente<strong>\u00a0Alberto Fern\u00e1ndez sostuvo el lunes que su administraci\u00f3n es \u201cconsciente\u201d de \u201clo que cuesta ir al supermercado y pagar el alquiler\u201d, al hacer referencia a la inflaci\u00f3n<\/strong>, una problem\u00e1tica que, subray\u00f3, el Gobierno nacional tiene por objetivo \u201cresolver\u201d, al tiempo que reivindic\u00f3 el rol del Estado como la herramienta para trabajar por la \u201cigualdad\u201d social.<\/p>\n\n\n\n<p>Acompa\u00f1ado por el jefe de Gabinete, Agust\u00edn Rossi; por el ministro de Interior, Eduardo \u2018Wado\u2019 de Pedro; por la secretaria de Innovaci\u00f3n P\u00fablica, Micaela S\u00e1nchez Malcom y por el presidente de Arsat, Facundo Leal, el mandatario encabez\u00f3 en la localidad bonaerense de Benav\u00eddez, en el partido de Tigre, el lanzamiento del programa federal \u201cMi Pueblo Conectado\u201d, que proveer\u00e1 Internet a quienes habitan 377 localidades argentinas que hoy no cuentan con ning\u00fan tipo de servicio de este tipo.<\/p>\n\n\n\n<p>Fern\u00e1ndez y De Pedro hab\u00edan compartido una actividad por \u00faltima vez el 16 de febrero, en ocasi\u00f3n de la reuni\u00f3n de la mesa electoral del Frente de Todos (FdT). Fern\u00e1ndez se refiri\u00f3 a \u201calguna declaraci\u00f3n\u201d que se\u00f1alaba que los argentinos \u201cestaban muy decepcionados por los \u00faltimos 8 a\u00f1os porque la pol\u00edtica no da respuesta\u201d.<\/p>\n\n\n\n<p>\u201cLa decepci\u00f3n de los cuatro a\u00f1os que precedieron a nuestro Gobierno tienen que ver con tiempos en los que la desocupaci\u00f3n creci\u00f3, donde la inflaci\u00f3n lleg\u00f3 al 54%, donde el pa\u00eds se endeud\u00f3 de una manera que no se hab\u00eda endeudado, donde se fugaron 23 mil millones de d\u00f3lares en dos meses. La decepci\u00f3n del presente tiene que ver con que se hayan creado 600 mil puestos de trabajo\u201d, estim\u00f3.<\/p>\n\n\n\n<p>Sin embargo, destac\u00f3 que, aunque se llevan \u201c30 meses consecutivos de crecimiento de trabajo registrado, hay temas que nos quedan por resolver y que nos preocupan\u201d, entre ellos, el de la inflaci\u00f3n y la deuda con organismos multilaterales. \u201cAunque tuvimos que asumir el tema de la deuda fuimos lo suficientemente despiertos para decirle al Fondo que se ponga una cl\u00e1usula: si las condiciones econ\u00f3micas que este programa proyecta no se cumplen por razones ajenas a la voluntad de la pol\u00edtica argentina, entonces tendremos que repensarlo. Y ese es el enorme trabajo que est\u00e1 haciendo Sergio (Massa) hoy\u201d, dijo el presidente.<\/p>\n\n\n\n<p>Fern\u00e1ndez se\u00f1al\u00f3 que \u201ctodos\u201d son \u201cconscientes\u201d de \u201clo que cuesta ir al supermercado y pagar el alquiler\u201d, acerca de la inflaci\u00f3n, una problem\u00e1tica que el Gobierno tiene por objetivo \u201cresolver\u201d.<\/p>\n\n\n\n<p>Esa cifra se convirti\u00f3 en la variaci\u00f3n mensual m\u00e1s alta desde abril del 2002 (10,4%). Y elev\u00f3 la variaci\u00f3n interanual del \u00edndice de precios a 104,3%, la m\u00e1s alta en m\u00e1s de 30 a\u00f1os.<\/p>\n\n\n\n<p>La titular del bloque del Frente de Todos en el Senado bonaerense, Teresa Garc\u00eda, se\u00f1al\u00f3 el lunes que no hay otro dirigente adem\u00e1s de Cristina Fern\u00e1ndez de Kirchner \u201cque pueda ordenar las distintas expresiones del FdT\u201d, de cara a las elecciones de este a\u00f1o. \u201cEs dif\u00edcil imaginar una ingenier\u00eda electoral en la situaci\u00f3n que tenemos en el FdT. Hoy tenemos un Presidente insistiendo con su candidatura y entendemos que tiene que haber otra propuesta: nuestro deseo ser\u00eda que Cristina fuera candidata pero si as\u00ed no fuera habr\u00e1 que ver el espacio para discutir algo distinto\u201d, sostuvo.<\/p>\n","protected":false},"excerpt":{"rendered":"<p>El presidente\u00a0Alberto Fern\u00e1ndez sostuvo el lunes que su administraci\u00f3n es \u201cconsciente\u201d de \u201clo que cuesta ir al supermercado y pagar el alquiler\u201d, al hacer referencia a la inflaci\u00f3n, una problem\u00e1tica que, subray\u00f3, el Gobierno nacional tiene por objetivo \u201cresolver\u201d, al tiempo que reivindic\u00f3 el rol del Estado como la herramienta para trabajar por la \u201cigualdad\u201d<a class=\"read-more\" href=\"https:\/\/elfederalmendoza.com.ar\/index.php\/2023\/04\/18\/alberto-fernandez-sabemos-lo-que-cuesta-ir-al-super-y-pagar-el-alquiler\/\"> [&hellip;]<\/a><\/p>\n","protected":false},"author":2,"featured_media":19892,"comment_status":"open","ping_status":"open","sticky":false,"template":"","format":"standard","meta":{"footnotes":""},"categories":[5618],"tags":[],"class_list":["post-22065","post","type-post","status-publish","format-standard","has-post-thumbnail","hentry","category-arg"],"rttpg_featured_image_url":{"full":["https:\/\/elfederalmendoza.com.ar\/wp-content\/uploads\/2023\/01\/sergio-massa-alberto-fernandez-olivos-2022png-scaled.webp",2560,1437,false],"landscape":["https:\/\/elfederalmendoza.com.ar\/wp-content\/uploads\/2023\/01\/sergio-massa-alberto-fernandez-olivos-2022png-scaled.webp",2560,1437,false],"portraits":["https:\/\/elfederalmendoza.com.ar\/wp-content\/uploads\/2023\/01\/sergio-massa-alberto-fernandez-olivos-2022png-scaled.webp",2560,1437,false],"thumbnail":["https:\/\/elfederalmendoza.com.ar\/wp-content\/uploads\/2023\/01\/sergio-massa-alberto-fernandez-olivos-2022png-150x150.webp",150,150,true],"medium":["https:\/\/elfederalmendoza.com.ar\/wp-content\/uploads\/2023\/01\/sergio-massa-alberto-fernandez-olivos-2022png-300x168.webp",300,168,true],"large":["https:\/\/elfederalmendoza.com.ar\/wp-content\/uploads\/2023\/01\/sergio-massa-alberto-fernandez-olivos-2022png-1024x575.webp",640,359,true],"1536x1536":["https:\/\/elfederalmendoza.com.ar\/wp-content\/uploads\/2023\/01\/sergio-massa-alberto-fernandez-olivos-2022png-1536x862.webp",1536,862,true],"2048x2048":["https:\/\/elfederalmendoza.com.ar\/wp-content\/uploads\/2023\/01\/sergio-massa-alberto-fernandez-olivos-2022png-2048x1150.webp",2048,1150,true],"ultp_layout_landscape_large":["https:\/\/elfederalmendoza.com.ar\/wp-content\/uploads\/2023\/01\/sergio-massa-alberto-fernandez-olivos-2022png-1200x800.webp",1200,800,true],"ultp_layout_landscape":["https:\/\/elfederalmendoza.com.ar\/wp-content\/uploads\/2023\/01\/sergio-massa-alberto-fernandez-olivos-2022png-870x570.webp",870,570,true],"ultp_layout_portrait":["https:\/\/elfederalmendoza.com.ar\/wp-content\/uploads\/2023\/01\/sergio-massa-alberto-fernandez-olivos-2022png-600x900.webp",600,900,true],"ultp_layout_square":["https:\/\/elfederalmendoza.com.ar\/wp-content\/uploads\/2023\/01\/sergio-massa-alberto-fernandez-olivos-2022png-600x600.webp",600,600,true],"rpwe-thumbnail":["https:\/\/elfederalmendoza.com.ar\/wp-content\/uploads\/2023\/01\/sergio-massa-alberto-fernandez-olivos-2022png-45x45.webp",45,45,true],"advps-thumb-one":["https:\/\/elfederalmendoza.com.ar\/wp-content\/uploads\/2023\/01\/sergio-massa-alberto-fernandez-olivos-2022png-1200x420.webp",1200,420,true]},"rttpg_author":{"display_name":"Redacci\u00f3n El Federal","author_link":"https:\/\/elfederalmendoza.com.ar\/index.php\/author\/angelflores\/"},"rttpg_comment":0,"rttpg_category":"<a href=\"https:\/\/elfederalmendoza.com.ar\/index.php\/category\/arg\/\" rel=\"category tag\">Argentina<\/a>","rttpg_excerpt":"El presidente\u00a0Alberto Fern\u00e1ndez sostuvo el lunes que su administraci\u00f3n es \u201cconsciente\u201d de \u201clo que cuesta ir al supermercado y pagar el alquiler\u201d, al hacer referencia a la inflaci\u00f3n, una problem\u00e1tica que, subray\u00f3, el Gobierno nacional tiene por objetivo \u201cresolver\u201d, al tiempo que reivindic\u00f3 el rol del Estado como la herramienta para trabajar por la \u201cigualdad\u201d&hellip;","_links":{"self":[{"href":"https:\/\/elfederalmendoza.com.ar\/index.php\/wp-json\/wp\/v2\/posts\/22065","targetHints":{"allow":["GET"]}}],"collection":[{"href":"https:\/\/elfederalmendoza.com.ar\/index.php\/wp-json\/wp\/v2\/posts"}],"about":[{"href":"https:\/\/elfederalmendoza.com.ar\/index.php\/wp-json\/wp\/v2\/types\/post"}],"author":[{"embeddable":true,"href":"https:\/\/elfederalmendoza.com.ar\/index.php\/wp-json\/wp\/v2\/users\/2"}],"replies":[{"embeddable":true,"href":"https:\/\/elfederalmendoza.com.ar\/index.php\/wp-json\/wp\/v2\/comments?post=22065"}],"version-history":[{"count":1,"href":"https:\/\/elfederalmendoza.com.ar\/index.php\/wp-json\/wp\/v2\/posts\/22065\/revisions"}],"predecessor-version":[{"id":22066,"href":"https:\/\/elfederalmendoza.com.ar\/index.php\/wp-json\/wp\/v2\/posts\/22065\/revisions\/22066"}],"wp:featuredmedia":[{"embeddable":true,"href":"https:\/\/elfederalmendoza.com.ar\/index.php\/wp-json\/wp\/v2\/media\/19892"}],"wp:attachment":[{"href":"https:\/\/elfederalmendoza.com.ar\/index.php\/wp-json\/wp\/v2\/media?parent=22065"}],"wp:term":[{"taxonomy":"category","embeddable":true,"href":"https:\/\/elfederalmendoza.com.ar\/index.php\/wp-json\/wp\/v2\/categories?post=22065"},{"taxonomy":"post_tag","embeddable":true,"href":"https:\/\/elfederalmendoza.com.ar\/index.php\/wp-json\/wp\/v2\/tags?post=22065"}],"curies":[{"name":"wp","href":"https:\/\/api.w.org\/{rel}","templated":true}]}}