{"id":22067,"date":"2023-04-18T08:39:59","date_gmt":"2023-04-18T11:39:59","guid":{"rendered":"https:\/\/elfederalmendoza.com\/?p=22067"},"modified":"2023-04-18T08:40:01","modified_gmt":"2023-04-18T11:40:01","slug":"aumenta-un-15-el-precio-del-pan-en-mendoza","status":"publish","type":"post","link":"https:\/\/elfederalmendoza.com.ar\/index.php\/2023\/04\/18\/aumenta-un-15-el-precio-del-pan-en-mendoza\/","title":{"rendered":"Aumenta un 15% el precio del pan en Mendoza"},"content":{"rendered":"\n<p>Las dos c\u00e1maras que nuclean a las panader\u00edas en Mendoza publicaron los nuevos precios del&nbsp;<a href=\"https:\/\/www.sitioandino.com.ar\/sociedad\/nuevo-aumento-del-pan-cuanto-se-va-el-kilo-mendoza-n5650581\" target=\"_blank\" rel=\"noreferrer noopener\"><strong>pan<\/strong><\/a>&nbsp;y sus derivados, tras un aumento acordado en las \u00faltimas horas.<\/p>\n\n\n\n<p><strong>Con un incremento promedio del 15%<\/strong>, la novedad es que en esta ocasi\u00f3n la Asociaci\u00f3n de Industriales Panaderos y Afines de Mendoza (AIPA) y la C\u00e1mara de Empresarios Panaderos de Mendoza (CEPA Mendoza) hicieron coincidir los valores de sus productos.<\/p>\n\n\n\n<p>De esta manera,<strong>\u00a0el kilo de pan tendr\u00e1 un precio sugerido de $560, mientras que la docena de tortitas saldr\u00e1 $960 y la de facturas comunes se ir\u00e1 a $1.380.<\/strong><\/p>\n\n\n\n<p>Se trata de la tercera suba en el a\u00f1o para ambas entidades. Desde la Federaci\u00f3n Argentina de la Industria Panadera y Afines (FAIPA), hab\u00edan advertido que \u00ablos constantes incrementos de precios en materias primas, los descartables, los servicios y otros alimentos\u00bb generaron la necesidad de aplicar una actualizaci\u00f3n para abril en todo el territorio nacional.<\/p>\n\n\n\n<p>Durante marzo,\u00a0l<strong>a inflaci\u00f3n en Mendoza alcanz\u00f3 el 8,3%<\/strong>. El acumulado anual es de 20,9% y el interanual -es decir el mismo mes del a\u00f1o anterior- de 104,9%. El rubro que m\u00e1s aument\u00f3 fue Alimentos y bebidas (10,9%).<\/p>\n","protected":false},"excerpt":{"rendered":"<p>Las dos c\u00e1maras que nuclean a las panader\u00edas en Mendoza publicaron los nuevos precios del&nbsp;pan&nbsp;y sus derivados, tras un aumento acordado en las \u00faltimas horas. Con un incremento promedio del 15%, la novedad es que en esta ocasi\u00f3n la Asociaci\u00f3n de Industriales Panaderos y Afines de Mendoza (AIPA) y la C\u00e1mara de Empresarios Panaderos de<a class=\"read-more\" href=\"https:\/\/elfederalmendoza.com.ar\/index.php\/2023\/04\/18\/aumenta-un-15-el-precio-del-pan-en-mendoza\/\"> [&hellip;]<\/a><\/p>\n","protected":false},"author":2,"featured_media":22068,"comment_status":"open","ping_status":"open","sticky":false,"template":"","format":"standard","meta":{"footnotes":""},"categories":[1],"tags":[],"class_list":["post-22067","post","type-post","status-publish","format-standard","has-post-thumbnail","hentry","category-mza"],"rttpg_featured_image_url":{"full":["https:\/\/elfederalmendoza.com.ar\/wp-content\/uploads\/2023\/04\/10_202317131459.jpg",1200,800,false],"landscape":["https:\/\/elfederalmendoza.com.ar\/wp-content\/uploads\/2023\/04\/10_202317131459.jpg",1200,800,false],"portraits":["https:\/\/elfederalmendoza.com.ar\/wp-content\/uploads\/2023\/04\/10_202317131459.jpg",1200,800,false],"thumbnail":["https:\/\/elfederalmendoza.com.ar\/wp-content\/uploads\/2023\/04\/10_202317131459-150x150.jpg",150,150,true],"medium":["https:\/\/elfederalmendoza.com.ar\/wp-content\/uploads\/2023\/04\/10_202317131459-300x200.jpg",300,200,true],"large":["https:\/\/elfederalmendoza.com.ar\/wp-content\/uploads\/2023\/04\/10_202317131459-1024x683.jpg",640,427,true],"1536x1536":["https:\/\/elfederalmendoza.com.ar\/wp-content\/uploads\/2023\/04\/10_202317131459.jpg",1200,800,false],"2048x2048":["https:\/\/elfederalmendoza.com.ar\/wp-content\/uploads\/2023\/04\/10_202317131459.jpg",1200,800,false],"ultp_layout_landscape_large":["https:\/\/elfederalmendoza.com.ar\/wp-content\/uploads\/2023\/04\/10_202317131459.jpg",1200,800,false],"ultp_layout_landscape":["https:\/\/elfederalmendoza.com.ar\/wp-content\/uploads\/2023\/04\/10_202317131459-870x570.jpg",870,570,true],"ultp_layout_portrait":["https:\/\/elfederalmendoza.com.ar\/wp-content\/uploads\/2023\/04\/10_202317131459-600x800.jpg",600,800,true],"ultp_layout_square":["https:\/\/elfederalmendoza.com.ar\/wp-content\/uploads\/2023\/04\/10_202317131459-600x600.jpg",600,600,true],"rpwe-thumbnail":["https:\/\/elfederalmendoza.com.ar\/wp-content\/uploads\/2023\/04\/10_202317131459-45x45.jpg",45,45,true],"advps-thumb-one":["https:\/\/elfederalmendoza.com.ar\/wp-content\/uploads\/2023\/04\/10_202317131459-1200x420.jpg",1200,420,true]},"rttpg_author":{"display_name":"Redacci\u00f3n El Federal","author_link":"https:\/\/elfederalmendoza.com.ar\/index.php\/author\/angelflores\/"},"rttpg_comment":0,"rttpg_category":"<a href=\"https:\/\/elfederalmendoza.com.ar\/index.php\/category\/mza\/\" rel=\"category tag\">Mendoza<\/a>","rttpg_excerpt":"Las dos c\u00e1maras que nuclean a las panader\u00edas en Mendoza publicaron los nuevos precios del&nbsp;pan&nbsp;y sus derivados, tras un aumento acordado en las \u00faltimas horas. Con un incremento promedio del 15%, la novedad es que en esta ocasi\u00f3n la Asociaci\u00f3n de Industriales Panaderos y Afines de Mendoza (AIPA) y la C\u00e1mara de Empresarios Panaderos de&hellip;","_links":{"self":[{"href":"https:\/\/elfederalmendoza.com.ar\/index.php\/wp-json\/wp\/v2\/posts\/22067","targetHints":{"allow":["GET"]}}],"collection":[{"href":"https:\/\/elfederalmendoza.com.ar\/index.php\/wp-json\/wp\/v2\/posts"}],"about":[{"href":"https:\/\/elfederalmendoza.com.ar\/index.php\/wp-json\/wp\/v2\/types\/post"}],"author":[{"embeddable":true,"href":"https:\/\/elfederalmendoza.com.ar\/index.php\/wp-json\/wp\/v2\/users\/2"}],"replies":[{"embeddable":true,"href":"https:\/\/elfederalmendoza.com.ar\/index.php\/wp-json\/wp\/v2\/comments?post=22067"}],"version-history":[{"count":1,"href":"https:\/\/elfederalmendoza.com.ar\/index.php\/wp-json\/wp\/v2\/posts\/22067\/revisions"}],"predecessor-version":[{"id":22069,"href":"https:\/\/elfederalmendoza.com.ar\/index.php\/wp-json\/wp\/v2\/posts\/22067\/revisions\/22069"}],"wp:featuredmedia":[{"embeddable":true,"href":"https:\/\/elfederalmendoza.com.ar\/index.php\/wp-json\/wp\/v2\/media\/22068"}],"wp:attachment":[{"href":"https:\/\/elfederalmendoza.com.ar\/index.php\/wp-json\/wp\/v2\/media?parent=22067"}],"wp:term":[{"taxonomy":"category","embeddable":true,"href":"https:\/\/elfederalmendoza.com.ar\/index.php\/wp-json\/wp\/v2\/categories?post=22067"},{"taxonomy":"post_tag","embeddable":true,"href":"https:\/\/elfederalmendoza.com.ar\/index.php\/wp-json\/wp\/v2\/tags?post=22067"}],"curies":[{"name":"wp","href":"https:\/\/api.w.org\/{rel}","templated":true}]}}