{"id":22070,"date":"2023-04-18T08:46:52","date_gmt":"2023-04-18T11:46:52","guid":{"rendered":"https:\/\/elfederalmendoza.com\/?p=22070"},"modified":"2023-04-18T08:47:00","modified_gmt":"2023-04-18T11:47:00","slug":"estiman-que-las-compras-de-turistas-chilenos-en-mendoza-podrian-generar-algunos-aumentos-pero-con-escaso-impacto-en-la-inflacion","status":"publish","type":"post","link":"https:\/\/elfederalmendoza.com.ar\/index.php\/2023\/04\/18\/estiman-que-las-compras-de-turistas-chilenos-en-mendoza-podrian-generar-algunos-aumentos-pero-con-escaso-impacto-en-la-inflacion\/","title":{"rendered":"Estiman que las compras de turistas chilenos en Mendoza podr\u00edan generar algunos aumentos, pero con escaso impacto en la inflaci\u00f3n"},"content":{"rendered":"\n<p>Las redes sociales repitieron hasta el cansancio c\u00f3mo el fin de semana de Pascua, muchos ciudadanos\u00a0<strong>chilenos\u00a0<\/strong>llegaban a Mendoza en una suerte de\u00a0tour de compras. El fen\u00f3meno no es nuevo debido a la cercan\u00eda y a la conveniencia en la compra de algunos productos. No obstante, en los \u00faltimos tiempos ha crecido la cantidad de turistas que visitan los\u00a0<strong>supermercados\u00a0\u00a0<\/strong>en busca de art\u00edculos de perfumer\u00eda, limpieza y alguna que otra delicia.<\/p>\n\n\n\n<p>Esta\u00a0situaci\u00f3n preocupa a muchos mendocinos\u00a0que no solo temen por el abastecimiento en g\u00f3ndolas que suelen verse a la\u00a0 mitad sino sobre todo por una mayor\u00a0<strong>inflaci\u00f3n\u00a0<\/strong>en la provincia. En marzo los precios subieron 7,7% a nivel nacional y 8,4% en Mendoza.<\/p>\n\n\n\n<p>Aunque los economistas creen que una posible mayor demanda podr\u00eda impactar en algunos precios; el mismo no deber\u00eda ser generalizado. Aunque es posible que en las cadenas de&nbsp;<strong>supermercados&nbsp;<\/strong>algunos productos se encarezcan debido a la demanda agregada, no se espera una mayor&nbsp;<strong>inflaci\u00f3n&nbsp;<\/strong>total con relaci\u00f3n a la din\u00e1mica nacional.<\/p>\n\n\n\n<p>Adem\u00e1s, el fen\u00f3meno no es ni masivo ni diario. En palabras del gerente general del mayorista Oscar David, Rub\u00e9n David, las compras de\u00a0<strong>chilenos\u00a0<\/strong>se centran en uno o dos d\u00edas del fin de semana. Adem\u00e1s, no se trata de un movimiento que supere a la compra de los mendocinos en lo que a volumen respecta.<\/p>\n\n\n\n<p>\u201cAdem\u00e1s de que no es nuestra pol\u00edtica, no tiene incidencia en nuestros precios porque, en general, no se llevan productos de consumo masivo ni de Precios Justos\u201d, destac\u00f3 David. El empresario expres\u00f3 que lo que compran los&nbsp;<strong>chilenos&nbsp;<\/strong>no se equipara ni de cerca con las elecciones de los mendocinos. Es que aunque pueden comprar aceite o papel higi\u00e9nico son los menos y lo hacen en formatos que no son los m\u00e1s elegidos por los locales.<\/p>\n\n\n\n<h2 class=\"wp-block-heading\">Impacto en precios pero no en la inflaci\u00f3n<\/h2>\n\n\n\n<p>Jorge Day, economista del Ieral de Fundaci\u00f3n Mediterr\u00e1nea hizo una diferenciaci\u00f3n entre bienes y servicios. Los primeros pueden traerse desde otras provincias por lo que si hay mayor demanda, se puede comprar m\u00e1s cantidad para afrontarla. \u201cPodr\u00eda impactar en precios, pero ser\u00eda m\u00ednimo\u201d, expres\u00f3 y tambi\u00e9n relativiz\u00f3 el impacto del consumo de los turistas en comparaci\u00f3n con lo que demandan los m\u00e1s de 40 millones de argentinos.<\/p>\n\n\n\n<p>Con relaci\u00f3n a los servicios como gastronom\u00eda, hoteler\u00eda u otros tur\u00edsticos s\u00ed podr\u00eda haber un impacto en precios debido a la mayor demanda y la dificultad de acomodar la oferta. \u201cEn 2022 la&nbsp;<strong>inflaci\u00f3n&nbsp;<\/strong>anual fue de 104,9% mientras que la nacional fue de 104,3%\u201d, precis\u00f3 Day. Es que si bien en marzo los n\u00fameros locales superaron a los nacionales, el profesional coment\u00f3 que esto var\u00eda a lo largo de los meses y que al final los datos terminan parejos.<\/p>\n\n\n\n<p>Esto tiene que ver con lo que los economistas denominan la&nbsp;<strong>inflaci\u00f3n&nbsp;<\/strong>n\u00facleo. Es decir, la que queda sin contar la estacionalidad ni los precios regulados. En este sentido, Ra\u00fal Mercau, economista y director de la carrera de Ciencias Econ\u00f3micas de la UNCuyo, coment\u00f3 que si bien la compra de turistas en&nbsp;<strong>supermercados&nbsp;<\/strong>no afecta a la&nbsp;<strong>inflaci\u00f3n&nbsp;<\/strong>s\u00ed podr\u00edan observarse algunas subas.<\/p>\n\n\n\n<p>La llegada de\u00a0<strong>chilenos\u00a0<\/strong>a los\u00a0<strong>supermercados\u00a0<\/strong>es un fen\u00f3meno microecon\u00f3mico que podr\u00eda incidir en algunos precios. Sin embargo, la\u00a0<strong>inflaci\u00f3n\u00a0<\/strong>es un problema de la macroeconom\u00eda relacionada con la emisi\u00f3n monetaria y los aumentos indexatorios. Es decir, con lo que anticipan los comerciantes (y aceptan los consumidores) que ser\u00e1 la\u00a0<strong>inflaci\u00f3n\u00a0<\/strong>que, en este caso, es del 7% mensual, aproximadamente.<\/p>\n\n\n\n<p>Desde el punto de vista de Jos\u00e9 Vargas, economista de la consultora Evaluecon, si las compras de los turistas contin\u00faan como sucedi\u00f3 el fin de semana de Pascuas, s\u00ed podr\u00eda haber impacto en precios. Es que lo que se vio entonces fueron compras desmedidas que pueden colapsar con la oferta si los comerciantes no logran surtirse para afrontarlas. &nbsp;<\/p>\n\n\n\n<p>En este sentido, Mercau aclar\u00f3 que existe una posici\u00f3n dominante de las cadenas de&nbsp;<strong>supermercados&nbsp;<\/strong>que, entre otras cosas, buscan sacar el mayor precio que est\u00e1 dispuesta a pagar la demanda; algo que hacen con o sin&nbsp;<strong>inflaci\u00f3n<\/strong>. &nbsp;<\/p>\n\n\n\n<h2 class=\"wp-block-heading\">El lado positivo<\/h2>\n\n\n\n<p>El recuerdo que algunos mendocinos tienen con relaci\u00f3n a la&nbsp;<strong>inflaci\u00f3n&nbsp;<\/strong>asociada a la llegada de turistas es el de la crisis de 2002. Entonces, lo que se dio en algunos casos fue una suerte de&nbsp;<strong>inflaci\u00f3n&nbsp;<\/strong>selectiva ya que los precios cambiaban en funci\u00f3n de la tonada de la persona y sub\u00edan repentinamente para los&nbsp;<strong>chilenos<\/strong>. &nbsp;<\/p>\n\n\n\n<p>As\u00ed, aunque en la pr\u00e1ctica algunos precios demandados por los vecinos podr\u00edan subir; el recuerdo tambi\u00e9n se ata a que en la crisis de hace 20 a\u00f1os; la econom\u00eda destruida comenz\u00f3 a dinamizarse gracias al turismo de frontera. Si bien la situaci\u00f3n actual est\u00e1 lejos de la de entonces; los altos niveles de&nbsp;<strong>inflaci\u00f3n&nbsp;<\/strong>y la pobreza que generan justifica la preocupaci\u00f3n por los precios.<\/p>\n\n\n\n<p>En este contexto, Ra\u00fal Mercau explic\u00f3 que si bien algunos precios del&nbsp;<strong>supermercado&nbsp;<\/strong>podr\u00edan aumentar por la llegada de&nbsp;<strong>chilenos<\/strong>, este movimiento extra no solo en los comercios sino tambi\u00e9n en los sectores ligados al turismo y sus relacionados es preferible antes que la ca\u00edda en el consumo con un posible impacto en las horas extra o fuentes de trabajo. &nbsp;<\/p>\n\n\n\n<h2 class=\"wp-block-heading\">Qu\u00e9 pasar\u00e1 con la inflaci\u00f3n<\/h2>\n\n\n\n<p>El alto n\u00famero que registr\u00f3 la\u00a0<strong>inflaci\u00f3n\u00a0<\/strong>en marzo tanto a nivel nacional como provincial, encendi\u00f3 la alerta de la poblaci\u00f3n. En este sentido, hay que aclarar que Argentina est\u00e1 lejos de una hiperinflaci\u00f3n que se caracteriza por subas superiores al 50% mensual. Sin embargo, tres meses con cifras cercanas al siete por ciento la colocan en una\u00a0<strong>inflaci\u00f3n\u00a0<\/strong>alta y con un piso dif\u00edcil de bajar; entre otras cosas, por la anticipaci\u00f3n indexatoria mencionada.<\/p>\n\n\n\n<p>La base actual del 7% -que antes era del 4% o del 5%-&nbsp;implicar\u00eda una&nbsp;<strong>inflaci\u00f3n&nbsp;<\/strong>anual de 125% y el Gobierno est\u00e1 en una situaci\u00f3n complicada. Entre otras cosas, porque las elecciones \u201cpiden\u201d emisi\u00f3n monetaria. \u201cTodav\u00eda no hay se\u00f1ales de que la inflaci\u00f3n se vaya a desbocar\u201d, expres\u00f3 Jorge Day y agreg\u00f3 que se trabajar\u00e1 para mantenerla entre los seis y los siete puntos.<\/p>\n\n\n\n<p>Los n\u00fameros de los pr\u00f3ximos meses van a mostrar si gana la visi\u00f3n que busca controlarla o evitar que suba m\u00e1s o la que preferir\u00e1 emitir en funci\u00f3n de los votos. Pese a esto, los economistas advirtieron que la actual suba de precios coloca al pa\u00eds en una situaci\u00f3n de inestabilidad ante cualquier evento que pueda aparecer. Esto por no mencionar la pobreza y la imposibilidad de los salarios de acompa\u00f1ar la suba de precios.<\/p>\n\n\n\n<p><em>Fuente: MDZ<\/em><\/p>\n","protected":false},"excerpt":{"rendered":"<p>Las redes sociales repitieron hasta el cansancio c\u00f3mo el fin de semana de Pascua, muchos ciudadanos\u00a0chilenos\u00a0llegaban a Mendoza en una suerte de\u00a0tour de compras. El fen\u00f3meno no es nuevo debido a la cercan\u00eda y a la conveniencia en la compra de algunos productos. No obstante, en los \u00faltimos tiempos ha crecido la cantidad de turistas<a class=\"read-more\" href=\"https:\/\/elfederalmendoza.com.ar\/index.php\/2023\/04\/18\/estiman-que-las-compras-de-turistas-chilenos-en-mendoza-podrian-generar-algunos-aumentos-pero-con-escaso-impacto-en-la-inflacion\/\"> [&hellip;]<\/a><\/p>\n","protected":false},"author":2,"featured_media":20369,"comment_status":"open","ping_status":"open","sticky":false,"template":"","format":"standard","meta":{"footnotes":""},"categories":[1],"tags":[],"class_list":["post-22070","post","type-post","status-publish","format-standard","has-post-thumbnail","hentry","category-mza"],"rttpg_featured_image_url":{"full":["https:\/\/elfederalmendoza.com.ar\/wp-content\/uploads\/2023\/02\/compras_supermercado_online_1.jpg_102811101.webp",1200,900,false],"landscape":["https:\/\/elfederalmendoza.com.ar\/wp-content\/uploads\/2023\/02\/compras_supermercado_online_1.jpg_102811101.webp",1200,900,false],"portraits":["https:\/\/elfederalmendoza.com.ar\/wp-content\/uploads\/2023\/02\/compras_supermercado_online_1.jpg_102811101.webp",1200,900,false],"thumbnail":["https:\/\/elfederalmendoza.com.ar\/wp-content\/uploads\/2023\/02\/compras_supermercado_online_1.jpg_102811101-150x150.webp",150,150,true],"medium":["https:\/\/elfederalmendoza.com.ar\/wp-content\/uploads\/2023\/02\/compras_supermercado_online_1.jpg_102811101-300x225.webp",300,225,true],"large":["https:\/\/elfederalmendoza.com.ar\/wp-content\/uploads\/2023\/02\/compras_supermercado_online_1.jpg_102811101-1024x768.webp",640,480,true],"1536x1536":["https:\/\/elfederalmendoza.com.ar\/wp-content\/uploads\/2023\/02\/compras_supermercado_online_1.jpg_102811101.webp",1200,900,false],"2048x2048":["https:\/\/elfederalmendoza.com.ar\/wp-content\/uploads\/2023\/02\/compras_supermercado_online_1.jpg_102811101.webp",1200,900,false],"ultp_layout_landscape_large":["https:\/\/elfederalmendoza.com.ar\/wp-content\/uploads\/2023\/02\/compras_supermercado_online_1.jpg_102811101-1200x800.webp",1200,800,true],"ultp_layout_landscape":["https:\/\/elfederalmendoza.com.ar\/wp-content\/uploads\/2023\/02\/compras_supermercado_online_1.jpg_102811101-870x570.webp",870,570,true],"ultp_layout_portrait":["https:\/\/elfederalmendoza.com.ar\/wp-content\/uploads\/2023\/02\/compras_supermercado_online_1.jpg_102811101-600x900.webp",600,900,true],"ultp_layout_square":["https:\/\/elfederalmendoza.com.ar\/wp-content\/uploads\/2023\/02\/compras_supermercado_online_1.jpg_102811101-600x600.webp",600,600,true],"rpwe-thumbnail":["https:\/\/elfederalmendoza.com.ar\/wp-content\/uploads\/2023\/02\/compras_supermercado_online_1.jpg_102811101-45x45.webp",45,45,true],"advps-thumb-one":["https:\/\/elfederalmendoza.com.ar\/wp-content\/uploads\/2023\/02\/compras_supermercado_online_1.jpg_102811101-1200x420.webp",1200,420,true]},"rttpg_author":{"display_name":"Redacci\u00f3n El Federal","author_link":"https:\/\/elfederalmendoza.com.ar\/index.php\/author\/angelflores\/"},"rttpg_comment":0,"rttpg_category":"<a href=\"https:\/\/elfederalmendoza.com.ar\/index.php\/category\/mza\/\" rel=\"category tag\">Mendoza<\/a>","rttpg_excerpt":"Las redes sociales repitieron hasta el cansancio c\u00f3mo el fin de semana de Pascua, muchos ciudadanos\u00a0chilenos\u00a0llegaban a Mendoza en una suerte de\u00a0tour de compras. El fen\u00f3meno no es nuevo debido a la cercan\u00eda y a la conveniencia en la compra de algunos productos. No obstante, en los \u00faltimos tiempos ha crecido la cantidad de turistas&hellip;","_links":{"self":[{"href":"https:\/\/elfederalmendoza.com.ar\/index.php\/wp-json\/wp\/v2\/posts\/22070","targetHints":{"allow":["GET"]}}],"collection":[{"href":"https:\/\/elfederalmendoza.com.ar\/index.php\/wp-json\/wp\/v2\/posts"}],"about":[{"href":"https:\/\/elfederalmendoza.com.ar\/index.php\/wp-json\/wp\/v2\/types\/post"}],"author":[{"embeddable":true,"href":"https:\/\/elfederalmendoza.com.ar\/index.php\/wp-json\/wp\/v2\/users\/2"}],"replies":[{"embeddable":true,"href":"https:\/\/elfederalmendoza.com.ar\/index.php\/wp-json\/wp\/v2\/comments?post=22070"}],"version-history":[{"count":2,"href":"https:\/\/elfederalmendoza.com.ar\/index.php\/wp-json\/wp\/v2\/posts\/22070\/revisions"}],"predecessor-version":[{"id":22072,"href":"https:\/\/elfederalmendoza.com.ar\/index.php\/wp-json\/wp\/v2\/posts\/22070\/revisions\/22072"}],"wp:featuredmedia":[{"embeddable":true,"href":"https:\/\/elfederalmendoza.com.ar\/index.php\/wp-json\/wp\/v2\/media\/20369"}],"wp:attachment":[{"href":"https:\/\/elfederalmendoza.com.ar\/index.php\/wp-json\/wp\/v2\/media?parent=22070"}],"wp:term":[{"taxonomy":"category","embeddable":true,"href":"https:\/\/elfederalmendoza.com.ar\/index.php\/wp-json\/wp\/v2\/categories?post=22070"},{"taxonomy":"post_tag","embeddable":true,"href":"https:\/\/elfederalmendoza.com.ar\/index.php\/wp-json\/wp\/v2\/tags?post=22070"}],"curies":[{"name":"wp","href":"https:\/\/api.w.org\/{rel}","templated":true}]}}