{"id":22073,"date":"2023-04-18T08:53:16","date_gmt":"2023-04-18T11:53:16","guid":{"rendered":"https:\/\/elfederalmendoza.com\/?p=22073"},"modified":"2023-04-18T08:53:19","modified_gmt":"2023-04-18T11:53:19","slug":"allanaron-la-mansion-de-un-empresario-de-san-rafael-denunciado-por-estafas-pero-el-acusado-no-aparece","status":"publish","type":"post","link":"https:\/\/elfederalmendoza.com.ar\/index.php\/2023\/04\/18\/allanaron-la-mansion-de-un-empresario-de-san-rafael-denunciado-por-estafas-pero-el-acusado-no-aparece\/","title":{"rendered":"Allanaron la mansi\u00f3n de un empresario de San Rafael denunciado por estafas, pero el acusado no aparece"},"content":{"rendered":"\n<p>En un procedimiento en conjunto, la polic\u00eda de Investigaciones de Mendoza y personal de delitos econ\u00f3micos de la polic\u00eda bonaerense, allanaron la mansi\u00f3n que posee en la localidad de Jaime Prats, San Rafael, un joven empresario inversor buscado por realizar estafas millonarias a personas con la compra y venta de monedas de distintos pa\u00edses del mundo.<\/p>\n\n\n\n<p>En el allanamiento, librado desde la Provincia de Buenos Aires, se secuestr\u00f3 dinero en efectivo, un CPU, notebooks, un celular, una m\u00e1quina de contar dinero y cuatro autom\u00f3viles de alt\u00edsima gama, que parec\u00edan abandonados desde hace mucho tiempo a la intemperie. Adem\u00e1s, se hall\u00f3 una importante cantidad de facturas, tarjetas de cr\u00e9dito y documentaci\u00f3n en general.<\/p>\n\n\n<div class=\"wp-block-image\">\n<figure class=\"aligncenter size-full\"><img loading=\"lazy\" decoding=\"async\" width=\"780\" height=\"780\" src=\"https:\/\/elfederalmendoza.com\/wp-content\/uploads\/2023\/04\/643e00bac3fec__780x780.webp\" alt=\"\" class=\"wp-image-22074\" srcset=\"https:\/\/elfederalmendoza.com.ar\/wp-content\/uploads\/2023\/04\/643e00bac3fec__780x780.webp 780w, https:\/\/elfederalmendoza.com.ar\/wp-content\/uploads\/2023\/04\/643e00bac3fec__780x780-300x300.webp 300w, https:\/\/elfederalmendoza.com.ar\/wp-content\/uploads\/2023\/04\/643e00bac3fec__780x780-150x150.webp 150w, https:\/\/elfederalmendoza.com.ar\/wp-content\/uploads\/2023\/04\/643e00bac3fec__780x780-768x768.webp 768w, https:\/\/elfederalmendoza.com.ar\/wp-content\/uploads\/2023\/04\/643e00bac3fec__780x780-600x600.webp 600w, https:\/\/elfederalmendoza.com.ar\/wp-content\/uploads\/2023\/04\/643e00bac3fec__780x780-45x45.webp 45w\" sizes=\"auto, (max-width: 780px) 100vw, 780px\" \/><\/figure><\/div>\n\n\n<p>La investigaci\u00f3n apunta al empresario inversor Diego Alejandro Ag\u00fcero, de 30 a\u00f1os, quien en la actualidad supuestamente se encuentra de vacaciones en Brasil, hace nueve meses. Este joven, oriundo de Buenos Aires, lleg\u00f3 a General Alvear hace cinco a\u00f1os ofreciendo oportunidades de inversi\u00f3n a potenciales clientes, relacionadas con la compra y venta de monedas de varios pa\u00edses.&nbsp;<\/p>\n\n\n\n<p>Adem\u00e1s, Ag\u00fcero administraba un grupo inversor que termin\u00f3 gerenciando el\u00a0<strong>Sport Club Argentino<\/strong>, un modesto club de f\u00fatbol de Alvear.<\/p>\n\n\n\n<p>La causa contin\u00faa y est\u00e1 caratulada como defraudaci\u00f3n. Sin embargo, el empresario no aparece y estar\u00eda en Brasil.\u00a0<\/p>\n","protected":false},"excerpt":{"rendered":"<p>En un procedimiento en conjunto, la polic\u00eda de Investigaciones de Mendoza y personal de delitos econ\u00f3micos de la polic\u00eda bonaerense, allanaron la mansi\u00f3n que posee en la localidad de Jaime Prats, San Rafael, un joven empresario inversor buscado por realizar estafas millonarias a personas con la compra y venta de monedas de distintos pa\u00edses del<a class=\"read-more\" href=\"https:\/\/elfederalmendoza.com.ar\/index.php\/2023\/04\/18\/allanaron-la-mansion-de-un-empresario-de-san-rafael-denunciado-por-estafas-pero-el-acusado-no-aparece\/\"> [&hellip;]<\/a><\/p>\n","protected":false},"author":2,"featured_media":22075,"comment_status":"open","ping_status":"open","sticky":false,"template":"","format":"standard","meta":{"footnotes":""},"categories":[1],"tags":[],"class_list":["post-22073","post","type-post","status-publish","format-standard","has-post-thumbnail","hentry","category-mza"],"rttpg_featured_image_url":{"full":["https:\/\/elfederalmendoza.com.ar\/wp-content\/uploads\/2023\/04\/643e003f4a3bf__700x430.webp",700,430,false],"landscape":["https:\/\/elfederalmendoza.com.ar\/wp-content\/uploads\/2023\/04\/643e003f4a3bf__700x430.webp",700,430,false],"portraits":["https:\/\/elfederalmendoza.com.ar\/wp-content\/uploads\/2023\/04\/643e003f4a3bf__700x430.webp",700,430,false],"thumbnail":["https:\/\/elfederalmendoza.com.ar\/wp-content\/uploads\/2023\/04\/643e003f4a3bf__700x430-150x150.webp",150,150,true],"medium":["https:\/\/elfederalmendoza.com.ar\/wp-content\/uploads\/2023\/04\/643e003f4a3bf__700x430-300x184.webp",300,184,true],"large":["https:\/\/elfederalmendoza.com.ar\/wp-content\/uploads\/2023\/04\/643e003f4a3bf__700x430.webp",640,393,false],"1536x1536":["https:\/\/elfederalmendoza.com.ar\/wp-content\/uploads\/2023\/04\/643e003f4a3bf__700x430.webp",700,430,false],"2048x2048":["https:\/\/elfederalmendoza.com.ar\/wp-content\/uploads\/2023\/04\/643e003f4a3bf__700x430.webp",700,430,false],"ultp_layout_landscape_large":["https:\/\/elfederalmendoza.com.ar\/wp-content\/uploads\/2023\/04\/643e003f4a3bf__700x430.webp",700,430,false],"ultp_layout_landscape":["https:\/\/elfederalmendoza.com.ar\/wp-content\/uploads\/2023\/04\/643e003f4a3bf__700x430.webp",700,430,false],"ultp_layout_portrait":["https:\/\/elfederalmendoza.com.ar\/wp-content\/uploads\/2023\/04\/643e003f4a3bf__700x430-600x430.webp",600,430,true],"ultp_layout_square":["https:\/\/elfederalmendoza.com.ar\/wp-content\/uploads\/2023\/04\/643e003f4a3bf__700x430-600x430.webp",600,430,true],"rpwe-thumbnail":["https:\/\/elfederalmendoza.com.ar\/wp-content\/uploads\/2023\/04\/643e003f4a3bf__700x430-45x45.webp",45,45,true],"advps-thumb-one":["https:\/\/elfederalmendoza.com.ar\/wp-content\/uploads\/2023\/04\/643e003f4a3bf__700x430-700x420.webp",700,420,true]},"rttpg_author":{"display_name":"Redacci\u00f3n El Federal","author_link":"https:\/\/elfederalmendoza.com.ar\/index.php\/author\/angelflores\/"},"rttpg_comment":0,"rttpg_category":"<a href=\"https:\/\/elfederalmendoza.com.ar\/index.php\/category\/mza\/\" rel=\"category tag\">Mendoza<\/a>","rttpg_excerpt":"En un procedimiento en conjunto, la polic\u00eda de Investigaciones de Mendoza y personal de delitos econ\u00f3micos de la polic\u00eda bonaerense, allanaron la mansi\u00f3n que posee en la localidad de Jaime Prats, San Rafael, un joven empresario inversor buscado por realizar estafas millonarias a personas con la compra y venta de monedas de distintos pa\u00edses del&hellip;","_links":{"self":[{"href":"https:\/\/elfederalmendoza.com.ar\/index.php\/wp-json\/wp\/v2\/posts\/22073","targetHints":{"allow":["GET"]}}],"collection":[{"href":"https:\/\/elfederalmendoza.com.ar\/index.php\/wp-json\/wp\/v2\/posts"}],"about":[{"href":"https:\/\/elfederalmendoza.com.ar\/index.php\/wp-json\/wp\/v2\/types\/post"}],"author":[{"embeddable":true,"href":"https:\/\/elfederalmendoza.com.ar\/index.php\/wp-json\/wp\/v2\/users\/2"}],"replies":[{"embeddable":true,"href":"https:\/\/elfederalmendoza.com.ar\/index.php\/wp-json\/wp\/v2\/comments?post=22073"}],"version-history":[{"count":1,"href":"https:\/\/elfederalmendoza.com.ar\/index.php\/wp-json\/wp\/v2\/posts\/22073\/revisions"}],"predecessor-version":[{"id":22076,"href":"https:\/\/elfederalmendoza.com.ar\/index.php\/wp-json\/wp\/v2\/posts\/22073\/revisions\/22076"}],"wp:featuredmedia":[{"embeddable":true,"href":"https:\/\/elfederalmendoza.com.ar\/index.php\/wp-json\/wp\/v2\/media\/22075"}],"wp:attachment":[{"href":"https:\/\/elfederalmendoza.com.ar\/index.php\/wp-json\/wp\/v2\/media?parent=22073"}],"wp:term":[{"taxonomy":"category","embeddable":true,"href":"https:\/\/elfederalmendoza.com.ar\/index.php\/wp-json\/wp\/v2\/categories?post=22073"},{"taxonomy":"post_tag","embeddable":true,"href":"https:\/\/elfederalmendoza.com.ar\/index.php\/wp-json\/wp\/v2\/tags?post=22073"}],"curies":[{"name":"wp","href":"https:\/\/api.w.org\/{rel}","templated":true}]}}