{"id":22078,"date":"2023-04-18T10:45:14","date_gmt":"2023-04-18T13:45:14","guid":{"rendered":"https:\/\/elfederalmendoza.com\/?p=22078"},"modified":"2023-04-18T10:45:15","modified_gmt":"2023-04-18T13:45:15","slug":"mendoza-sera-sede-del-mundial-sub-20","status":"publish","type":"post","link":"https:\/\/elfederalmendoza.com.ar\/index.php\/2023\/04\/18\/mendoza-sera-sede-del-mundial-sub-20\/","title":{"rendered":"Mendoza ser\u00e1 sede del Mundial Sub 20"},"content":{"rendered":"\n<p><strong>Argentina&nbsp;<\/strong>ser\u00e1 sede del&nbsp;<strong>Mundial de f\u00fatbol sub 20<\/strong>. As\u00ed lo confirm\u00f3 oficialmente este lunes 17 a abril la FIFA. La competencia se realizar\u00e1 entre el 20 de mayo y el 11 de junio. Y&nbsp;<strong>Mendoza<\/strong>&nbsp;ser\u00e1 una de las ciudades en las que se jugar\u00e1.<\/p>\n\n\n\n<p>As\u00ed, la selecci\u00f3n dirigida por Javier Mascherano participar\u00e1 del certamen de forma autom\u00e1tica. Esto ocurre luego de que la&nbsp;<strong>FIFA<\/strong>&nbsp;decidiera retirar al anfitri\u00f3n original, que era Indonesia, el derecho a organizar este mundial 2023.<\/p>\n\n\n\n<p><strong>Mendoza&nbsp;<\/strong>ser\u00e1 sede con su&nbsp;<strong>estadio Malvinas Argentinas<\/strong>, al igual que el Madre de Ciudades de&nbsp;<strong>Santiago del Estero<\/strong>, el Bicentenario de&nbsp;<strong>San Juan<\/strong>, el de Sarmiento de&nbsp;<strong>Chaco<\/strong>&nbsp;y el Diego Maradona de&nbsp;<strong>La Plata<\/strong>, seg\u00fan public\u00f3 diario Ol\u00e9.<\/p>\n\n\n\n<p>La FIFA indic\u00f3 que los miembros de la delegaci\u00f3n visitaron las sedes del campeonato propuestas y las infraestructuras vinculadas. El contrato de organizaci\u00f3n fue firmado por la&nbsp;<strong>AFA<\/strong>, al igual que los documentos correspondientes al pa\u00eds organizador y a las autoridades locales.<\/p>\n\n\n\n<p>El&nbsp;<strong>Mundial sub 20&nbsp;<\/strong>contar\u00e1 con seis grupos de cuatro selecciones cada uno.&nbsp;<strong>Argentina<\/strong>&nbsp;es la naci\u00f3n m\u00e1s laureada en la historia del Mundial sub 20, tras haber ganado el t\u00edtulo seis. Y tambi\u00e9n, cabe recordar, organiz\u00f3 la competici\u00f3n en 2001.<\/p>\n\n\n\n<p><em>\u201cLa&nbsp;<strong>FIFA tiene el placer de anunciar que la edici\u00f3n de este a\u00f1o de la Copa Mundial Sub-20 de la FIFA tendr\u00e1 lugar en Argentina<\/strong>, por lo que el pa\u00eds de los actuales campeones del mundo abrir\u00e1 sus puertas a las grandes estrellas del f\u00fatbol mundial del ma\u00f1ana\u201d<\/em>, se\u00f1al\u00f3 el presidente de la&nbsp;<strong>FIFA, Gianni Infantino.<\/strong><\/p>\n\n\n\n<p>Y a\u00f1adi\u00f3:<em>&nbsp;\u201cDeseo dar las gracias a la AFA y en particular a su presidente,&nbsp;<strong>Claudio Tapia,<\/strong>&nbsp;as\u00ed como a las autoridades gubernamentales, por su compromiso para albergar este gran certamen con tan poca antelaci\u00f3n\u201d.<\/em><\/p>\n\n\n\n<figure class=\"wp-block-image is-resized\"><img loading=\"lazy\" decoding=\"async\" src=\"https:\/\/www.mendozapost.com\/files\/image\/474\/474553\/643de0323ee51_570_304!.jpg?s=3b74331bb190dd7b5df6ae2519fcd757&amp;d=1681776716\" alt=\"\" width=\"947\" height=\"505\"\/><figcaption class=\"wp-element-caption\">Javier Mascherano.<\/figcaption><\/figure>\n\n\n\n<p>Tambi\u00e9n, dijo que la Copa Mundial Sub 20 desempe\u00f1a un papel fundamental en el empe\u00f1o de la FIFA por promover el f\u00fatbol juvenil en todo el mundo:&nbsp;<em>\u201cDesde 1977, esta competici\u00f3n ha contado con algunos de los mejores jugadores de las \u00faltimas d\u00e9cadas, incluidos Diego Armando Maradona, Lionel Messi, Paul Pogba, Erling Haaland y muchos m\u00e1s. La celebraci\u00f3n de la edici\u00f3n de este a\u00f1o en un pa\u00eds que vive y respira el f\u00fatbol ser\u00e1 una inspiraci\u00f3n tremenda para las estrellas del ma\u00f1ana\u201d.<\/em><\/p>\n\n\n\n<h2 class=\"wp-block-heading\"><strong>Los 23 pa\u00edses que participar\u00e1n en el Mundial de F\u00fatbol Sub 20<\/strong><\/h2>\n\n\n\n<p>Adem\u00e1s de la Argentina como anfitriona del mundial sub 20, jugar\u00e1n otros 23 pa\u00edses del mundo. En detalle:&nbsp;<\/p>\n\n\n\n<p>\u2013 Estados Unidos<\/p>\n\n\n\n<p>-Jap\u00f3n<\/p>\n\n\n\n<p>-Irak<\/p>\n\n\n\n<p>-Israel<\/p>\n\n\n\n<p>-Rep\u00fablica Dominicana<\/p>\n\n\n\n<p>-Francia<\/p>\n\n\n\n<p>-Eslovaquia<\/p>\n\n\n\n<p>-Brasil<\/p>\n\n\n\n<p>\u2013 Corea del Sur<\/p>\n\n\n\n<p>-Uzbekist\u00e1n<\/p>\n\n\n\n<p>\u2013 Gambia<\/p>\n\n\n\n<p>-Nigeria<\/p>\n\n\n\n<p>-Senegal<\/p>\n\n\n\n<p>-T\u00fanez<\/p>\n\n\n\n<p>-Guatemala<\/p>\n\n\n\n<p>-Honduras<\/p>\n\n\n\n<p>-Colombia<\/p>\n\n\n\n<p>-Ecuador<\/p>\n\n\n\n<p>-Uruguay<\/p>\n\n\n\n<p>-Fiji<\/p>\n\n\n\n<p>-Nueva Zelanda<\/p>\n\n\n\n<p>-Inglaterra<\/p>\n\n\n\n<p>-Italia<\/p>\n","protected":false},"excerpt":{"rendered":"<p>Argentina&nbsp;ser\u00e1 sede del&nbsp;Mundial de f\u00fatbol sub 20. As\u00ed lo confirm\u00f3 oficialmente este lunes 17 a abril la FIFA. La competencia se realizar\u00e1 entre el 20 de mayo y el 11 de junio. Y&nbsp;Mendoza&nbsp;ser\u00e1 una de las ciudades en las que se jugar\u00e1. As\u00ed, la selecci\u00f3n dirigida por Javier Mascherano participar\u00e1 del certamen de forma autom\u00e1tica.<a class=\"read-more\" href=\"https:\/\/elfederalmendoza.com.ar\/index.php\/2023\/04\/18\/mendoza-sera-sede-del-mundial-sub-20\/\"> [&hellip;]<\/a><\/p>\n","protected":false},"author":2,"featured_media":22079,"comment_status":"open","ping_status":"open","sticky":false,"template":"","format":"standard","meta":{"footnotes":""},"categories":[5620],"tags":[],"class_list":["post-22078","post","type-post","status-publish","format-standard","has-post-thumbnail","hentry","category-deportes"],"rttpg_featured_image_url":{"full":["https:\/\/elfederalmendoza.com.ar\/wp-content\/uploads\/2023\/04\/estadio-mendoza.jpg",928,447,false],"landscape":["https:\/\/elfederalmendoza.com.ar\/wp-content\/uploads\/2023\/04\/estadio-mendoza.jpg",928,447,false],"portraits":["https:\/\/elfederalmendoza.com.ar\/wp-content\/uploads\/2023\/04\/estadio-mendoza.jpg",928,447,false],"thumbnail":["https:\/\/elfederalmendoza.com.ar\/wp-content\/uploads\/2023\/04\/estadio-mendoza-150x150.jpg",150,150,true],"medium":["https:\/\/elfederalmendoza.com.ar\/wp-content\/uploads\/2023\/04\/estadio-mendoza-300x145.jpg",300,145,true],"large":["https:\/\/elfederalmendoza.com.ar\/wp-content\/uploads\/2023\/04\/estadio-mendoza.jpg",640,308,false],"1536x1536":["https:\/\/elfederalmendoza.com.ar\/wp-content\/uploads\/2023\/04\/estadio-mendoza.jpg",928,447,false],"2048x2048":["https:\/\/elfederalmendoza.com.ar\/wp-content\/uploads\/2023\/04\/estadio-mendoza.jpg",928,447,false],"ultp_layout_landscape_large":["https:\/\/elfederalmendoza.com.ar\/wp-content\/uploads\/2023\/04\/estadio-mendoza.jpg",928,447,false],"ultp_layout_landscape":["https:\/\/elfederalmendoza.com.ar\/wp-content\/uploads\/2023\/04\/estadio-mendoza-870x447.jpg",870,447,true],"ultp_layout_portrait":["https:\/\/elfederalmendoza.com.ar\/wp-content\/uploads\/2023\/04\/estadio-mendoza-600x447.jpg",600,447,true],"ultp_layout_square":["https:\/\/elfederalmendoza.com.ar\/wp-content\/uploads\/2023\/04\/estadio-mendoza-600x447.jpg",600,447,true],"rpwe-thumbnail":["https:\/\/elfederalmendoza.com.ar\/wp-content\/uploads\/2023\/04\/estadio-mendoza-45x45.jpg",45,45,true],"advps-thumb-one":["https:\/\/elfederalmendoza.com.ar\/wp-content\/uploads\/2023\/04\/estadio-mendoza-928x420.jpg",928,420,true]},"rttpg_author":{"display_name":"Redacci\u00f3n El Federal","author_link":"https:\/\/elfederalmendoza.com.ar\/index.php\/author\/angelflores\/"},"rttpg_comment":0,"rttpg_category":"<a href=\"https:\/\/elfederalmendoza.com.ar\/index.php\/category\/deportes\/\" rel=\"category tag\">Deportes<\/a>","rttpg_excerpt":"Argentina&nbsp;ser\u00e1 sede del&nbsp;Mundial de f\u00fatbol sub 20. As\u00ed lo confirm\u00f3 oficialmente este lunes 17 a abril la FIFA. La competencia se realizar\u00e1 entre el 20 de mayo y el 11 de junio. Y&nbsp;Mendoza&nbsp;ser\u00e1 una de las ciudades en las que se jugar\u00e1. As\u00ed, la selecci\u00f3n dirigida por Javier Mascherano participar\u00e1 del certamen de forma autom\u00e1tica.&hellip;","_links":{"self":[{"href":"https:\/\/elfederalmendoza.com.ar\/index.php\/wp-json\/wp\/v2\/posts\/22078","targetHints":{"allow":["GET"]}}],"collection":[{"href":"https:\/\/elfederalmendoza.com.ar\/index.php\/wp-json\/wp\/v2\/posts"}],"about":[{"href":"https:\/\/elfederalmendoza.com.ar\/index.php\/wp-json\/wp\/v2\/types\/post"}],"author":[{"embeddable":true,"href":"https:\/\/elfederalmendoza.com.ar\/index.php\/wp-json\/wp\/v2\/users\/2"}],"replies":[{"embeddable":true,"href":"https:\/\/elfederalmendoza.com.ar\/index.php\/wp-json\/wp\/v2\/comments?post=22078"}],"version-history":[{"count":1,"href":"https:\/\/elfederalmendoza.com.ar\/index.php\/wp-json\/wp\/v2\/posts\/22078\/revisions"}],"predecessor-version":[{"id":22080,"href":"https:\/\/elfederalmendoza.com.ar\/index.php\/wp-json\/wp\/v2\/posts\/22078\/revisions\/22080"}],"wp:featuredmedia":[{"embeddable":true,"href":"https:\/\/elfederalmendoza.com.ar\/index.php\/wp-json\/wp\/v2\/media\/22079"}],"wp:attachment":[{"href":"https:\/\/elfederalmendoza.com.ar\/index.php\/wp-json\/wp\/v2\/media?parent=22078"}],"wp:term":[{"taxonomy":"category","embeddable":true,"href":"https:\/\/elfederalmendoza.com.ar\/index.php\/wp-json\/wp\/v2\/categories?post=22078"},{"taxonomy":"post_tag","embeddable":true,"href":"https:\/\/elfederalmendoza.com.ar\/index.php\/wp-json\/wp\/v2\/tags?post=22078"}],"curies":[{"name":"wp","href":"https:\/\/api.w.org\/{rel}","templated":true}]}}