{"id":22101,"date":"2023-04-19T08:20:56","date_gmt":"2023-04-19T11:20:56","guid":{"rendered":"https:\/\/elfederalmendoza.com\/?p=22101"},"modified":"2023-04-19T08:23:06","modified_gmt":"2023-04-19T11:23:06","slug":"se-fugo-antes-de-ser-detenido-en-mendoza-un-acusado-de-abusar-de-su-hija","status":"publish","type":"post","link":"https:\/\/elfederalmendoza.com.ar\/index.php\/2023\/04\/19\/se-fugo-antes-de-ser-detenido-en-mendoza-un-acusado-de-abusar-de-su-hija\/","title":{"rendered":"Se fug\u00f3 antes de ser detenido en Mendoza un acusado de abusar de su hija"},"content":{"rendered":"\n<p>La polic\u00eda y justicia buscan intensamente a un\u00a0<strong>hombre de 30 a\u00f1os que fue denunciado por un\u00a0abuso sexual\u00a0en perjuicio de su hija menor de edad y quien se fug\u00f3 antes de ser detenido.<\/strong><\/p>\n\n\n\n<p>Se trata de\u00a0<strong>Santiago Illanes Llaneza (30),<\/strong>\u00a0sobre quien pesa un pedido de captura y por quien se han realizado allanamientos en los \u00faltimos d\u00edas, aunque sin resultados positivos.<\/p>\n\n\n\n<p>El caso tiene la particularidad que&nbsp;<strong>el sujeto fugado es hijo de un hombre que en el 2011 fue condenado a 8 a\u00f1os de c\u00e1rcel por un abuso sexual gravemente ultrajante contra un joven con s\u00edndrome de down. Ese individuo tambi\u00e9n se fug\u00f3 de la justicia cuando cumpl\u00eda la condena en prisi\u00f3n domiciliaria.<\/strong><\/p>\n\n\n\n<p>Ahora, allegados a la menor abusada denunciaron que la familia de Illanes Llaneza protege al hombre denunciado.<\/p>\n\n\n\n<p><strong>D\u00edas atr\u00e1s, la polic\u00eda allan\u00f3 su casa en la calle Arist\u00f3bulo del Valle, en\u00a0Ciudad\u00a0de Mendoza.\u00a0<\/strong>La medida se realiz\u00f3 por pedido de la fiscal Virginia Rumbo. Sin embargo, en el hogar no hab\u00eda rastros del sospechoso.<\/p>\n\n\n\n<p>De esta forma, Illanes Llaneza contin\u00faa en la orden del d\u00eda de la Divisi\u00f3n de B\u00fasqueda de Pr\u00f3fugos y los detectives afirman estar realizando averiguaciones para dar con el presunto abusador.<\/p>\n\n\n\n<p>Fuentes judiciales dijeron que&nbsp;<strong>la investigaci\u00f3n est\u00e1 plasmada en el expediente P-87484\/22<\/strong>. La denuncia fue radicada en la Oficina Fiscal 2 de Ciudad en agosto del 2022 y meses despu\u00e9s la fiscal\u00eda de delitos contra la integridad sexual orden\u00f3 la captura del sospechoso.<\/p>\n\n\n\n<p>Al parecer, este recibi\u00f3 esta informaci\u00f3n y antes de que la polic\u00eda concretara la detenci\u00f3n se fug\u00f3. En ese sentido,&nbsp;<strong>quienes denunciaron el abuso sexual afirman que familiares de Illanes Llaneza le prestaron un auto para poder escapar.<\/strong><\/p>\n\n\n\n<p>Por esto, a trav\u00e9s de las redes sociales se pide la captura del acusado, publicando su rostro y denunciando a quienes lo habr\u00edan ayudado.<\/p>\n\n\n\n<p><em>Fuente: Sitio Andino<\/em><\/p>\n","protected":false},"excerpt":{"rendered":"<p>La polic\u00eda y justicia buscan intensamente a un\u00a0hombre de 30 a\u00f1os que fue denunciado por un\u00a0abuso sexual\u00a0en perjuicio de su hija menor de edad y quien se fug\u00f3 antes de ser detenido. Se trata de\u00a0Santiago Illanes Llaneza (30),\u00a0sobre quien pesa un pedido de captura y por quien se han realizado allanamientos en los \u00faltimos d\u00edas,<a class=\"read-more\" href=\"https:\/\/elfederalmendoza.com.ar\/index.php\/2023\/04\/19\/se-fugo-antes-de-ser-detenido-en-mendoza-un-acusado-de-abusar-de-su-hija\/\"> [&hellip;]<\/a><\/p>\n","protected":false},"author":2,"featured_media":22103,"comment_status":"open","ping_status":"open","sticky":false,"template":"","format":"standard","meta":{"footnotes":""},"categories":[1],"tags":[],"class_list":["post-22101","post","type-post","status-publish","format-standard","has-post-thumbnail","hentry","category-mza"],"rttpg_featured_image_url":{"full":["https:\/\/elfederalmendoza.com.ar\/wp-content\/uploads\/2023\/04\/santiago-illanes-profugo-buscado-la-policiajpg.webp",790,527,false],"landscape":["https:\/\/elfederalmendoza.com.ar\/wp-content\/uploads\/2023\/04\/santiago-illanes-profugo-buscado-la-policiajpg.webp",790,527,false],"portraits":["https:\/\/elfederalmendoza.com.ar\/wp-content\/uploads\/2023\/04\/santiago-illanes-profugo-buscado-la-policiajpg.webp",790,527,false],"thumbnail":["https:\/\/elfederalmendoza.com.ar\/wp-content\/uploads\/2023\/04\/santiago-illanes-profugo-buscado-la-policiajpg-150x150.webp",150,150,true],"medium":["https:\/\/elfederalmendoza.com.ar\/wp-content\/uploads\/2023\/04\/santiago-illanes-profugo-buscado-la-policiajpg-300x200.webp",300,200,true],"large":["https:\/\/elfederalmendoza.com.ar\/wp-content\/uploads\/2023\/04\/santiago-illanes-profugo-buscado-la-policiajpg.webp",640,427,false],"1536x1536":["https:\/\/elfederalmendoza.com.ar\/wp-content\/uploads\/2023\/04\/santiago-illanes-profugo-buscado-la-policiajpg.webp",790,527,false],"2048x2048":["https:\/\/elfederalmendoza.com.ar\/wp-content\/uploads\/2023\/04\/santiago-illanes-profugo-buscado-la-policiajpg.webp",790,527,false],"ultp_layout_landscape_large":["https:\/\/elfederalmendoza.com.ar\/wp-content\/uploads\/2023\/04\/santiago-illanes-profugo-buscado-la-policiajpg.webp",790,527,false],"ultp_layout_landscape":["https:\/\/elfederalmendoza.com.ar\/wp-content\/uploads\/2023\/04\/santiago-illanes-profugo-buscado-la-policiajpg.webp",790,527,false],"ultp_layout_portrait":["https:\/\/elfederalmendoza.com.ar\/wp-content\/uploads\/2023\/04\/santiago-illanes-profugo-buscado-la-policiajpg-600x527.webp",600,527,true],"ultp_layout_square":["https:\/\/elfederalmendoza.com.ar\/wp-content\/uploads\/2023\/04\/santiago-illanes-profugo-buscado-la-policiajpg-600x527.webp",600,527,true],"rpwe-thumbnail":["https:\/\/elfederalmendoza.com.ar\/wp-content\/uploads\/2023\/04\/santiago-illanes-profugo-buscado-la-policiajpg-45x45.webp",45,45,true],"advps-thumb-one":["https:\/\/elfederalmendoza.com.ar\/wp-content\/uploads\/2023\/04\/santiago-illanes-profugo-buscado-la-policiajpg-790x420.webp",790,420,true]},"rttpg_author":{"display_name":"Redacci\u00f3n El Federal","author_link":"https:\/\/elfederalmendoza.com.ar\/index.php\/author\/angelflores\/"},"rttpg_comment":0,"rttpg_category":"<a href=\"https:\/\/elfederalmendoza.com.ar\/index.php\/category\/mza\/\" rel=\"category tag\">Mendoza<\/a>","rttpg_excerpt":"La polic\u00eda y justicia buscan intensamente a un\u00a0hombre de 30 a\u00f1os que fue denunciado por un\u00a0abuso sexual\u00a0en perjuicio de su hija menor de edad y quien se fug\u00f3 antes de ser detenido. Se trata de\u00a0Santiago Illanes Llaneza (30),\u00a0sobre quien pesa un pedido de captura y por quien se han realizado allanamientos en los \u00faltimos d\u00edas,&hellip;","_links":{"self":[{"href":"https:\/\/elfederalmendoza.com.ar\/index.php\/wp-json\/wp\/v2\/posts\/22101","targetHints":{"allow":["GET"]}}],"collection":[{"href":"https:\/\/elfederalmendoza.com.ar\/index.php\/wp-json\/wp\/v2\/posts"}],"about":[{"href":"https:\/\/elfederalmendoza.com.ar\/index.php\/wp-json\/wp\/v2\/types\/post"}],"author":[{"embeddable":true,"href":"https:\/\/elfederalmendoza.com.ar\/index.php\/wp-json\/wp\/v2\/users\/2"}],"replies":[{"embeddable":true,"href":"https:\/\/elfederalmendoza.com.ar\/index.php\/wp-json\/wp\/v2\/comments?post=22101"}],"version-history":[{"count":2,"href":"https:\/\/elfederalmendoza.com.ar\/index.php\/wp-json\/wp\/v2\/posts\/22101\/revisions"}],"predecessor-version":[{"id":22106,"href":"https:\/\/elfederalmendoza.com.ar\/index.php\/wp-json\/wp\/v2\/posts\/22101\/revisions\/22106"}],"wp:featuredmedia":[{"embeddable":true,"href":"https:\/\/elfederalmendoza.com.ar\/index.php\/wp-json\/wp\/v2\/media\/22103"}],"wp:attachment":[{"href":"https:\/\/elfederalmendoza.com.ar\/index.php\/wp-json\/wp\/v2\/media?parent=22101"}],"wp:term":[{"taxonomy":"category","embeddable":true,"href":"https:\/\/elfederalmendoza.com.ar\/index.php\/wp-json\/wp\/v2\/categories?post=22101"},{"taxonomy":"post_tag","embeddable":true,"href":"https:\/\/elfederalmendoza.com.ar\/index.php\/wp-json\/wp\/v2\/tags?post=22101"}],"curies":[{"name":"wp","href":"https:\/\/api.w.org\/{rel}","templated":true}]}}