{"id":22111,"date":"2023-04-19T08:51:43","date_gmt":"2023-04-19T11:51:43","guid":{"rendered":"https:\/\/elfederalmendoza.com\/?p=22111"},"modified":"2023-04-19T08:51:45","modified_gmt":"2023-04-19T11:51:45","slug":"mendoza-aplicara-juicios-por-jurado-en-casos-de-corrupcion","status":"publish","type":"post","link":"https:\/\/elfederalmendoza.com.ar\/index.php\/2023\/04\/19\/mendoza-aplicara-juicios-por-jurado-en-casos-de-corrupcion\/","title":{"rendered":"Mendoza aplicar\u00e1 juicios por jurado en casos de corrupci\u00f3n"},"content":{"rendered":"\n<p>El gobernador de&nbsp;<strong>Mendoza<\/strong>,&nbsp;<strong>Rodolfo Suarez<\/strong>, anunci\u00f3 que presentar\u00e1 un proyecto de ley para implementar&nbsp;<strong>juicios por jurado<\/strong>&nbsp;en el Fuero Civil, especialmente en causas de corrupci\u00f3n. El objetivo de la iniciativa es ampliar la participaci\u00f3n ciudadana en el proceso judicial y profundizar la lucha contra la corrupci\u00f3n.<\/p>\n\n\n\n<p>Durante el acto de apertura del a\u00f1o judicial 2023, Su\u00e1rez afirm\u00f3 que el proyecto buscar\u00e1 aplicar el proceso de&nbsp;<strong>juicios por jurados&nbsp;<\/strong>en las causas de extinci\u00f3n de dominio. Adem\u00e1s, destac\u00f3 la importancia de seguir avanzando en una justicia m\u00e1s cercana a la ciudadan\u00eda y anunci\u00f3 la pr\u00f3xima apertura de la licitaci\u00f3n para la construcci\u00f3n del Centro C\u00edvico Judicial de Tunuy\u00e1n.<\/p>\n\n\n\n<p>El gobernador de&nbsp;<strong>Mendoza<\/strong>&nbsp;destac\u00f3 la necesidad de fortalecer el servicio de justicia para asegurar la cohesi\u00f3n social y sostener la armon\u00eda y la paz p\u00fablica. Asimismo, anunci\u00f3 la firma de un convenio con la Suprema Corte de Justicia para reconocer anticipos jubilatorios a funcionarios y magistrados que est\u00e9n en condiciones de acceder a los beneficios previsionales.<\/p>\n\n\n\n<p><em>Fuente: Diario Mendoza<\/em><\/p>\n","protected":false},"excerpt":{"rendered":"<p>El gobernador de&nbsp;Mendoza,&nbsp;Rodolfo Suarez, anunci\u00f3 que presentar\u00e1 un proyecto de ley para implementar&nbsp;juicios por jurado&nbsp;en el Fuero Civil, especialmente en causas de corrupci\u00f3n. El objetivo de la iniciativa es ampliar la participaci\u00f3n ciudadana en el proceso judicial y profundizar la lucha contra la corrupci\u00f3n. Durante el acto de apertura del a\u00f1o judicial 2023, Su\u00e1rez afirm\u00f3<a class=\"read-more\" href=\"https:\/\/elfederalmendoza.com.ar\/index.php\/2023\/04\/19\/mendoza-aplicara-juicios-por-jurado-en-casos-de-corrupcion\/\"> [&hellip;]<\/a><\/p>\n","protected":false},"author":2,"featured_media":22113,"comment_status":"open","ping_status":"open","sticky":false,"template":"","format":"standard","meta":{"footnotes":""},"categories":[1],"tags":[],"class_list":["post-22111","post","type-post","status-publish","format-standard","has-post-thumbnail","hentry","category-mza"],"rttpg_featured_image_url":{"full":["https:\/\/elfederalmendoza.com.ar\/wp-content\/uploads\/2023\/04\/juicioxjurado.jpg",1280,667,false],"landscape":["https:\/\/elfederalmendoza.com.ar\/wp-content\/uploads\/2023\/04\/juicioxjurado.jpg",1280,667,false],"portraits":["https:\/\/elfederalmendoza.com.ar\/wp-content\/uploads\/2023\/04\/juicioxjurado.jpg",1280,667,false],"thumbnail":["https:\/\/elfederalmendoza.com.ar\/wp-content\/uploads\/2023\/04\/juicioxjurado-150x150.jpg",150,150,true],"medium":["https:\/\/elfederalmendoza.com.ar\/wp-content\/uploads\/2023\/04\/juicioxjurado-300x156.jpg",300,156,true],"large":["https:\/\/elfederalmendoza.com.ar\/wp-content\/uploads\/2023\/04\/juicioxjurado-1024x534.jpg",640,334,true],"1536x1536":["https:\/\/elfederalmendoza.com.ar\/wp-content\/uploads\/2023\/04\/juicioxjurado.jpg",1280,667,false],"2048x2048":["https:\/\/elfederalmendoza.com.ar\/wp-content\/uploads\/2023\/04\/juicioxjurado.jpg",1280,667,false],"ultp_layout_landscape_large":["https:\/\/elfederalmendoza.com.ar\/wp-content\/uploads\/2023\/04\/juicioxjurado-1200x667.jpg",1200,667,true],"ultp_layout_landscape":["https:\/\/elfederalmendoza.com.ar\/wp-content\/uploads\/2023\/04\/juicioxjurado-870x570.jpg",870,570,true],"ultp_layout_portrait":["https:\/\/elfederalmendoza.com.ar\/wp-content\/uploads\/2023\/04\/juicioxjurado-600x667.jpg",600,667,true],"ultp_layout_square":["https:\/\/elfederalmendoza.com.ar\/wp-content\/uploads\/2023\/04\/juicioxjurado-600x600.jpg",600,600,true],"rpwe-thumbnail":["https:\/\/elfederalmendoza.com.ar\/wp-content\/uploads\/2023\/04\/juicioxjurado-45x45.jpg",45,45,true],"advps-thumb-one":["https:\/\/elfederalmendoza.com.ar\/wp-content\/uploads\/2023\/04\/juicioxjurado-1200x420.jpg",1200,420,true]},"rttpg_author":{"display_name":"Redacci\u00f3n El Federal","author_link":"https:\/\/elfederalmendoza.com.ar\/index.php\/author\/angelflores\/"},"rttpg_comment":0,"rttpg_category":"<a href=\"https:\/\/elfederalmendoza.com.ar\/index.php\/category\/mza\/\" rel=\"category tag\">Mendoza<\/a>","rttpg_excerpt":"El gobernador de&nbsp;Mendoza,&nbsp;Rodolfo Suarez, anunci\u00f3 que presentar\u00e1 un proyecto de ley para implementar&nbsp;juicios por jurado&nbsp;en el Fuero Civil, especialmente en causas de corrupci\u00f3n. El objetivo de la iniciativa es ampliar la participaci\u00f3n ciudadana en el proceso judicial y profundizar la lucha contra la corrupci\u00f3n. Durante el acto de apertura del a\u00f1o judicial 2023, Su\u00e1rez afirm\u00f3&hellip;","_links":{"self":[{"href":"https:\/\/elfederalmendoza.com.ar\/index.php\/wp-json\/wp\/v2\/posts\/22111","targetHints":{"allow":["GET"]}}],"collection":[{"href":"https:\/\/elfederalmendoza.com.ar\/index.php\/wp-json\/wp\/v2\/posts"}],"about":[{"href":"https:\/\/elfederalmendoza.com.ar\/index.php\/wp-json\/wp\/v2\/types\/post"}],"author":[{"embeddable":true,"href":"https:\/\/elfederalmendoza.com.ar\/index.php\/wp-json\/wp\/v2\/users\/2"}],"replies":[{"embeddable":true,"href":"https:\/\/elfederalmendoza.com.ar\/index.php\/wp-json\/wp\/v2\/comments?post=22111"}],"version-history":[{"count":1,"href":"https:\/\/elfederalmendoza.com.ar\/index.php\/wp-json\/wp\/v2\/posts\/22111\/revisions"}],"predecessor-version":[{"id":22114,"href":"https:\/\/elfederalmendoza.com.ar\/index.php\/wp-json\/wp\/v2\/posts\/22111\/revisions\/22114"}],"wp:featuredmedia":[{"embeddable":true,"href":"https:\/\/elfederalmendoza.com.ar\/index.php\/wp-json\/wp\/v2\/media\/22113"}],"wp:attachment":[{"href":"https:\/\/elfederalmendoza.com.ar\/index.php\/wp-json\/wp\/v2\/media?parent=22111"}],"wp:term":[{"taxonomy":"category","embeddable":true,"href":"https:\/\/elfederalmendoza.com.ar\/index.php\/wp-json\/wp\/v2\/categories?post=22111"},{"taxonomy":"post_tag","embeddable":true,"href":"https:\/\/elfederalmendoza.com.ar\/index.php\/wp-json\/wp\/v2\/tags?post=22111"}],"curies":[{"name":"wp","href":"https:\/\/api.w.org\/{rel}","templated":true}]}}