{"id":22112,"date":"2023-04-19T08:57:27","date_gmt":"2023-04-19T11:57:27","guid":{"rendered":"https:\/\/elfederalmendoza.com\/?p=22112"},"modified":"2023-04-19T08:57:28","modified_gmt":"2023-04-19T11:57:28","slug":"quien-es-valentin-barco-el-pibe-que-salvo-a-boca-del-desastre","status":"publish","type":"post","link":"https:\/\/elfederalmendoza.com.ar\/index.php\/2023\/04\/19\/quien-es-valentin-barco-el-pibe-que-salvo-a-boca-del-desastre\/","title":{"rendered":"Qui\u00e9n es Valent\u00edn Barco: El pibe que salv\u00f3 a Boca del desastre"},"content":{"rendered":"\n<p>El lateral izquierda de 18 a\u00f1os<strong>\u00a0Valent\u00edn Barco<\/strong>\u00a0fue la figura de\u00a0<strong>Boca\u00a0en el triunfo por 2 a 1 frente a Deportivo Pereira<\/strong>\u00a0de Colombia en lo que fue su debut en la\u00a0<strong>Copa Libertadores.<\/strong><\/p>\n\n\n\n<p><strong>El juvenil ya hab\u00eda jugado cuatro partidos por la\u00a0Liga Profesional<\/strong>, en la que demostr\u00f3 un gran nivel de juego y\u00a0<strong>cubri\u00f3 muy bien el puesto del lesionado Frank Fabra a\u00f1os atr\u00e1s.<\/strong><\/p>\n\n\n\n<p><strong>Barco fue el punto m\u00e1s alto del equipo dirigido por Jorge Almir\u00f3n<\/strong>, con quites claves en la mitad de la cancha e \u00edmpetu para llegar hasta el fondo de la cancha en ofensiva. Y hasta tuvo\u00a0<strong>participaci\u00f3n directa con la asistencia para Alan Varela en el segundo gol del \u00abXeneize\u00bb<\/strong>\u00a0que le dio la victoria en La Bombonera para romper un partido dif\u00edcil.<\/p>\n\n\n\n<figure class=\"wp-block-image is-resized\"><img loading=\"lazy\" decoding=\"async\" src=\"https:\/\/www.mendozapost.com\/files\/image\/474\/474851\/643f3ded56a67_570_449!.jpg?s=a11aee4d81029d16831dd8658ae97bd0&amp;d=1681866224\" alt=\"\" width=\"946\" height=\"745\"\/><figcaption class=\"wp-element-caption\">Valent\u00edn Barco fue la figura de Boca&nbsp;<\/figcaption><\/figure>\n\n\n\n<p>El \u00abColo\u00bb jug\u00f3 un muy buen partido, a pesar de la derrota por 1 a 0, y se gan\u00f3 la titularidad en las siguientes pr\u00e1cticas pensando en la Libertadores.<\/p>\n\n\n\n<p>Adem\u00e1s de su primer partido como titular en la copa m\u00e1s importante del continente, y de su regreso al 11 inicial para este 2023,<strong>\u00a0hay que remontarse a 2021 para los primeros partidos del lateral oriundo de 25 de Mayo en Boca.<\/strong><\/p>\n\n\n\n<figure class=\"wp-block-embed is-type-video is-provider-youtube wp-block-embed-youtube wp-embed-aspect-16-9 wp-has-aspect-ratio\"><div class=\"wp-block-embed__wrapper\">\n<iframe loading=\"lazy\" title=\"Valent\u00edn Barco vs Deportivo Pereira \u25ba Debut COPA Libertadores\" width=\"640\" height=\"360\" src=\"https:\/\/www.youtube.com\/embed\/UymmRhO9RHw?feature=oembed\" frameborder=\"0\" allow=\"accelerometer; autoplay; clipboard-write; encrypted-media; gyroscope; picture-in-picture; web-share\" referrerpolicy=\"strict-origin-when-cross-origin\" allowfullscreen><\/iframe>\n<\/div><\/figure>\n\n\n\n<p><strong>Tuvo su debut en la Primera Divisi\u00f3n el 17 de julio de 2021 ante Uni\u00f3n de Santa Fe<\/strong>, en un empate 1 a 1 en donde jug\u00f3 casi los 90 minutos con un nivel interesante para su corta edad.<\/p>\n\n\n\n<p>Pero deslumbrar\u00eda a propios y extra\u00f1os en aquella recordada doble fecha negativa para el \u00abXeneize\u00bb, cuando sus titulares tuvieron que quedarse en Brasil tras los incidentes con Atl\u00e9tico Mineiro y Sebasti\u00e1n Battaglia, por entonces el DT, opt\u00f3 por usar a los chicos de la Reserva.<\/p>\n\n\n\n<p><strong>Esos partidos ante Banfield (0-0) y San Lorenzo (0-2) mostraron a varios juveniles pero en especial a Barco<\/strong>, la joya en el lateral izquierdo.<\/p>\n\n\n\n<p>A pesar de no sumar minutos con el plantel profesional, Barco sigui\u00f3 demostrando muy buen juego en la Reserva, y esto le vali\u00f3 el llamado de la Selecci\u00f3n argentina Sub 20 para tres encuentros amistosos y fue de la partida en todos.<\/p>\n\n\n\n<figure class=\"wp-block-embed is-type-video is-provider-youtube wp-block-embed-youtube wp-embed-aspect-16-9 wp-has-aspect-ratio\"><div class=\"wp-block-embed__wrapper\">\n<iframe loading=\"lazy\" title=\"\ud83d\udd35\ud83d\udfe1 #Boca \ud83d\udde3\ufe0fValent\u00edn Barco, el h\u00e9roe de la noche con 18 a\u00f1os: &quot;ganar de esta manera nos va a motivar&quot;\" width=\"640\" height=\"360\" src=\"https:\/\/www.youtube.com\/embed\/Ljl7IeTRpyo?feature=oembed\" frameborder=\"0\" allow=\"accelerometer; autoplay; clipboard-write; encrypted-media; gyroscope; picture-in-picture; web-share\" referrerpolicy=\"strict-origin-when-cross-origin\" allowfullscreen><\/iframe>\n<\/div><\/figure>\n\n\n\n<p><strong>El defensor de Boca Juniors Valent\u00edn Barco\u00a0<\/strong>agradeci\u00f3 \u00abla banca\u00bb de los hinchas en un partido que cort\u00f3 una serie de resultados adversos para el equipo de Jorge Almir\u00f3n. \u00abLos grandes me felicitaron, me dijeron que siga as\u00ed y estoy contento porque trabaj\u00e9 mucho para esta oportunidad\u00bb, apunt\u00f3.\u00a0<\/p>\n\n\n\n<p>Un poco de su historia<\/p>\n\n\n\n<p><strong>La historia del juvenil con el f\u00fatbol comenz\u00f3 en su pueblo, en el club Sportivo de 25 de Mayo<\/strong>, donde ya brillaba desde chico como delantero. Con 9 a\u00f1os, su talento fue detectado por&nbsp;<strong>Ram\u00f3n Maddoni<\/strong>, quien le consigui\u00f3 la prueba en Boca Juniors. Luego de fichar en el club de La Ribera, Barco despleg\u00f3 su talento hasta ser convocado en la selecci\u00f3n argentina Sub 13 y Sub 15. Pero no todo fue sencillo para el&nbsp;<em>Colo<\/em>, ya que debi\u00f3 hacer sacrificios extremos junto a su familia para cumplir su sue\u00f1o.<\/p>\n\n\n\n<p>Sin lugar en la pensi\u00f3n de Boca,<strong>&nbsp;debi\u00f3 recorrer 450 kil\u00f3metros de ida y de vuelta desde 25 de Mayo a la Ciudad de Buenos Aires durante tres a\u00f1os al menos cuatro veces por semana a bordo del Renault 12 de su padre.<\/strong>&nbsp;Su mam\u00e1, Patricia, cont\u00f3 c\u00f3mo fueron aquellos viajes.&nbsp;<em><strong>\u00ab<\/strong><\/em><strong>Hab\u00eda veces que no ten\u00edamos nada de plata. \u2018Tenemos para el gas y el peaje. Vamos y llevamos el mate&#8217;, le dec\u00eda yo. \u2018S\u00ed, ma, vamos&#8217;. Ha ido hasta con fiebre a entrenar, vomitando\u00bb<\/strong>, dijo en el medio&nbsp;<em>Convergencias<\/em>.<\/p>\n","protected":false},"excerpt":{"rendered":"<p>El lateral izquierda de 18 a\u00f1os\u00a0Valent\u00edn Barco\u00a0fue la figura de\u00a0Boca\u00a0en el triunfo por 2 a 1 frente a Deportivo Pereira\u00a0de Colombia en lo que fue su debut en la\u00a0Copa Libertadores. El juvenil ya hab\u00eda jugado cuatro partidos por la\u00a0Liga Profesional, en la que demostr\u00f3 un gran nivel de juego y\u00a0cubri\u00f3 muy bien el puesto del<a class=\"read-more\" href=\"https:\/\/elfederalmendoza.com.ar\/index.php\/2023\/04\/19\/quien-es-valentin-barco-el-pibe-que-salvo-a-boca-del-desastre\/\"> [&hellip;]<\/a><\/p>\n","protected":false},"author":2,"featured_media":22116,"comment_status":"open","ping_status":"open","sticky":false,"template":"","format":"standard","meta":{"footnotes":""},"categories":[5620],"tags":[],"class_list":["post-22112","post","type-post","status-publish","format-standard","has-post-thumbnail","hentry","category-deportes"],"rttpg_featured_image_url":{"full":["https:\/\/elfederalmendoza.com.ar\/wp-content\/uploads\/2023\/04\/BARCO.jpg",888,480,false],"landscape":["https:\/\/elfederalmendoza.com.ar\/wp-content\/uploads\/2023\/04\/BARCO.jpg",888,480,false],"portraits":["https:\/\/elfederalmendoza.com.ar\/wp-content\/uploads\/2023\/04\/BARCO.jpg",888,480,false],"thumbnail":["https:\/\/elfederalmendoza.com.ar\/wp-content\/uploads\/2023\/04\/BARCO-150x150.jpg",150,150,true],"medium":["https:\/\/elfederalmendoza.com.ar\/wp-content\/uploads\/2023\/04\/BARCO-300x162.jpg",300,162,true],"large":["https:\/\/elfederalmendoza.com.ar\/wp-content\/uploads\/2023\/04\/BARCO.jpg",640,346,false],"1536x1536":["https:\/\/elfederalmendoza.com.ar\/wp-content\/uploads\/2023\/04\/BARCO.jpg",888,480,false],"2048x2048":["https:\/\/elfederalmendoza.com.ar\/wp-content\/uploads\/2023\/04\/BARCO.jpg",888,480,false],"ultp_layout_landscape_large":["https:\/\/elfederalmendoza.com.ar\/wp-content\/uploads\/2023\/04\/BARCO.jpg",888,480,false],"ultp_layout_landscape":["https:\/\/elfederalmendoza.com.ar\/wp-content\/uploads\/2023\/04\/BARCO-870x480.jpg",870,480,true],"ultp_layout_portrait":["https:\/\/elfederalmendoza.com.ar\/wp-content\/uploads\/2023\/04\/BARCO-600x480.jpg",600,480,true],"ultp_layout_square":["https:\/\/elfederalmendoza.com.ar\/wp-content\/uploads\/2023\/04\/BARCO-600x480.jpg",600,480,true],"rpwe-thumbnail":["https:\/\/elfederalmendoza.com.ar\/wp-content\/uploads\/2023\/04\/BARCO-45x45.jpg",45,45,true],"advps-thumb-one":["https:\/\/elfederalmendoza.com.ar\/wp-content\/uploads\/2023\/04\/BARCO-888x420.jpg",888,420,true]},"rttpg_author":{"display_name":"Redacci\u00f3n El Federal","author_link":"https:\/\/elfederalmendoza.com.ar\/index.php\/author\/angelflores\/"},"rttpg_comment":0,"rttpg_category":"<a href=\"https:\/\/elfederalmendoza.com.ar\/index.php\/category\/deportes\/\" rel=\"category tag\">Deportes<\/a>","rttpg_excerpt":"El lateral izquierda de 18 a\u00f1os\u00a0Valent\u00edn Barco\u00a0fue la figura de\u00a0Boca\u00a0en el triunfo por 2 a 1 frente a Deportivo Pereira\u00a0de Colombia en lo que fue su debut en la\u00a0Copa Libertadores. El juvenil ya hab\u00eda jugado cuatro partidos por la\u00a0Liga Profesional, en la que demostr\u00f3 un gran nivel de juego y\u00a0cubri\u00f3 muy bien el puesto del&hellip;","_links":{"self":[{"href":"https:\/\/elfederalmendoza.com.ar\/index.php\/wp-json\/wp\/v2\/posts\/22112","targetHints":{"allow":["GET"]}}],"collection":[{"href":"https:\/\/elfederalmendoza.com.ar\/index.php\/wp-json\/wp\/v2\/posts"}],"about":[{"href":"https:\/\/elfederalmendoza.com.ar\/index.php\/wp-json\/wp\/v2\/types\/post"}],"author":[{"embeddable":true,"href":"https:\/\/elfederalmendoza.com.ar\/index.php\/wp-json\/wp\/v2\/users\/2"}],"replies":[{"embeddable":true,"href":"https:\/\/elfederalmendoza.com.ar\/index.php\/wp-json\/wp\/v2\/comments?post=22112"}],"version-history":[{"count":1,"href":"https:\/\/elfederalmendoza.com.ar\/index.php\/wp-json\/wp\/v2\/posts\/22112\/revisions"}],"predecessor-version":[{"id":22117,"href":"https:\/\/elfederalmendoza.com.ar\/index.php\/wp-json\/wp\/v2\/posts\/22112\/revisions\/22117"}],"wp:featuredmedia":[{"embeddable":true,"href":"https:\/\/elfederalmendoza.com.ar\/index.php\/wp-json\/wp\/v2\/media\/22116"}],"wp:attachment":[{"href":"https:\/\/elfederalmendoza.com.ar\/index.php\/wp-json\/wp\/v2\/media?parent=22112"}],"wp:term":[{"taxonomy":"category","embeddable":true,"href":"https:\/\/elfederalmendoza.com.ar\/index.php\/wp-json\/wp\/v2\/categories?post=22112"},{"taxonomy":"post_tag","embeddable":true,"href":"https:\/\/elfederalmendoza.com.ar\/index.php\/wp-json\/wp\/v2\/tags?post=22112"}],"curies":[{"name":"wp","href":"https:\/\/api.w.org\/{rel}","templated":true}]}}