{"id":22115,"date":"2023-04-19T09:04:26","date_gmt":"2023-04-19T12:04:26","guid":{"rendered":"https:\/\/elfederalmendoza.com\/?p=22115"},"modified":"2023-04-19T09:04:29","modified_gmt":"2023-04-19T12:04:29","slug":"buscan-a-un-hombre-que-suele-defecar-los-martes-y-jueves-en-la-puerta-de-un-edificio-del-centro-de-la-ciudad-de-mendoza","status":"publish","type":"post","link":"https:\/\/elfederalmendoza.com.ar\/index.php\/2023\/04\/19\/buscan-a-un-hombre-que-suele-defecar-los-martes-y-jueves-en-la-puerta-de-un-edificio-del-centro-de-la-ciudad-de-mendoza\/","title":{"rendered":"Buscan a un hombre que suele defecar los martes y jueves en la puerta de un edificio del centro de la Ciudad de Mendoza"},"content":{"rendered":"\n<p>La intensa b\u00fasqueda de un hombre apodado<strong>\u00a0\u201cEl Loco\u201d\u00a0<\/strong>es noticia en los \u00faltimos dos meses en\u00a0<strong>Capital\u00a0<\/strong>ya que seg\u00fan las denuncias registradas por las autoridades defeca en un edificio en la\u00a0<strong>esquina de Col\u00f3n y Per\u00fa<\/strong>, espec\u00edficamente en el conglomerado que\u00a0<strong>alberga las oficinas de t\u00edtulos y estudios la\u00a0Direcci\u00f3n General de Escuelas.\u00a0<\/strong><\/p>\n\n\n\n<p><mark><strong>Las c\u00e1maras de seguridad captaron el momento en que \u00abEl Loco\u00bb concreta su deplorable conducta. Esto suele darse los martes y jueves.<\/strong><\/mark><\/p>\n\n\n\n<p>A pesar de que la polic\u00eda estuvo en alerta no se logr\u00f3 a\u00fan encontrar a este singular personaje. Por esa raz\u00f3n las autoridades solicitan la ayuda de la poblaci\u00f3n para identificar a esta persona y proporcionar cualquier informaci\u00f3n \u00fatil para localizarlo.<\/p>\n\n\n\n<p><mark><strong>La situaci\u00f3n es a\u00fan m\u00e1s preocupante ya que este comportamiento va en contra del&nbsp;<\/strong><\/mark><a href=\"https:\/\/www.mendoza.gov.ar\/gobierno\/codigo-contravencional-de-mendoza-2\/\"><mark><strong>C\u00f3digo de Contravenciones&nbsp;<\/strong><\/mark><\/a><mark><strong>que establece que esta conducta no se puede realizar en la v\u00eda p\u00fablica. Adem\u00e1s, el edificio donde ocurre esto alberga una instituci\u00f3n gubernamental importante, por lo que es todav\u00eda m\u00e1s reprobable.<\/strong><\/mark><\/p>\n\n\n\n<p>La zona donde ocurre este comportamiento cuenta con una gran cantidad de caf\u00e9s, lo que plantea preguntas acerca de por qu\u00e9&nbsp;<strong>\u00abEl Loco\u00bb<\/strong>&nbsp;no utiliza sus ba\u00f1os. &nbsp;<\/p>\n\n\n\n<p>Aquellos que cuenten con informaci\u00f3n de esta persana deben comunicarse con la polic\u00eda o los\u00a0<strong>preventores de Capital<\/strong>. \u00a0<\/p>\n\n\n\n<h3 class=\"wp-block-heading\"><strong>La falta contravencional<\/strong><\/h3>\n\n\n\n<p><strong>La provincia de Mendoza<\/strong>&nbsp;cuenta&nbsp;<strong>con la Ley 9.099&nbsp;<\/strong>que establece el&nbsp;<strong>C\u00f3digo de Contravenciones<\/strong>, el cual tiene como objetivo proteger tanto los bienes privados como los p\u00fablicos. En este sentido, el&nbsp;<mark><strong>art\u00edculo 109 del c\u00f3digo establece sanciones para aquellos que manchen, ensucien, fijen carteles, dibujen anuncios o leyendas en paredes, veredas, puertas, ventanas, toldos, cerramientos met\u00e1licos de casas particulares o de comercios, o en autom\u00f3viles estacionados en la v\u00eda p\u00fablica. Siempre y cuando estos actos no constituyan delito, se aplicar\u00e1 una multa que va desde las novecientas (900) U.F. hasta un mil doscientas (1.200) U.F. o un arresto de entre nueve (9) y doce (12) d\u00edas, adem\u00e1s de diez (10) d\u00edas de trabajo comunitario.<\/strong><\/mark><\/p>\n\n\n\n<p>En caso de que estas contravenciones se realicen en escuelas, colegios, universidades o institutos privados, iglesias, templos, clubes, hospitales o efectores sanitarios privados, la sanci\u00f3n se elevar\u00e1 al doble en su m\u00ednimo y m\u00e1ximo. Este art\u00edculo busca proteger el patrimonio de la comunidad y mantener la ciudad limpia y ordenada.<\/p>\n\n\n\n<p>Por otro lado, el art\u00edculo 110 establece sanciones para aquellos que depositen, arrojen o acumulen escombros, residuos o basura de cualquier naturaleza u origen, domiciliarios o no, en lugares privados o p\u00fablicos no habilitados por la autoridad competente. En estos casos, se aplicar\u00e1 una multa que va desde las seiscientas (600) U.F. hasta un mil doscientas (1.200) U.F., un arresto de entre seis (6) y doce (12) d\u00edas, adem\u00e1s de quince (15) d\u00edas de trabajo comunitario.&nbsp;<\/p>\n\n\n\n<p><em>Fuente: Diario Mendoza<\/em><a href=\"https:\/\/www.diariomendoza.com.ar\/sociedad\/otro-ataque-perros-peligrosos-nino-sufrio-graves-heridas-esta-terapia-intensiva-n47577\"><\/a><\/p>\n\n\n\n<p><a href=\"https:\/\/www.diariomendoza.com.ar\/sociedad\/fito-paez-celebro-tres-decadas-el-amor-despues-amor-una-cena-chachingo-n47584\"><\/a><\/p>\n","protected":false},"excerpt":{"rendered":"<p>La intensa b\u00fasqueda de un hombre apodado\u00a0\u201cEl Loco\u201d\u00a0es noticia en los \u00faltimos dos meses en\u00a0Capital\u00a0ya que seg\u00fan las denuncias registradas por las autoridades defeca en un edificio en la\u00a0esquina de Col\u00f3n y Per\u00fa, espec\u00edficamente en el conglomerado que\u00a0alberga las oficinas de t\u00edtulos y estudios la\u00a0Direcci\u00f3n General de Escuelas.\u00a0 Las c\u00e1maras de seguridad captaron el momento<a class=\"read-more\" href=\"https:\/\/elfederalmendoza.com.ar\/index.php\/2023\/04\/19\/buscan-a-un-hombre-que-suele-defecar-los-martes-y-jueves-en-la-puerta-de-un-edificio-del-centro-de-la-ciudad-de-mendoza\/\"> [&hellip;]<\/a><\/p>\n","protected":false},"author":2,"featured_media":22118,"comment_status":"open","ping_status":"open","sticky":false,"template":"","format":"standard","meta":{"footnotes":""},"categories":[1],"tags":[],"class_list":["post-22115","post","type-post","status-publish","format-standard","has-post-thumbnail","hentry","category-mza"],"rttpg_featured_image_url":{"full":["https:\/\/elfederalmendoza.com.ar\/wp-content\/uploads\/2023\/04\/643ef1d605bb2__700x430.webp",700,430,false],"landscape":["https:\/\/elfederalmendoza.com.ar\/wp-content\/uploads\/2023\/04\/643ef1d605bb2__700x430.webp",700,430,false],"portraits":["https:\/\/elfederalmendoza.com.ar\/wp-content\/uploads\/2023\/04\/643ef1d605bb2__700x430.webp",700,430,false],"thumbnail":["https:\/\/elfederalmendoza.com.ar\/wp-content\/uploads\/2023\/04\/643ef1d605bb2__700x430-150x150.webp",150,150,true],"medium":["https:\/\/elfederalmendoza.com.ar\/wp-content\/uploads\/2023\/04\/643ef1d605bb2__700x430-300x184.webp",300,184,true],"large":["https:\/\/elfederalmendoza.com.ar\/wp-content\/uploads\/2023\/04\/643ef1d605bb2__700x430.webp",640,393,false],"1536x1536":["https:\/\/elfederalmendoza.com.ar\/wp-content\/uploads\/2023\/04\/643ef1d605bb2__700x430.webp",700,430,false],"2048x2048":["https:\/\/elfederalmendoza.com.ar\/wp-content\/uploads\/2023\/04\/643ef1d605bb2__700x430.webp",700,430,false],"ultp_layout_landscape_large":["https:\/\/elfederalmendoza.com.ar\/wp-content\/uploads\/2023\/04\/643ef1d605bb2__700x430.webp",700,430,false],"ultp_layout_landscape":["https:\/\/elfederalmendoza.com.ar\/wp-content\/uploads\/2023\/04\/643ef1d605bb2__700x430.webp",700,430,false],"ultp_layout_portrait":["https:\/\/elfederalmendoza.com.ar\/wp-content\/uploads\/2023\/04\/643ef1d605bb2__700x430-600x430.webp",600,430,true],"ultp_layout_square":["https:\/\/elfederalmendoza.com.ar\/wp-content\/uploads\/2023\/04\/643ef1d605bb2__700x430-600x430.webp",600,430,true],"rpwe-thumbnail":["https:\/\/elfederalmendoza.com.ar\/wp-content\/uploads\/2023\/04\/643ef1d605bb2__700x430-45x45.webp",45,45,true],"advps-thumb-one":["https:\/\/elfederalmendoza.com.ar\/wp-content\/uploads\/2023\/04\/643ef1d605bb2__700x430-700x420.webp",700,420,true]},"rttpg_author":{"display_name":"Redacci\u00f3n El Federal","author_link":"https:\/\/elfederalmendoza.com.ar\/index.php\/author\/angelflores\/"},"rttpg_comment":0,"rttpg_category":"<a href=\"https:\/\/elfederalmendoza.com.ar\/index.php\/category\/mza\/\" rel=\"category tag\">Mendoza<\/a>","rttpg_excerpt":"La intensa b\u00fasqueda de un hombre apodado\u00a0\u201cEl Loco\u201d\u00a0es noticia en los \u00faltimos dos meses en\u00a0Capital\u00a0ya que seg\u00fan las denuncias registradas por las autoridades defeca en un edificio en la\u00a0esquina de Col\u00f3n y Per\u00fa, espec\u00edficamente en el conglomerado que\u00a0alberga las oficinas de t\u00edtulos y estudios la\u00a0Direcci\u00f3n General de Escuelas.\u00a0 Las c\u00e1maras de seguridad captaron el momento&hellip;","_links":{"self":[{"href":"https:\/\/elfederalmendoza.com.ar\/index.php\/wp-json\/wp\/v2\/posts\/22115","targetHints":{"allow":["GET"]}}],"collection":[{"href":"https:\/\/elfederalmendoza.com.ar\/index.php\/wp-json\/wp\/v2\/posts"}],"about":[{"href":"https:\/\/elfederalmendoza.com.ar\/index.php\/wp-json\/wp\/v2\/types\/post"}],"author":[{"embeddable":true,"href":"https:\/\/elfederalmendoza.com.ar\/index.php\/wp-json\/wp\/v2\/users\/2"}],"replies":[{"embeddable":true,"href":"https:\/\/elfederalmendoza.com.ar\/index.php\/wp-json\/wp\/v2\/comments?post=22115"}],"version-history":[{"count":1,"href":"https:\/\/elfederalmendoza.com.ar\/index.php\/wp-json\/wp\/v2\/posts\/22115\/revisions"}],"predecessor-version":[{"id":22119,"href":"https:\/\/elfederalmendoza.com.ar\/index.php\/wp-json\/wp\/v2\/posts\/22115\/revisions\/22119"}],"wp:featuredmedia":[{"embeddable":true,"href":"https:\/\/elfederalmendoza.com.ar\/index.php\/wp-json\/wp\/v2\/media\/22118"}],"wp:attachment":[{"href":"https:\/\/elfederalmendoza.com.ar\/index.php\/wp-json\/wp\/v2\/media?parent=22115"}],"wp:term":[{"taxonomy":"category","embeddable":true,"href":"https:\/\/elfederalmendoza.com.ar\/index.php\/wp-json\/wp\/v2\/categories?post=22115"},{"taxonomy":"post_tag","embeddable":true,"href":"https:\/\/elfederalmendoza.com.ar\/index.php\/wp-json\/wp\/v2\/tags?post=22115"}],"curies":[{"name":"wp","href":"https:\/\/api.w.org\/{rel}","templated":true}]}}