{"id":22120,"date":"2023-04-19T10:54:37","date_gmt":"2023-04-19T13:54:37","guid":{"rendered":"https:\/\/elfederalmendoza.com\/?p=22120"},"modified":"2023-04-19T10:54:38","modified_gmt":"2023-04-19T13:54:38","slug":"hablo-la-hija-de-la-mujer-que-murio-de-un-infarto-tras-el-asalto-en-guaymallen-mataron-a-mi-mama-por-miserables-30-mil-pesos","status":"publish","type":"post","link":"https:\/\/elfederalmendoza.com.ar\/index.php\/2023\/04\/19\/hablo-la-hija-de-la-mujer-que-murio-de-un-infarto-tras-el-asalto-en-guaymallen-mataron-a-mi-mama-por-miserables-30-mil-pesos\/","title":{"rendered":"Habl\u00f3 la hija de la mujer que muri\u00f3 de un infarto tras el asalto en Guaymall\u00e9n: \u00abMataron a mi mam\u00e1 por miserables 30 mil pesos\u00bb"},"content":{"rendered":"\n<p>Una mezcla de indignaci\u00f3n,\u00a0<strong>dolor y preocupaci\u00f3n fue la que expres\u00f3 este martes la hija de\u00a0Mar\u00eda del Carmen Costabile, la mujer que muri\u00f3 de un infarto<\/strong>\u00a0provocado por la impresi\u00f3n que le caus\u00f3 ver a su hijo golpeado y maniatado tras un robo en su casa de Dorrego, en Guaymall\u00e9n.<\/p>\n\n\n\n<p>El hecho ocurri\u00f3 en la esquina de las calles Santa Rosa y Alta Gracia, del barrio San Cayetano -ex Alimentaci\u00f3n-. Mientras a\u00fan estaba trabajando el personal de la Polic\u00eda Cient\u00edfica en el domicilio donde muri\u00f3 la mujer de 78 a\u00f1os, cerca de las 16.30, lleg\u00f3 la hija,\u00a0<strong>M\u00f3nica Cabrero, con la angustia natural por el doloroso deceso.<\/strong><\/p>\n\n\n\n<p>All\u00ed fue contenida por un peque\u00f1o grupo de vecinas. Ella vive a dos cuadras de su madre y&nbsp;<strong>amargamente se quej\u00f3 de la inseguridad en Mendoza y habl\u00f3 sobre el<\/strong>&nbsp;<strong>asalto violento<\/strong>&nbsp;que deriv\u00f3 en la muerte de su mam\u00e1. \u00ab\u00a1Esta es la inseguridad que vivimos todos los d\u00edas!\u00bb, dijo M\u00f3nica.<\/p>\n\n\n\n<p>Luego agreg\u00f3:\u00a0<strong>\u00abMataron a mi mam\u00e1 por miserables 30 mil pesos, es todo lo que hab\u00eda en la casa\u00bb<\/strong>. Acompa\u00f1ada por la vecinas de su madre, M\u00f3nica indic\u00f3 que lo de su madre era un \u00abasesinato\u00bb, ya que la impresi\u00f3n y sorpresa que le caus\u00f3\u00a0<strong>ver a su hijo atado y golpeado fue demasiado para su coraz\u00f3n.<\/strong><\/p>\n\n\n\n<figure class=\"wp-block-image\"><img decoding=\"async\" src=\"https:\/\/media.diariouno.com.ar\/p\/2fe073f646e73c52478a25831b913478\/adjuntos\/298\/imagenes\/009\/144\/0009144370\/1200x0\/smart\/dorrego-casa-senora-muerta-asalto-dorregojpg.jpg\" alt=\"Debido a la muerte de la mujer de 78 a\u00f1os por un infarto provocado por el robo, la casa tuvo un cerco de seguridad para que trabajara la Polic\u00eda Cient\u00edfica.\"\/><\/figure>\n\n\n\n<p>Debido a la muerte de la mujer de 78 a\u00f1os por un infarto provocado por el robo, la casa tuvo un cerco de seguridad para que trabajara la Polic\u00eda Cient\u00edfica.<\/p>\n\n\n\n<h2 class=\"wp-block-heading\">El relato de una muerte triste y absurda en Guaymall\u00e9n<\/h2>\n\n\n\n<p>\u00abElla&nbsp;<strong>estaba mal del coraz\u00f3n<\/strong>, pero viv\u00eda tranquila y no ten\u00eda problemas.&nbsp;<strong>Estaba metida en su mundo, con sus plantitas y no conceb\u00eda tanta violencia<\/strong>. Siempre la retaba porque habitualmente estaba confiada afuera, regando el jard\u00edn y con la puerta abierta, y&nbsp;<strong>ac\u00e1 es impresionante la cantidad de asaltos que hay<\/strong>\u00ab, destall\u00f3 M\u00f3nica sobre Mar\u00eda del Carmen, quien viv\u00eda con su hijo, el agredido durante el robo.<\/p>\n\n\n\n<p>\u00abPrecisamente esta ma\u00f1ana (por este martes) reg\u00f3 las plantas y se fue a comprar. Parece que se han metido por el fondo y lo encontraron a mi hermano, que trabaja en seguridad en la noche, y estaba durmiendo. Le taparon la cabeza y&nbsp;<strong>le pusieron un cable en el cuello y lo ahorcaban<\/strong>&nbsp;<strong>para que dijera d\u00f3nde hab\u00eda plata<\/strong>. Lo golpearon mucho y revolvieron por toda la casa antes de&nbsp;<strong>irse con unos miserables 30 mil pesos<\/strong>\u00ab, relat\u00f3 M\u00f3nica sobre este nuevo hecho de<strong>&nbsp;inseguridad en Mendoza<\/strong>.<\/p>\n\n\n\n<h2 class=\"wp-block-heading\">Las vecinas denunciaron que hay inseguridad desde hace a\u00f1os en Dorrego<\/h2>\n\n\n\n<p>En consonancia con sus vecinas,&nbsp;<strong>Cabrero se\u00f1al\u00f3 que la zona es muy insegura desde hace varios a\u00f1os<\/strong>. \u00abEn la esquina de enfrente hace dos a\u00f1os que se metieron ah\u00ed y los torturaron. Les agarraron los dedos con una tijera y amenazaban con cort\u00e1rselos. Hasta desarmaron los almohadones buscando plata y luego usaron las fundas para cargar cosas. \u00a1Hasta la mochila de la escuela de la nena y el auto se levaron!\u00bb, enfatizaron las mujeres.<\/p>\n\n\n\n<p>\u00abLe<strong>&nbsp;imploramos a las autoridades que nos brinden m\u00e1s seguridad<\/strong>. En la esquina (Santa Rosa y Villa Mercedes) hay una parada de micros y todos los d\u00edas atacan agresivamente y&nbsp;<strong>amenazan con armas a la gente para sacarles el celular o una cartera<\/strong>\u00ab, indic\u00f3 una de las vecinas m\u00e1s j\u00f3venes y que conoc\u00eda bien a la fallecida.<\/p>\n\n\n\n<p>\u00abA mi me robaron en mi casa, ac\u00e1 a dos cuadras. En el 2013, me arrastraron unos tipos en una moto porque no pod\u00edan sacarme la cartera, pero nunca imagin\u00e9 que estos robos le fueran a costar la vida a alguien de mi familia.&nbsp;<strong>Es muy grande el dolor, mi mam\u00e1 era una mujer muy buena y querida por todos<\/strong>\u00ab, concluy\u00f3 una muy conmocionada M\u00f3nica Cabrero, mientras iban apareciendo vecinos a darles muestras de apoyo y condolencias.<\/p>\n","protected":false},"excerpt":{"rendered":"<p>Una mezcla de indignaci\u00f3n,\u00a0dolor y preocupaci\u00f3n fue la que expres\u00f3 este martes la hija de\u00a0Mar\u00eda del Carmen Costabile, la mujer que muri\u00f3 de un infarto\u00a0provocado por la impresi\u00f3n que le caus\u00f3 ver a su hijo golpeado y maniatado tras un robo en su casa de Dorrego, en Guaymall\u00e9n. El hecho ocurri\u00f3 en la esquina de<a class=\"read-more\" href=\"https:\/\/elfederalmendoza.com.ar\/index.php\/2023\/04\/19\/hablo-la-hija-de-la-mujer-que-murio-de-un-infarto-tras-el-asalto-en-guaymallen-mataron-a-mi-mama-por-miserables-30-mil-pesos\/\"> [&hellip;]<\/a><\/p>\n","protected":false},"author":2,"featured_media":22121,"comment_status":"open","ping_status":"open","sticky":false,"template":"","format":"standard","meta":{"footnotes":""},"categories":[1],"tags":[],"class_list":["post-22120","post","type-post","status-publish","format-standard","has-post-thumbnail","hentry","category-mza"],"rttpg_featured_image_url":{"full":["https:\/\/elfederalmendoza.com.ar\/wp-content\/uploads\/2023\/04\/vecinos-guaymallen2.jpg",1100,569,false],"landscape":["https:\/\/elfederalmendoza.com.ar\/wp-content\/uploads\/2023\/04\/vecinos-guaymallen2.jpg",1100,569,false],"portraits":["https:\/\/elfederalmendoza.com.ar\/wp-content\/uploads\/2023\/04\/vecinos-guaymallen2.jpg",1100,569,false],"thumbnail":["https:\/\/elfederalmendoza.com.ar\/wp-content\/uploads\/2023\/04\/vecinos-guaymallen2-150x150.jpg",150,150,true],"medium":["https:\/\/elfederalmendoza.com.ar\/wp-content\/uploads\/2023\/04\/vecinos-guaymallen2-300x155.jpg",300,155,true],"large":["https:\/\/elfederalmendoza.com.ar\/wp-content\/uploads\/2023\/04\/vecinos-guaymallen2-1024x530.jpg",640,331,true],"1536x1536":["https:\/\/elfederalmendoza.com.ar\/wp-content\/uploads\/2023\/04\/vecinos-guaymallen2.jpg",1100,569,false],"2048x2048":["https:\/\/elfederalmendoza.com.ar\/wp-content\/uploads\/2023\/04\/vecinos-guaymallen2.jpg",1100,569,false],"ultp_layout_landscape_large":["https:\/\/elfederalmendoza.com.ar\/wp-content\/uploads\/2023\/04\/vecinos-guaymallen2.jpg",1100,569,false],"ultp_layout_landscape":["https:\/\/elfederalmendoza.com.ar\/wp-content\/uploads\/2023\/04\/vecinos-guaymallen2-870x569.jpg",870,569,true],"ultp_layout_portrait":["https:\/\/elfederalmendoza.com.ar\/wp-content\/uploads\/2023\/04\/vecinos-guaymallen2-600x569.jpg",600,569,true],"ultp_layout_square":["https:\/\/elfederalmendoza.com.ar\/wp-content\/uploads\/2023\/04\/vecinos-guaymallen2-600x569.jpg",600,569,true],"rpwe-thumbnail":["https:\/\/elfederalmendoza.com.ar\/wp-content\/uploads\/2023\/04\/vecinos-guaymallen2-45x45.jpg",45,45,true],"advps-thumb-one":["https:\/\/elfederalmendoza.com.ar\/wp-content\/uploads\/2023\/04\/vecinos-guaymallen2-1100x420.jpg",1100,420,true]},"rttpg_author":{"display_name":"Redacci\u00f3n El Federal","author_link":"https:\/\/elfederalmendoza.com.ar\/index.php\/author\/angelflores\/"},"rttpg_comment":0,"rttpg_category":"<a href=\"https:\/\/elfederalmendoza.com.ar\/index.php\/category\/mza\/\" rel=\"category tag\">Mendoza<\/a>","rttpg_excerpt":"Una mezcla de indignaci\u00f3n,\u00a0dolor y preocupaci\u00f3n fue la que expres\u00f3 este martes la hija de\u00a0Mar\u00eda del Carmen Costabile, la mujer que muri\u00f3 de un infarto\u00a0provocado por la impresi\u00f3n que le caus\u00f3 ver a su hijo golpeado y maniatado tras un robo en su casa de Dorrego, en Guaymall\u00e9n. El hecho ocurri\u00f3 en la esquina de&hellip;","_links":{"self":[{"href":"https:\/\/elfederalmendoza.com.ar\/index.php\/wp-json\/wp\/v2\/posts\/22120","targetHints":{"allow":["GET"]}}],"collection":[{"href":"https:\/\/elfederalmendoza.com.ar\/index.php\/wp-json\/wp\/v2\/posts"}],"about":[{"href":"https:\/\/elfederalmendoza.com.ar\/index.php\/wp-json\/wp\/v2\/types\/post"}],"author":[{"embeddable":true,"href":"https:\/\/elfederalmendoza.com.ar\/index.php\/wp-json\/wp\/v2\/users\/2"}],"replies":[{"embeddable":true,"href":"https:\/\/elfederalmendoza.com.ar\/index.php\/wp-json\/wp\/v2\/comments?post=22120"}],"version-history":[{"count":1,"href":"https:\/\/elfederalmendoza.com.ar\/index.php\/wp-json\/wp\/v2\/posts\/22120\/revisions"}],"predecessor-version":[{"id":22122,"href":"https:\/\/elfederalmendoza.com.ar\/index.php\/wp-json\/wp\/v2\/posts\/22120\/revisions\/22122"}],"wp:featuredmedia":[{"embeddable":true,"href":"https:\/\/elfederalmendoza.com.ar\/index.php\/wp-json\/wp\/v2\/media\/22121"}],"wp:attachment":[{"href":"https:\/\/elfederalmendoza.com.ar\/index.php\/wp-json\/wp\/v2\/media?parent=22120"}],"wp:term":[{"taxonomy":"category","embeddable":true,"href":"https:\/\/elfederalmendoza.com.ar\/index.php\/wp-json\/wp\/v2\/categories?post=22120"},{"taxonomy":"post_tag","embeddable":true,"href":"https:\/\/elfederalmendoza.com.ar\/index.php\/wp-json\/wp\/v2\/tags?post=22120"}],"curies":[{"name":"wp","href":"https:\/\/api.w.org\/{rel}","templated":true}]}}