{"id":22124,"date":"2023-04-19T05:46:00","date_gmt":"2023-04-19T08:46:00","guid":{"rendered":"https:\/\/elfederalmendoza.com\/?p=22124"},"modified":"2023-04-19T11:56:41","modified_gmt":"2023-04-19T14:56:41","slug":"trailer-la-serie-record-de-netflix-de-solo-6-capitulos-y-que-no-te-dejara-moverte-del-sillon","status":"publish","type":"post","link":"https:\/\/elfederalmendoza.com.ar\/index.php\/2023\/04\/19\/trailer-la-serie-record-de-netflix-de-solo-6-capitulos-y-que-no-te-dejara-moverte-del-sillon\/","title":{"rendered":"-TRAILER- La serie r\u00e9cord de Netflix de solo 6 cap\u00edtulos y que no te dejar\u00e1 moverte del sill\u00f3n"},"content":{"rendered":"\n<p>Una de las mejores&nbsp;<strong>series<\/strong>&nbsp;de los \u00faltimos tiempos de&nbsp;<strong><a href=\"https:\/\/www.diariouno.com.ar\/espectaculos\/esta-netflix-tiene-solo-6-capitulos-y-no-te-dejara-mover-sillon-n1081764\" target=\"_blank\" rel=\"noreferrer noopener\">Netflix<\/a><\/strong>, entre la gran variedad de&nbsp;<strong>series y pel\u00edculas<\/strong>, es la&nbsp;<strong>serie Jaguar<\/strong>, que rompi\u00f3 todos los r\u00e9cords.<\/p>\n\n\n\n<p>La&nbsp;<strong>serie<\/strong>&nbsp;espa\u00f1ola de 2021, es dirigida por <strong>Carlos Sedes<\/strong>, cuenta con un reparto de gala, donde sobresale la actriz <strong>Blanca Su\u00e1rez.<\/strong><\/p>\n\n\n\n<p>Elegida por los suscriptores como unas de las preferidas dentro de las producciones de drama y acci\u00f3n, la&nbsp;<strong>serie&nbsp;<\/strong>de&nbsp;<strong>Netflix<\/strong>&nbsp;no te dejar\u00e1 moverte de la pantalla ni un segundo<\/p>\n\n\n\n<p>La exitosa y recomendada<strong>&nbsp;serie<\/strong>&nbsp;de<strong>&nbsp;Netflix<\/strong>, que te dejar\u00e1 sin aliento, cuenta de <strong>s\u00f3lo 6 cap\u00edtulos<\/strong>, de aproximadamente entre 40 y 50 minutos cada uno.<\/p>\n\n\n\n<figure class=\"wp-block-image\"><img decoding=\"async\" src=\"https:\/\/media.diariouno.com.ar\/p\/a0e1b18f8c52be4d93d78d0b5a11d84e\/adjuntos\/298\/imagenes\/009\/143\/0009143827\/1200x0\/smart\/jaguar-netflixjpg.jpg\" alt=\"Jaguar, pel\u00edcula de Netflix, es una de las m\u00e1s vistas de la plataforma.\"\/><\/figure>\n\n\n\n<p>Jaguar, pel\u00edcula de Netflix, es una de las m\u00e1s vistas de la plataforma.<\/p>\n\n\n\n<h2 class=\"wp-block-heading\">Netflix: de qu\u00e9 trata la serie Jaguar<\/h2>\n\n\n\n<p>La&nbsp;<strong>serie<\/strong>&nbsp;<strong>Jaguar<\/strong>, producci\u00f3n imperdible de<strong>&nbsp;Netflix<\/strong>, describe en su sinopsis oficial: \u201cEn los a\u00f1os 60, una sobreviviente del Holocausto se une a un grupo de esp\u00edas autodidactas que busca justicia contra los nazis que se fugaron a Espa\u00f1a tras la guerra\u201d.<\/p>\n\n\n\n<figure class=\"wp-block-image\"><img decoding=\"async\" src=\"https:\/\/media.diariouno.com.ar\/p\/e8238ee975027f0e3f08fc81f91ae1d0\/adjuntos\/298\/imagenes\/009\/143\/0009143828\/1200x0\/smart\/jaguar-netflix1jpg.jpg\" alt=\"La pel\u00edcula de Netflix no te dejar\u00e1 moverte del sill\u00f3n.\"\/><\/figure>\n\n\n\n<p>La pel\u00edcula de Netflix no te dejar\u00e1 moverte del sill\u00f3n.<\/p>\n\n\n\n<p><strong>\u25baTE PUEDE INTERESAR: <a href=\"https:\/\/elfederalmendoza.com\/index.php\/2023\/04\/16\/netflix-el-cirujano-que-elige-como-amante-a-la-novia-de-su-hijo-y-un-dramatico-final\/\">Netflix: El cirujano que elige como amante a la novia de su hijo y un dram\u00e1tico final <\/a><\/strong><\/p>\n\n\n\n<h2 class=\"wp-block-heading\">Reparto de Jaguar, serie de Netflix<\/h2>\n\n\n\n<ul class=\"wp-block-list\">\n<li>Blanca Su\u00e1rez (Isabel Riaza Chac\u00f3n)<\/li>\n\n\n\n<li>Iv\u00e1n Marcos (Lucena)<\/li>\n\n\n\n<li>\u00d3scar Casas (Miguel Castro)<\/li>\n\n\n\n<li>Adri\u00e1n Lastra (Sordo)<\/li>\n\n\n\n<li>Francesc Garrido (Mars\u00e9)<\/li>\n\n\n\n<li>Stefan Weinert (Otto Bachmann)<\/li>\n\n\n\n<li>Jochen Horst (Aribert Heim)<\/li>\n\n\n\n<li>Lorenz Christian K\u00f6hler (Franz Ziereis)<\/li>\n\n\n\n<li>Julia M\u00f6ller (Ilse Bachmann)<\/li>\n\n\n\n<li>Antonio del Olmo (Coronel Aguado)<\/li>\n\n\n\n<li>Alicia Chojnowski (Isabel Garrido)<\/li>\n\n\n\n<li>Pepe Ocio (Manuel Pertegaz)<\/li>\n\n\n\n<li>Lea Woitack (Greta)<\/li>\n\n\n\n<li>Mill\u00e1n de Benito (Javier)<\/li>\n\n\n\n<li>Diego Bergmann (Patrick)<\/li>\n\n\n\n<li>Lamin Ceesay (Greykey)<\/li>\n\n\n\n<li>Sergi M\u00e9ndez (Domingo)<\/li>\n\n\n\n<li>Jochen H\u00e4gele (Gunter)<\/li>\n\n\n\n<li>Jos\u00e9 Navar como Maitre Haus<\/li>\n\n\n\n<li>Rosy Rodr\u00edguez (Gitana)<\/li>\n\n\n\n<li>Trist\u00e1n Ulloa (Riaza)<\/li>\n\n\n\n<li>Mar\u00eda de Medeiros (Ramos)<\/li>\n\n\n\n<li>India Mart\u00ednez (Cantante)<\/li>\n<\/ul>\n\n\n\n<h2 class=\"wp-block-heading\">Tr\u00e1iler de Jaguar, serie de Netflix<\/h2>\n\n\n\n<figure class=\"wp-block-embed is-type-video is-provider-youtube wp-block-embed-youtube wp-embed-aspect-16-9 wp-has-aspect-ratio\"><div class=\"wp-block-embed__wrapper\">\n<iframe loading=\"lazy\" title=\"JAGUAR | Tr\u00e1iler oficial | Netflix Espa\u00f1a\" width=\"640\" height=\"360\" src=\"https:\/\/www.youtube.com\/embed\/y5tQYDTg_j0?feature=oembed\" frameborder=\"0\" allow=\"accelerometer; autoplay; clipboard-write; encrypted-media; gyroscope; picture-in-picture; web-share\" referrerpolicy=\"strict-origin-when-cross-origin\" allowfullscreen><\/iframe>\n<\/div><\/figure>\n","protected":false},"excerpt":{"rendered":"<p>Una de las mejores&nbsp;series&nbsp;de los \u00faltimos tiempos de&nbsp;Netflix, entre la gran variedad de&nbsp;series y pel\u00edculas, es la&nbsp;serie Jaguar, que rompi\u00f3 todos los r\u00e9cords. La&nbsp;serie&nbsp;espa\u00f1ola de 2021, es dirigida por Carlos Sedes, cuenta con un reparto de gala, donde sobresale la actriz Blanca Su\u00e1rez. Elegida por los suscriptores como unas de las preferidas dentro de las<a class=\"read-more\" href=\"https:\/\/elfederalmendoza.com.ar\/index.php\/2023\/04\/19\/trailer-la-serie-record-de-netflix-de-solo-6-capitulos-y-que-no-te-dejara-moverte-del-sillon\/\"> [&hellip;]<\/a><\/p>\n","protected":false},"author":2,"featured_media":22125,"comment_status":"open","ping_status":"open","sticky":false,"template":"","format":"standard","meta":{"footnotes":""},"categories":[5618],"tags":[],"class_list":["post-22124","post","type-post","status-publish","format-standard","has-post-thumbnail","hentry","category-arg"],"rttpg_featured_image_url":{"full":["https:\/\/elfederalmendoza.com.ar\/wp-content\/uploads\/2023\/04\/jaguar1.jpg",1199,671,false],"landscape":["https:\/\/elfederalmendoza.com.ar\/wp-content\/uploads\/2023\/04\/jaguar1.jpg",1199,671,false],"portraits":["https:\/\/elfederalmendoza.com.ar\/wp-content\/uploads\/2023\/04\/jaguar1.jpg",1199,671,false],"thumbnail":["https:\/\/elfederalmendoza.com.ar\/wp-content\/uploads\/2023\/04\/jaguar1-150x150.jpg",150,150,true],"medium":["https:\/\/elfederalmendoza.com.ar\/wp-content\/uploads\/2023\/04\/jaguar1-300x168.jpg",300,168,true],"large":["https:\/\/elfederalmendoza.com.ar\/wp-content\/uploads\/2023\/04\/jaguar1-1024x573.jpg",640,358,true],"1536x1536":["https:\/\/elfederalmendoza.com.ar\/wp-content\/uploads\/2023\/04\/jaguar1.jpg",1199,671,false],"2048x2048":["https:\/\/elfederalmendoza.com.ar\/wp-content\/uploads\/2023\/04\/jaguar1.jpg",1199,671,false],"ultp_layout_landscape_large":["https:\/\/elfederalmendoza.com.ar\/wp-content\/uploads\/2023\/04\/jaguar1.jpg",1199,671,false],"ultp_layout_landscape":["https:\/\/elfederalmendoza.com.ar\/wp-content\/uploads\/2023\/04\/jaguar1-870x570.jpg",870,570,true],"ultp_layout_portrait":["https:\/\/elfederalmendoza.com.ar\/wp-content\/uploads\/2023\/04\/jaguar1-600x671.jpg",600,671,true],"ultp_layout_square":["https:\/\/elfederalmendoza.com.ar\/wp-content\/uploads\/2023\/04\/jaguar1-600x600.jpg",600,600,true],"rpwe-thumbnail":["https:\/\/elfederalmendoza.com.ar\/wp-content\/uploads\/2023\/04\/jaguar1-45x45.jpg",45,45,true],"advps-thumb-one":["https:\/\/elfederalmendoza.com.ar\/wp-content\/uploads\/2023\/04\/jaguar1-1199x420.jpg",1199,420,true]},"rttpg_author":{"display_name":"Redacci\u00f3n El Federal","author_link":"https:\/\/elfederalmendoza.com.ar\/index.php\/author\/angelflores\/"},"rttpg_comment":0,"rttpg_category":"<a href=\"https:\/\/elfederalmendoza.com.ar\/index.php\/category\/arg\/\" rel=\"category tag\">Argentina<\/a>","rttpg_excerpt":"Una de las mejores&nbsp;series&nbsp;de los \u00faltimos tiempos de&nbsp;Netflix, entre la gran variedad de&nbsp;series y pel\u00edculas, es la&nbsp;serie Jaguar, que rompi\u00f3 todos los r\u00e9cords. La&nbsp;serie&nbsp;espa\u00f1ola de 2021, es dirigida por Carlos Sedes, cuenta con un reparto de gala, donde sobresale la actriz Blanca Su\u00e1rez. Elegida por los suscriptores como unas de las preferidas dentro de las&hellip;","_links":{"self":[{"href":"https:\/\/elfederalmendoza.com.ar\/index.php\/wp-json\/wp\/v2\/posts\/22124","targetHints":{"allow":["GET"]}}],"collection":[{"href":"https:\/\/elfederalmendoza.com.ar\/index.php\/wp-json\/wp\/v2\/posts"}],"about":[{"href":"https:\/\/elfederalmendoza.com.ar\/index.php\/wp-json\/wp\/v2\/types\/post"}],"author":[{"embeddable":true,"href":"https:\/\/elfederalmendoza.com.ar\/index.php\/wp-json\/wp\/v2\/users\/2"}],"replies":[{"embeddable":true,"href":"https:\/\/elfederalmendoza.com.ar\/index.php\/wp-json\/wp\/v2\/comments?post=22124"}],"version-history":[{"count":2,"href":"https:\/\/elfederalmendoza.com.ar\/index.php\/wp-json\/wp\/v2\/posts\/22124\/revisions"}],"predecessor-version":[{"id":22127,"href":"https:\/\/elfederalmendoza.com.ar\/index.php\/wp-json\/wp\/v2\/posts\/22124\/revisions\/22127"}],"wp:featuredmedia":[{"embeddable":true,"href":"https:\/\/elfederalmendoza.com.ar\/index.php\/wp-json\/wp\/v2\/media\/22125"}],"wp:attachment":[{"href":"https:\/\/elfederalmendoza.com.ar\/index.php\/wp-json\/wp\/v2\/media?parent=22124"}],"wp:term":[{"taxonomy":"category","embeddable":true,"href":"https:\/\/elfederalmendoza.com.ar\/index.php\/wp-json\/wp\/v2\/categories?post=22124"},{"taxonomy":"post_tag","embeddable":true,"href":"https:\/\/elfederalmendoza.com.ar\/index.php\/wp-json\/wp\/v2\/tags?post=22124"}],"curies":[{"name":"wp","href":"https:\/\/api.w.org\/{rel}","templated":true}]}}