{"id":22128,"date":"2023-04-19T19:07:15","date_gmt":"2023-04-19T22:07:15","guid":{"rendered":"https:\/\/elfederalmendoza.com\/?p=22128"},"modified":"2023-04-19T19:07:16","modified_gmt":"2023-04-19T22:07:16","slug":"se-supo-el-gran-movimiento-de-policias-que-hubo-en-pleno-centro-de-mendoza","status":"publish","type":"post","link":"https:\/\/elfederalmendoza.com.ar\/index.php\/2023\/04\/19\/se-supo-el-gran-movimiento-de-policias-que-hubo-en-pleno-centro-de-mendoza\/","title":{"rendered":"Se supo el gran movimiento de polic\u00edas que hubo en pleno centro de Mendoza"},"content":{"rendered":"\n<p>Pasado el mediod\u00eda de este mi\u00e9rcoles, alrededor de 80 efectivos de la Polic\u00eda Contra el Narcotr\u00e1fico (PCN) concretaron 19 allanamientos en pleno centro mendocino. La medida se relaciona con el caso que involucra al excomisario de la Polic\u00eda Federal de Mendoza, Dino Rossignoli por recibir supuestamente coimas para la venta ilegal de monedas extranjeras.<\/p>\n\n\n\n<p>Se produjeron\u00a0<strong>19 allanamientos en pleno centro de Mendoza<\/strong>, sorprendiendo a los transe\u00fantes\u00a0y los operativos tuvieron como uno de sus principales escenarios a la\u00a0<strong>Galer\u00eda Tonsa<\/strong>, uno de los sitios m\u00e1s conocidos para el\u00a0<strong>cambio -ilegal- de d\u00f3lares<\/strong>\u00a0en la Ciudad.\u00a0<\/p>\n\n\n\n<figure class=\"wp-block-image size-full\"><img loading=\"lazy\" decoding=\"async\" width=\"894\" height=\"645\" src=\"https:\/\/elfederalmendoza.com\/wp-content\/uploads\/2023\/04\/tonsa.jpg\" alt=\"\" class=\"wp-image-22129\" srcset=\"https:\/\/elfederalmendoza.com.ar\/wp-content\/uploads\/2023\/04\/tonsa.jpg 894w, https:\/\/elfederalmendoza.com.ar\/wp-content\/uploads\/2023\/04\/tonsa-300x216.jpg 300w, https:\/\/elfederalmendoza.com.ar\/wp-content\/uploads\/2023\/04\/tonsa-768x554.jpg 768w\" sizes=\"auto, (max-width: 894px) 100vw, 894px\" \/><\/figure>\n\n\n\n<p>Por las caracter\u00edsticas de la operaci\u00f3n, se convoc\u00f3 a la\u00a0<strong>Polic\u00eda Contra el Narcotr\u00e1fico (PCN)<\/strong>\u00a0para que llevara adelante las medidas. Se sum\u00f3\u00a0<strong>personal de AFIP<\/strong>\u00a0y algunos investigadores de civil.<\/p>\n\n\n\n<p>Y gran parte del accionar policial se concentr\u00f3 sobre la Galer\u00eda Tonsa, aunque&nbsp;<strong>hubo un movimiento similar en la Galer\u00eda Caracol y las calles 25 de Mayo, Espejo y Catamarca<\/strong>.<\/p>\n\n\n\n<p>Como se ve en el siguiente\u00a0<strong>video<\/strong>, hasta hab\u00eda un cami\u00f3n de\u00a0<strong>Infanter\u00eda<\/strong>\u00a0apostado en las inmediaciones.<\/p>\n\n\n\n<figure class=\"wp-block-image size-full\"><img loading=\"lazy\" decoding=\"async\" width=\"973\" height=\"635\" src=\"https:\/\/elfederalmendoza.com\/wp-content\/uploads\/2023\/04\/tonsa1.jpg\" alt=\"\" class=\"wp-image-22130\" srcset=\"https:\/\/elfederalmendoza.com.ar\/wp-content\/uploads\/2023\/04\/tonsa1.jpg 973w, https:\/\/elfederalmendoza.com.ar\/wp-content\/uploads\/2023\/04\/tonsa1-300x196.jpg 300w, https:\/\/elfederalmendoza.com.ar\/wp-content\/uploads\/2023\/04\/tonsa1-768x501.jpg 768w\" sizes=\"auto, (max-width: 973px) 100vw, 973px\" \/><\/figure>\n\n\n\n<h2 class=\"wp-block-heading\">M\u00e1s all\u00e1 del exjefe de la Federal<\/h2>\n\n\n\n<p>La causa tambi\u00e9n se relaciona con la<strong>&nbsp;cadena de falsas joyer\u00edas Stefano Cannella<\/strong>, que aparentemente era una \u00abtapadera\u00bb para el negocio real de la presunta banda: la<strong>&nbsp;venta ilegal de divisas<\/strong>.<\/p>\n\n\n\n<p>Para evitar sanciones, estas cuevas de venta de d\u00f3lares&nbsp;<strong>habr\u00edan pagado coimas al jefe policial<\/strong>, asegur\u00e1ndose la impunidad.<\/p>\n\n\n\n<figure class=\"wp-block-image\"><img decoding=\"async\" src=\"https:\/\/media.diariouno.com.ar\/p\/8119bd8eb4db1a5950d9ffa2b09c5310\/adjuntos\/298\/imagenes\/009\/018\/0009018024\/1200x0\/smart\/la-rosa-cannella-editadojpg.jpg\" alt=\"Una de las &quot;joyer&iacute;as&quot; donde de acuerdo con la investigaci&oacute;n se vend&iacute;an d&oacute;lares.\"\/><\/figure>\n\n\n\n<p>Una de las \u00abjoyer\u00edas\u00bb donde de acuerdo con la investigaci\u00f3n se vend\u00edan d\u00f3lares.<\/p>\n\n\n\n<p>Se estima que en ambas causas -la que analiza el accionar de una asociaci\u00f3n il\u00edcita que vend\u00eda&nbsp;<strong>d\u00f3lares<\/strong>&nbsp;y la que investiga las&nbsp;<strong>presuntas coimas en la Polic\u00eda Federal<\/strong>&#8211; podr\u00eda haber nuevos acusados, que se sumar\u00edan a&nbsp;<strong>m\u00e1s de una decena de imputados<\/strong>&nbsp;que existen en la actualidad.<\/p>\n\n\n\n<p>Entre tanto, este mi\u00e9rcoles&nbsp;<strong>hubo algunos demorados por averiguaci\u00f3n de antecedentes<\/strong>&nbsp;y los efectivos trabajaron en locales que -tal como lo sabe medio Mendoza- ocultaban tras carteles de \u00abventa de oro\u00bb o de \u00abcompraventa de antig\u00fcedades\u00bb&nbsp;<strong>la actividad de cambiar divisas por fuera del circuito oficial<\/strong>.<\/p>\n\n\n\n<p><strong>\u00abLos que deben estar contentos son los bares de la zona. Est\u00e1n todos los arbolitos ah\u00ed sentados y haciendo como que toman caf\u00e9 con leche\u00bb<\/strong><\/p>\n\n\n\n<p>\u00abLos que deben estar contentos son&nbsp;<strong>los bares de la zona<\/strong>&nbsp;-brome\u00f3 una fuente que sabe mucho-. Est\u00e1n todos los arbolitos sentados en las mesas y&nbsp;<strong>haciendo como que toman caf\u00e9 con leche<\/strong>\u00ab.<\/p>\n\n\n\n<p>La noticia resuena especialmente en d\u00edas en los que el precio del d\u00f3lar ha subido m\u00e1s del 5% en una semana,&nbsp;<strong>alcanzando los $421 en las \u00faltimas horas<\/strong>. Aqu\u00ed pueden verse&nbsp;<strong>algunos videos<\/strong>&nbsp;del operativo:<\/p>\n\n\n\n<h2 class=\"wp-block-heading\">El caso<\/h2>\n\n\n\n<p>El 6 de julio de 2022 se concretaron&nbsp;<strong>22 allanamientos en el centro<\/strong>&nbsp;y luego, en agosto, se llevaron adelante m\u00e1s operativos, esta vez con detenciones. En esa segunda tanda de allanamientos cay\u00f3&nbsp;<strong>Rossignoli<\/strong>, hombre fuerte de la Federal en Mendoza, a quien se le encontraron en su despacho de la sede policial -Per\u00fa 1049, Ciudad-<strong>&nbsp;21.500 d\u00f3lares<\/strong>.<\/p>\n\n\n\n<p>En total, se han secuestrado hasta la fecha&nbsp;<strong>m\u00e1s de 30 millones de pesos<\/strong>, a lo que se suman joyas, frascos de marihuana y coches de alta gama. Tras las medidas de este mi\u00e9rcoles,&nbsp;<strong>esa cifra podr\u00eda escalar<\/strong>.<\/p>\n\n\n\n<p>Los apuntados como jefes de la organizaci\u00f3n que regenteaba las cuevas,&nbsp;<strong>Nicol\u00e1s Baz\u00e1n<\/strong>&nbsp;y&nbsp;<strong>Renzo Gonz\u00e1lez<\/strong>, est\u00e1n imputados como&nbsp;<strong>jefes de la asociaci\u00f3n il\u00edcita y lavado de activos<\/strong>. En el caso de Baz\u00e1n se le suma&nbsp;<strong>cohecho (coimas)<\/strong>.<\/p>\n\n\n\n<p>El resto de las imputaciones van en la misma direcci\u00f3n, con diversos grados de responsabilidad seg\u00fan el rol que se atribuye a los detenidos en el organigrama.&nbsp;<strong>Rossignoli, por ejemplo, enfrenta cargos por asociaci\u00f3n il\u00edcita y cohecho<\/strong>.<\/p>\n\n\n\n<figure class=\"wp-block-image\"><img decoding=\"async\" src=\"https:\/\/media.diariouno.com.ar\/p\/3cedf954663d8652ab929d73032df20e\/adjuntos\/298\/imagenes\/009\/068\/0009068323\/nicolas-bazan-y-dino-rossignolijpg.jpg?2022-10-28-11-37-17\" alt=\"Nicol&aacute;s Baz&aacute;n y Dino Rossignoli, imputados por las coimas en la Polic&iacute;a Federal.\"\/><\/figure>\n\n\n\n<p>Nicol\u00e1s Baz\u00e1n y Dino Rossignoli, imputados por las coimas en la Polic\u00eda Federal.<\/p>\n\n\n\n<p>Entre todo lo anterior hay algunos detalles llamativos: se detect\u00f3 que entre Rossignoli y otros miembros circulaban fotos de\u00a0<strong>lo que parec\u00eda ser el cierre de caja diario<\/strong>\u00a0de las cuevas financieras. En las planillas hab\u00eda un apartado con dinero que\u00a0<strong>se destinaba a la \u00abP.F\u00bb. Una sigla sugerente<\/strong>.<\/p>\n","protected":false},"excerpt":{"rendered":"<p>Pasado el mediod\u00eda de este mi\u00e9rcoles, alrededor de 80 efectivos de la Polic\u00eda Contra el Narcotr\u00e1fico (PCN) concretaron 19 allanamientos en pleno centro mendocino. La medida se relaciona con el caso que involucra al excomisario de la Polic\u00eda Federal de Mendoza, Dino Rossignoli por recibir supuestamente coimas para la venta ilegal de monedas extranjeras. Se<a class=\"read-more\" href=\"https:\/\/elfederalmendoza.com.ar\/index.php\/2023\/04\/19\/se-supo-el-gran-movimiento-de-policias-que-hubo-en-pleno-centro-de-mendoza\/\"> [&hellip;]<\/a><\/p>\n","protected":false},"author":2,"featured_media":22131,"comment_status":"open","ping_status":"open","sticky":false,"template":"","format":"standard","meta":{"footnotes":""},"categories":[1],"tags":[],"class_list":["post-22128","post","type-post","status-publish","format-standard","has-post-thumbnail","hentry","category-mza"],"rttpg_featured_image_url":{"full":["https:\/\/elfederalmendoza.com.ar\/wp-content\/uploads\/2023\/04\/tonsa2.jpg",1093,645,false],"landscape":["https:\/\/elfederalmendoza.com.ar\/wp-content\/uploads\/2023\/04\/tonsa2.jpg",1093,645,false],"portraits":["https:\/\/elfederalmendoza.com.ar\/wp-content\/uploads\/2023\/04\/tonsa2.jpg",1093,645,false],"thumbnail":["https:\/\/elfederalmendoza.com.ar\/wp-content\/uploads\/2023\/04\/tonsa2-150x150.jpg",150,150,true],"medium":["https:\/\/elfederalmendoza.com.ar\/wp-content\/uploads\/2023\/04\/tonsa2-300x177.jpg",300,177,true],"large":["https:\/\/elfederalmendoza.com.ar\/wp-content\/uploads\/2023\/04\/tonsa2-1024x604.jpg",640,378,true],"1536x1536":["https:\/\/elfederalmendoza.com.ar\/wp-content\/uploads\/2023\/04\/tonsa2.jpg",1093,645,false],"2048x2048":["https:\/\/elfederalmendoza.com.ar\/wp-content\/uploads\/2023\/04\/tonsa2.jpg",1093,645,false],"ultp_layout_landscape_large":["https:\/\/elfederalmendoza.com.ar\/wp-content\/uploads\/2023\/04\/tonsa2.jpg",1093,645,false],"ultp_layout_landscape":["https:\/\/elfederalmendoza.com.ar\/wp-content\/uploads\/2023\/04\/tonsa2-870x570.jpg",870,570,true],"ultp_layout_portrait":["https:\/\/elfederalmendoza.com.ar\/wp-content\/uploads\/2023\/04\/tonsa2-600x645.jpg",600,645,true],"ultp_layout_square":["https:\/\/elfederalmendoza.com.ar\/wp-content\/uploads\/2023\/04\/tonsa2-600x600.jpg",600,600,true],"rpwe-thumbnail":["https:\/\/elfederalmendoza.com.ar\/wp-content\/uploads\/2023\/04\/tonsa2-45x45.jpg",45,45,true],"advps-thumb-one":["https:\/\/elfederalmendoza.com.ar\/wp-content\/uploads\/2023\/04\/tonsa2-1093x420.jpg",1093,420,true]},"rttpg_author":{"display_name":"Redacci\u00f3n El Federal","author_link":"https:\/\/elfederalmendoza.com.ar\/index.php\/author\/angelflores\/"},"rttpg_comment":0,"rttpg_category":"<a href=\"https:\/\/elfederalmendoza.com.ar\/index.php\/category\/mza\/\" rel=\"category tag\">Mendoza<\/a>","rttpg_excerpt":"Pasado el mediod\u00eda de este mi\u00e9rcoles, alrededor de 80 efectivos de la Polic\u00eda Contra el Narcotr\u00e1fico (PCN) concretaron 19 allanamientos en pleno centro mendocino. La medida se relaciona con el caso que involucra al excomisario de la Polic\u00eda Federal de Mendoza, Dino Rossignoli por recibir supuestamente coimas para la venta ilegal de monedas extranjeras. Se&hellip;","_links":{"self":[{"href":"https:\/\/elfederalmendoza.com.ar\/index.php\/wp-json\/wp\/v2\/posts\/22128","targetHints":{"allow":["GET"]}}],"collection":[{"href":"https:\/\/elfederalmendoza.com.ar\/index.php\/wp-json\/wp\/v2\/posts"}],"about":[{"href":"https:\/\/elfederalmendoza.com.ar\/index.php\/wp-json\/wp\/v2\/types\/post"}],"author":[{"embeddable":true,"href":"https:\/\/elfederalmendoza.com.ar\/index.php\/wp-json\/wp\/v2\/users\/2"}],"replies":[{"embeddable":true,"href":"https:\/\/elfederalmendoza.com.ar\/index.php\/wp-json\/wp\/v2\/comments?post=22128"}],"version-history":[{"count":1,"href":"https:\/\/elfederalmendoza.com.ar\/index.php\/wp-json\/wp\/v2\/posts\/22128\/revisions"}],"predecessor-version":[{"id":22132,"href":"https:\/\/elfederalmendoza.com.ar\/index.php\/wp-json\/wp\/v2\/posts\/22128\/revisions\/22132"}],"wp:featuredmedia":[{"embeddable":true,"href":"https:\/\/elfederalmendoza.com.ar\/index.php\/wp-json\/wp\/v2\/media\/22131"}],"wp:attachment":[{"href":"https:\/\/elfederalmendoza.com.ar\/index.php\/wp-json\/wp\/v2\/media?parent=22128"}],"wp:term":[{"taxonomy":"category","embeddable":true,"href":"https:\/\/elfederalmendoza.com.ar\/index.php\/wp-json\/wp\/v2\/categories?post=22128"},{"taxonomy":"post_tag","embeddable":true,"href":"https:\/\/elfederalmendoza.com.ar\/index.php\/wp-json\/wp\/v2\/tags?post=22128"}],"curies":[{"name":"wp","href":"https:\/\/api.w.org\/{rel}","templated":true}]}}