{"id":22133,"date":"2023-04-20T09:25:55","date_gmt":"2023-04-20T12:25:55","guid":{"rendered":"https:\/\/elfederalmendoza.com\/?p=22133"},"modified":"2023-04-20T09:25:55","modified_gmt":"2023-04-20T12:25:55","slug":"video-se-enojo-gerardo-romano-y-abandono-un-movil-en-el-programa-de-fabian-doman-que-ridiculo","status":"publish","type":"post","link":"https:\/\/elfederalmendoza.com.ar\/index.php\/2023\/04\/20\/video-se-enojo-gerardo-romano-y-abandono-un-movil-en-el-programa-de-fabian-doman-que-ridiculo\/","title":{"rendered":"-VIDEO- Se enoj\u00f3 Gerardo Romano y abandon\u00f3 un m\u00f3vil en el programa de Fabi\u00e1n Doman: \u00abQu\u00e9 rid\u00edculo\u00bb"},"content":{"rendered":"\n<p>Todo se origin\u00f3 en torno a una discusi\u00f3n sobre la actualidad pol\u00edtica del pa\u00eds, despu\u00e9s de que <strong>Fabi\u00e1n Doman<\/strong>, conductor del ciclo, le consultara al actor sobre la figura de<strong> Javier Milei,<\/strong> que en las encuestas sigue creciendo y pretende lanzarse como candidato a Presidente de la Rep\u00fablica en las pr\u00f3ximas elecciones del 2023.<\/p>\n\n\n\n<p>\u00ab<strong>En casi todos los pa\u00edses del mundo ha perdido el oficialismo y hay una derechizaci\u00f3n de las sociedades\u00bb,<\/strong>&nbsp;dispar\u00f3 contundente Romano. Entonces, Doman lo contradijo y le dio el caso de Emmanuel Macron, que fue reelecto en Francia.<\/p>\n\n\n\n<p>Pero el hartazgo de Gerardo, lleg\u00f3 con una pregunta del conductor: \u00ab\u00bfY qu\u00e9 pens\u00e1s de Milei?\u00bb. Entonces, la respuesta del actor sorprendi\u00f3 a todos:&nbsp;\u00ab<strong>Pienso m\u00e1s que nada que no puedo aportar a la charla esta, ya vi el panel quienes son, lo que piensan, no quiero modificarle la cabeza a nadie<\/strong>\u00ab<\/p>\n\n\n\n<p>\u00ab<strong>Est\u00e1n trabajando en Canal 13, disfruten, gocen del sueldo y pasen una linda tarde\u201d,<\/strong>\u00a0arremeti\u00f3 Romano, tajante antes de sacarse los auriculares y abandonar el m\u00f3vil que apenas dur\u00f3 4 minutos.<\/p>\n\n\n\n<figure class=\"wp-block-embed is-type-video is-provider-youtube wp-block-embed-youtube wp-embed-aspect-16-9 wp-has-aspect-ratio\"><div class=\"wp-block-embed__wrapper\">\n<iframe loading=\"lazy\" title=\"\u00a1GERARDO ROMANO ABANDON\u00d3 EL M\u00d3VIL DE MOMENTO D!\" width=\"640\" height=\"360\" src=\"https:\/\/www.youtube.com\/embed\/M8QTW5feSD0?feature=oembed\" frameborder=\"0\" allow=\"accelerometer; autoplay; clipboard-write; encrypted-media; gyroscope; picture-in-picture; web-share\" referrerpolicy=\"strict-origin-when-cross-origin\" allowfullscreen><\/iframe>\n<\/div><\/figure>\n\n\n\n<p>&nbsp;Por su parte,&nbsp;Silvia Fern\u00e1ndez Barrios destac\u00f3 que se ve\u00eda venir esta situaci\u00f3n con el accionar del&nbsp;actor: \u00abYo sab\u00eda que esto iba a pasar. Lo sab\u00eda. Ni idea por qu\u00e9 se levanto igual\u00bb.<\/p>\n\n\n\n<p>En tanto, el panelista<strong>&nbsp;Pampito Perell\u00f3 Aciar<\/strong>&nbsp;no se banc\u00f3 la actitud de Romano y lo cruz\u00f3 mientras el artista se levantaba del sill\u00f3n en donde estaba brindando la nota:&nbsp;<strong>\u00abQu\u00e9 rid\u00edculo eso que est\u00e1s diciendo, es absurdo\u201d.<\/strong>&nbsp;Sin embargo, Gerardo no lo lleg\u00f3 a escuchar.<\/p>\n\n\n\n<p>Visiblemente enojado, Pampito agreg\u00f3:&nbsp;<strong>\u201cMe parece que a \u00e9l no le gust\u00f3 el debate, y nos acus\u00f3 de que trabajamos en canal Trece y que nos dicen lo que tenemos que decir. Y la verdad que nadie nos dice como opinar, se\u00f1or. Un rid\u00edculo<\/strong>. Y nos falta el respeto, nosotros no se lo faltamos a \u00e9l\u00bb.<\/p>\n\n\n\n<p>Cinthia Fern\u00e1ndez, por su parte, dispar\u00f3 artiller\u00eda pesada contra el actor por la reacci\u00f3n que tuvo: \u201cSiempre hace lo mismo. Que siga promoviendo el consumo de drogas\u201d.<\/p>\n\n\n\n<p>D\u00edas atr\u00e1s, el protagonista de&nbsp;<em>Un jud\u00edo com\u00fan y corriente<\/em>&nbsp;hab\u00eda dialogado sobre la obra&nbsp;con Jorge Fontevecchia para Modo Fontevecchia (FM 101.9), y all\u00ed hab\u00eda trazado un paralelismo sobre la visi\u00f3n de las pol\u00edticas que quiere aplicar&nbsp;Milei en&nbsp;el dif\u00edcil&nbsp;contexto pol\u00edtico actual.<\/p>\n\n\n\n<p>\u00abMilei quiere sacar a la casta \u00bfy qui\u00e9n viene detr\u00e1s de ese vac\u00edo? Lo \u00fanico que conozco son los militares, y ya tuvimos una experiencia muy dolorosa. En eso tambi\u00e9n la obra refleja que el genocidio nazi, con la vuelta a la democracia en Argentina, se resignific\u00f3 y se convirti\u00f3 en modelo de identificaci\u00f3n de nuestra propia tragedia, que fue el terrorismo de Estado, con algunos aspectos in\u00e9ditos. Lo viv\u00ed y me marc\u00f3 para toda la vida\u00bb, justific\u00f3 Romano.<\/p>\n","protected":false},"excerpt":{"rendered":"<p>Todo se origin\u00f3 en torno a una discusi\u00f3n sobre la actualidad pol\u00edtica del pa\u00eds, despu\u00e9s de que Fabi\u00e1n Doman, conductor del ciclo, le consultara al actor sobre la figura de Javier Milei, que en las encuestas sigue creciendo y pretende lanzarse como candidato a Presidente de la Rep\u00fablica en las pr\u00f3ximas elecciones del 2023. \u00abEn<a class=\"read-more\" href=\"https:\/\/elfederalmendoza.com.ar\/index.php\/2023\/04\/20\/video-se-enojo-gerardo-romano-y-abandono-un-movil-en-el-programa-de-fabian-doman-que-ridiculo\/\"> [&hellip;]<\/a><\/p>\n","protected":false},"author":2,"featured_media":22134,"comment_status":"open","ping_status":"open","sticky":false,"template":"","format":"standard","meta":{"footnotes":""},"categories":[5618],"tags":[],"class_list":["post-22133","post","type-post","status-publish","format-standard","has-post-thumbnail","hentry","category-arg"],"rttpg_featured_image_url":{"full":["https:\/\/elfederalmendoza.com.ar\/wp-content\/uploads\/2023\/04\/gerardo-romano2.jpg",1261,583,false],"landscape":["https:\/\/elfederalmendoza.com.ar\/wp-content\/uploads\/2023\/04\/gerardo-romano2.jpg",1261,583,false],"portraits":["https:\/\/elfederalmendoza.com.ar\/wp-content\/uploads\/2023\/04\/gerardo-romano2.jpg",1261,583,false],"thumbnail":["https:\/\/elfederalmendoza.com.ar\/wp-content\/uploads\/2023\/04\/gerardo-romano2-150x150.jpg",150,150,true],"medium":["https:\/\/elfederalmendoza.com.ar\/wp-content\/uploads\/2023\/04\/gerardo-romano2-300x139.jpg",300,139,true],"large":["https:\/\/elfederalmendoza.com.ar\/wp-content\/uploads\/2023\/04\/gerardo-romano2-1024x473.jpg",640,296,true],"1536x1536":["https:\/\/elfederalmendoza.com.ar\/wp-content\/uploads\/2023\/04\/gerardo-romano2.jpg",1261,583,false],"2048x2048":["https:\/\/elfederalmendoza.com.ar\/wp-content\/uploads\/2023\/04\/gerardo-romano2.jpg",1261,583,false],"ultp_layout_landscape_large":["https:\/\/elfederalmendoza.com.ar\/wp-content\/uploads\/2023\/04\/gerardo-romano2-1200x583.jpg",1200,583,true],"ultp_layout_landscape":["https:\/\/elfederalmendoza.com.ar\/wp-content\/uploads\/2023\/04\/gerardo-romano2-870x570.jpg",870,570,true],"ultp_layout_portrait":["https:\/\/elfederalmendoza.com.ar\/wp-content\/uploads\/2023\/04\/gerardo-romano2-600x583.jpg",600,583,true],"ultp_layout_square":["https:\/\/elfederalmendoza.com.ar\/wp-content\/uploads\/2023\/04\/gerardo-romano2-600x583.jpg",600,583,true],"rpwe-thumbnail":["https:\/\/elfederalmendoza.com.ar\/wp-content\/uploads\/2023\/04\/gerardo-romano2-45x45.jpg",45,45,true],"advps-thumb-one":["https:\/\/elfederalmendoza.com.ar\/wp-content\/uploads\/2023\/04\/gerardo-romano2-1200x420.jpg",1200,420,true]},"rttpg_author":{"display_name":"Redacci\u00f3n El Federal","author_link":"https:\/\/elfederalmendoza.com.ar\/index.php\/author\/angelflores\/"},"rttpg_comment":0,"rttpg_category":"<a href=\"https:\/\/elfederalmendoza.com.ar\/index.php\/category\/arg\/\" rel=\"category tag\">Argentina<\/a>","rttpg_excerpt":"Todo se origin\u00f3 en torno a una discusi\u00f3n sobre la actualidad pol\u00edtica del pa\u00eds, despu\u00e9s de que Fabi\u00e1n Doman, conductor del ciclo, le consultara al actor sobre la figura de Javier Milei, que en las encuestas sigue creciendo y pretende lanzarse como candidato a Presidente de la Rep\u00fablica en las pr\u00f3ximas elecciones del 2023. \u00abEn&hellip;","_links":{"self":[{"href":"https:\/\/elfederalmendoza.com.ar\/index.php\/wp-json\/wp\/v2\/posts\/22133","targetHints":{"allow":["GET"]}}],"collection":[{"href":"https:\/\/elfederalmendoza.com.ar\/index.php\/wp-json\/wp\/v2\/posts"}],"about":[{"href":"https:\/\/elfederalmendoza.com.ar\/index.php\/wp-json\/wp\/v2\/types\/post"}],"author":[{"embeddable":true,"href":"https:\/\/elfederalmendoza.com.ar\/index.php\/wp-json\/wp\/v2\/users\/2"}],"replies":[{"embeddable":true,"href":"https:\/\/elfederalmendoza.com.ar\/index.php\/wp-json\/wp\/v2\/comments?post=22133"}],"version-history":[{"count":1,"href":"https:\/\/elfederalmendoza.com.ar\/index.php\/wp-json\/wp\/v2\/posts\/22133\/revisions"}],"predecessor-version":[{"id":22135,"href":"https:\/\/elfederalmendoza.com.ar\/index.php\/wp-json\/wp\/v2\/posts\/22133\/revisions\/22135"}],"wp:featuredmedia":[{"embeddable":true,"href":"https:\/\/elfederalmendoza.com.ar\/index.php\/wp-json\/wp\/v2\/media\/22134"}],"wp:attachment":[{"href":"https:\/\/elfederalmendoza.com.ar\/index.php\/wp-json\/wp\/v2\/media?parent=22133"}],"wp:term":[{"taxonomy":"category","embeddable":true,"href":"https:\/\/elfederalmendoza.com.ar\/index.php\/wp-json\/wp\/v2\/categories?post=22133"},{"taxonomy":"post_tag","embeddable":true,"href":"https:\/\/elfederalmendoza.com.ar\/index.php\/wp-json\/wp\/v2\/tags?post=22133"}],"curies":[{"name":"wp","href":"https:\/\/api.w.org\/{rel}","templated":true}]}}