{"id":22139,"date":"2023-04-20T09:48:37","date_gmt":"2023-04-20T12:48:37","guid":{"rendered":"https:\/\/elfederalmendoza.com\/?p=22139"},"modified":"2023-04-20T09:48:38","modified_gmt":"2023-04-20T12:48:38","slug":"tragedia-murieron-tres-ninos-de-7-9-y-13-anos-en-un-incendio-en-tunuyan","status":"publish","type":"post","link":"https:\/\/elfederalmendoza.com.ar\/index.php\/2023\/04\/20\/tragedia-murieron-tres-ninos-de-7-9-y-13-anos-en-un-incendio-en-tunuyan\/","title":{"rendered":"Tragedia: Murieron tres ni\u00f1os de 7, 9 y 13 a\u00f1os en un incendio en Tunuy\u00e1n"},"content":{"rendered":"\n<p><strong>Tres ni\u00f1os murieron este jueves por la ma\u00f1ana<\/strong>\u00a0al incendiarse una vivienda del barrio La Tablada del departamento de Tunuy\u00e1n. Bomberos Voluntarios de la comuna trabajaron en la zona.<\/p>\n\n\n\n<p>El hecho ocurri\u00f3 alrededor de las 8 de la ma\u00f1ana en una casa en callej\u00f3n Belgrano y Ruta Nacional 40, en la barriada ubicada en la zona Sur del departamento.&nbsp;<strong>Las v\u00edctimas tienen 7, 9 y 13 a\u00f1os de edad.&nbsp;<\/strong><\/p>\n\n\n\n<p>\u00a0Adem\u00e1s de los tres fallecidos,\u00a0<strong>hay una ni\u00f1a, tambi\u00e9n mejor de edad, que se encuentra en grave estado<\/strong>\u00a0y fue derivada al hospital Scaravelli con quemaduras en su rostro y brazos.<\/p>\n\n\n\n<p>En el lugar trabajaron Bomberos del Cuartel Central y de Tunuy\u00e1n, quienes intentan determinar las causas del hecho.<\/p>\n\n\n\n<figure class=\"wp-block-image is-resized\"><img loading=\"lazy\" decoding=\"async\" src=\"https:\/\/www.mendozapost.com\/files\/image\/475\/475233\/64413249de707_570_346!.jpg?s=9f76cb4829f785ea5679fc96f0514a28&amp;d=1681994316\" alt=\"\" width=\"947\" height=\"575\"\/><\/figure>\n","protected":false},"excerpt":{"rendered":"<p>Tres ni\u00f1os murieron este jueves por la ma\u00f1ana\u00a0al incendiarse una vivienda del barrio La Tablada del departamento de Tunuy\u00e1n. Bomberos Voluntarios de la comuna trabajaron en la zona. El hecho ocurri\u00f3 alrededor de las 8 de la ma\u00f1ana en una casa en callej\u00f3n Belgrano y Ruta Nacional 40, en la barriada ubicada en la zona<a class=\"read-more\" href=\"https:\/\/elfederalmendoza.com.ar\/index.php\/2023\/04\/20\/tragedia-murieron-tres-ninos-de-7-9-y-13-anos-en-un-incendio-en-tunuyan\/\"> [&hellip;]<\/a><\/p>\n","protected":false},"author":2,"featured_media":22140,"comment_status":"open","ping_status":"open","sticky":false,"template":"","format":"standard","meta":{"footnotes":""},"categories":[1],"tags":[],"class_list":["post-22139","post","type-post","status-publish","format-standard","has-post-thumbnail","hentry","category-mza"],"rttpg_featured_image_url":{"full":["https:\/\/elfederalmendoza.com.ar\/wp-content\/uploads\/2023\/04\/TUNUYAN.jpg",1021,578,false],"landscape":["https:\/\/elfederalmendoza.com.ar\/wp-content\/uploads\/2023\/04\/TUNUYAN.jpg",1021,578,false],"portraits":["https:\/\/elfederalmendoza.com.ar\/wp-content\/uploads\/2023\/04\/TUNUYAN.jpg",1021,578,false],"thumbnail":["https:\/\/elfederalmendoza.com.ar\/wp-content\/uploads\/2023\/04\/TUNUYAN-150x150.jpg",150,150,true],"medium":["https:\/\/elfederalmendoza.com.ar\/wp-content\/uploads\/2023\/04\/TUNUYAN-300x170.jpg",300,170,true],"large":["https:\/\/elfederalmendoza.com.ar\/wp-content\/uploads\/2023\/04\/TUNUYAN.jpg",640,362,false],"1536x1536":["https:\/\/elfederalmendoza.com.ar\/wp-content\/uploads\/2023\/04\/TUNUYAN.jpg",1021,578,false],"2048x2048":["https:\/\/elfederalmendoza.com.ar\/wp-content\/uploads\/2023\/04\/TUNUYAN.jpg",1021,578,false],"ultp_layout_landscape_large":["https:\/\/elfederalmendoza.com.ar\/wp-content\/uploads\/2023\/04\/TUNUYAN.jpg",1021,578,false],"ultp_layout_landscape":["https:\/\/elfederalmendoza.com.ar\/wp-content\/uploads\/2023\/04\/TUNUYAN-870x570.jpg",870,570,true],"ultp_layout_portrait":["https:\/\/elfederalmendoza.com.ar\/wp-content\/uploads\/2023\/04\/TUNUYAN-600x578.jpg",600,578,true],"ultp_layout_square":["https:\/\/elfederalmendoza.com.ar\/wp-content\/uploads\/2023\/04\/TUNUYAN-600x578.jpg",600,578,true],"rpwe-thumbnail":["https:\/\/elfederalmendoza.com.ar\/wp-content\/uploads\/2023\/04\/TUNUYAN-45x45.jpg",45,45,true],"advps-thumb-one":["https:\/\/elfederalmendoza.com.ar\/wp-content\/uploads\/2023\/04\/TUNUYAN-1021x420.jpg",1021,420,true]},"rttpg_author":{"display_name":"Redacci\u00f3n El Federal","author_link":"https:\/\/elfederalmendoza.com.ar\/index.php\/author\/angelflores\/"},"rttpg_comment":0,"rttpg_category":"<a href=\"https:\/\/elfederalmendoza.com.ar\/index.php\/category\/mza\/\" rel=\"category tag\">Mendoza<\/a>","rttpg_excerpt":"Tres ni\u00f1os murieron este jueves por la ma\u00f1ana\u00a0al incendiarse una vivienda del barrio La Tablada del departamento de Tunuy\u00e1n. Bomberos Voluntarios de la comuna trabajaron en la zona. El hecho ocurri\u00f3 alrededor de las 8 de la ma\u00f1ana en una casa en callej\u00f3n Belgrano y Ruta Nacional 40, en la barriada ubicada en la zona&hellip;","_links":{"self":[{"href":"https:\/\/elfederalmendoza.com.ar\/index.php\/wp-json\/wp\/v2\/posts\/22139","targetHints":{"allow":["GET"]}}],"collection":[{"href":"https:\/\/elfederalmendoza.com.ar\/index.php\/wp-json\/wp\/v2\/posts"}],"about":[{"href":"https:\/\/elfederalmendoza.com.ar\/index.php\/wp-json\/wp\/v2\/types\/post"}],"author":[{"embeddable":true,"href":"https:\/\/elfederalmendoza.com.ar\/index.php\/wp-json\/wp\/v2\/users\/2"}],"replies":[{"embeddable":true,"href":"https:\/\/elfederalmendoza.com.ar\/index.php\/wp-json\/wp\/v2\/comments?post=22139"}],"version-history":[{"count":1,"href":"https:\/\/elfederalmendoza.com.ar\/index.php\/wp-json\/wp\/v2\/posts\/22139\/revisions"}],"predecessor-version":[{"id":22141,"href":"https:\/\/elfederalmendoza.com.ar\/index.php\/wp-json\/wp\/v2\/posts\/22139\/revisions\/22141"}],"wp:featuredmedia":[{"embeddable":true,"href":"https:\/\/elfederalmendoza.com.ar\/index.php\/wp-json\/wp\/v2\/media\/22140"}],"wp:attachment":[{"href":"https:\/\/elfederalmendoza.com.ar\/index.php\/wp-json\/wp\/v2\/media?parent=22139"}],"wp:term":[{"taxonomy":"category","embeddable":true,"href":"https:\/\/elfederalmendoza.com.ar\/index.php\/wp-json\/wp\/v2\/categories?post=22139"},{"taxonomy":"post_tag","embeddable":true,"href":"https:\/\/elfederalmendoza.com.ar\/index.php\/wp-json\/wp\/v2\/tags?post=22139"}],"curies":[{"name":"wp","href":"https:\/\/api.w.org\/{rel}","templated":true}]}}