{"id":22142,"date":"2023-04-20T09:54:18","date_gmt":"2023-04-20T12:54:18","guid":{"rendered":"https:\/\/elfederalmendoza.com\/?p=22142"},"modified":"2023-04-20T09:54:22","modified_gmt":"2023-04-20T12:54:22","slug":"compro-un-parlante-por-facebook-y-cuando-fue-a-retirarlo-en-un-barrio-de-san-martin-le-robaron-su-auto","status":"publish","type":"post","link":"https:\/\/elfederalmendoza.com.ar\/index.php\/2023\/04\/20\/compro-un-parlante-por-facebook-y-cuando-fue-a-retirarlo-en-un-barrio-de-san-martin-le-robaron-su-auto\/","title":{"rendered":"Compr\u00f3 un parlante por Facebook y cuando fue a retirarlo en un barrio de San Mart\u00edn le robaron su auto"},"content":{"rendered":"\n<p>Un hombre fue\u00a0<strong>asaltado<\/strong>\u00a0en el departamento de<strong>\u00a0San Mart\u00edn<\/strong>, tras pactar una\u00a0<strong>compra<\/strong>\u00a0a trav\u00e9s de\u00a0<strong>Facebook<\/strong>. Todo result\u00f3 ser una\u00a0<strong>estafa<\/strong>.<\/p>\n\n\n\n<p>El hecho ocurri\u00f3 en el interior del&nbsp;<strong>Barrio Santa Lucia<\/strong>.<\/p>\n\n\n\n<p>A trav\u00e9s de\u00a0<strong>Facebook<\/strong>, la v\u00edctima de 35 a\u00f1os hab\u00eda pactado la\u00a0<strong>compra<\/strong>\u00a0de un\u00a0<strong>parlante<\/strong>\u00a0y, al llegar al lugar a bordo de un\u00a0<strong>autom\u00f3vil Ford Focus<\/strong>, fue sorprendido por un sujeto quien bajo\u00a0<strong>amenaza<\/strong>\u00a0le sustrajo el\u00a0<strong>rodado<\/strong>.<a href=\"https:\/\/www.diariomendoza.com.ar\/policiales\/video-tres-autos-chocaron-fuerte-capital-causaron-serias-demoras-n47716\"><\/a><\/p>\n","protected":false},"excerpt":{"rendered":"<p>Un hombre fue\u00a0asaltado\u00a0en el departamento de\u00a0San Mart\u00edn, tras pactar una\u00a0compra\u00a0a trav\u00e9s de\u00a0Facebook. Todo result\u00f3 ser una\u00a0estafa. El hecho ocurri\u00f3 en el interior del&nbsp;Barrio Santa Lucia. A trav\u00e9s de\u00a0Facebook, la v\u00edctima de 35 a\u00f1os hab\u00eda pactado la\u00a0compra\u00a0de un\u00a0parlante\u00a0y, al llegar al lugar a bordo de un\u00a0autom\u00f3vil Ford Focus, fue sorprendido por un sujeto quien bajo\u00a0amenaza\u00a0le sustrajo<a class=\"read-more\" href=\"https:\/\/elfederalmendoza.com.ar\/index.php\/2023\/04\/20\/compro-un-parlante-por-facebook-y-cuando-fue-a-retirarlo-en-un-barrio-de-san-martin-le-robaron-su-auto\/\"> [&hellip;]<\/a><\/p>\n","protected":false},"author":2,"featured_media":22143,"comment_status":"open","ping_status":"open","sticky":false,"template":"","format":"standard","meta":{"footnotes":""},"categories":[1],"tags":[],"class_list":["post-22142","post","type-post","status-publish","format-standard","has-post-thumbnail","hentry","category-mza"],"rttpg_featured_image_url":{"full":["https:\/\/elfederalmendoza.com.ar\/wp-content\/uploads\/2023\/04\/1647646678130policia-mendoza.jpg",1024,768,false],"landscape":["https:\/\/elfederalmendoza.com.ar\/wp-content\/uploads\/2023\/04\/1647646678130policia-mendoza.jpg",1024,768,false],"portraits":["https:\/\/elfederalmendoza.com.ar\/wp-content\/uploads\/2023\/04\/1647646678130policia-mendoza.jpg",1024,768,false],"thumbnail":["https:\/\/elfederalmendoza.com.ar\/wp-content\/uploads\/2023\/04\/1647646678130policia-mendoza-150x150.jpg",150,150,true],"medium":["https:\/\/elfederalmendoza.com.ar\/wp-content\/uploads\/2023\/04\/1647646678130policia-mendoza-300x225.jpg",300,225,true],"large":["https:\/\/elfederalmendoza.com.ar\/wp-content\/uploads\/2023\/04\/1647646678130policia-mendoza.jpg",640,480,false],"1536x1536":["https:\/\/elfederalmendoza.com.ar\/wp-content\/uploads\/2023\/04\/1647646678130policia-mendoza.jpg",1024,768,false],"2048x2048":["https:\/\/elfederalmendoza.com.ar\/wp-content\/uploads\/2023\/04\/1647646678130policia-mendoza.jpg",1024,768,false],"ultp_layout_landscape_large":["https:\/\/elfederalmendoza.com.ar\/wp-content\/uploads\/2023\/04\/1647646678130policia-mendoza.jpg",1024,768,false],"ultp_layout_landscape":["https:\/\/elfederalmendoza.com.ar\/wp-content\/uploads\/2023\/04\/1647646678130policia-mendoza-870x570.jpg",870,570,true],"ultp_layout_portrait":["https:\/\/elfederalmendoza.com.ar\/wp-content\/uploads\/2023\/04\/1647646678130policia-mendoza-600x768.jpg",600,768,true],"ultp_layout_square":["https:\/\/elfederalmendoza.com.ar\/wp-content\/uploads\/2023\/04\/1647646678130policia-mendoza-600x600.jpg",600,600,true],"rpwe-thumbnail":["https:\/\/elfederalmendoza.com.ar\/wp-content\/uploads\/2023\/04\/1647646678130policia-mendoza-45x45.jpg",45,45,true],"advps-thumb-one":["https:\/\/elfederalmendoza.com.ar\/wp-content\/uploads\/2023\/04\/1647646678130policia-mendoza-1024x420.jpg",1024,420,true]},"rttpg_author":{"display_name":"Redacci\u00f3n El Federal","author_link":"https:\/\/elfederalmendoza.com.ar\/index.php\/author\/angelflores\/"},"rttpg_comment":0,"rttpg_category":"<a href=\"https:\/\/elfederalmendoza.com.ar\/index.php\/category\/mza\/\" rel=\"category tag\">Mendoza<\/a>","rttpg_excerpt":"Un hombre fue\u00a0asaltado\u00a0en el departamento de\u00a0San Mart\u00edn, tras pactar una\u00a0compra\u00a0a trav\u00e9s de\u00a0Facebook. Todo result\u00f3 ser una\u00a0estafa. El hecho ocurri\u00f3 en el interior del&nbsp;Barrio Santa Lucia. A trav\u00e9s de\u00a0Facebook, la v\u00edctima de 35 a\u00f1os hab\u00eda pactado la\u00a0compra\u00a0de un\u00a0parlante\u00a0y, al llegar al lugar a bordo de un\u00a0autom\u00f3vil Ford Focus, fue sorprendido por un sujeto quien bajo\u00a0amenaza\u00a0le sustrajo&hellip;","_links":{"self":[{"href":"https:\/\/elfederalmendoza.com.ar\/index.php\/wp-json\/wp\/v2\/posts\/22142","targetHints":{"allow":["GET"]}}],"collection":[{"href":"https:\/\/elfederalmendoza.com.ar\/index.php\/wp-json\/wp\/v2\/posts"}],"about":[{"href":"https:\/\/elfederalmendoza.com.ar\/index.php\/wp-json\/wp\/v2\/types\/post"}],"author":[{"embeddable":true,"href":"https:\/\/elfederalmendoza.com.ar\/index.php\/wp-json\/wp\/v2\/users\/2"}],"replies":[{"embeddable":true,"href":"https:\/\/elfederalmendoza.com.ar\/index.php\/wp-json\/wp\/v2\/comments?post=22142"}],"version-history":[{"count":1,"href":"https:\/\/elfederalmendoza.com.ar\/index.php\/wp-json\/wp\/v2\/posts\/22142\/revisions"}],"predecessor-version":[{"id":22144,"href":"https:\/\/elfederalmendoza.com.ar\/index.php\/wp-json\/wp\/v2\/posts\/22142\/revisions\/22144"}],"wp:featuredmedia":[{"embeddable":true,"href":"https:\/\/elfederalmendoza.com.ar\/index.php\/wp-json\/wp\/v2\/media\/22143"}],"wp:attachment":[{"href":"https:\/\/elfederalmendoza.com.ar\/index.php\/wp-json\/wp\/v2\/media?parent=22142"}],"wp:term":[{"taxonomy":"category","embeddable":true,"href":"https:\/\/elfederalmendoza.com.ar\/index.php\/wp-json\/wp\/v2\/categories?post=22142"},{"taxonomy":"post_tag","embeddable":true,"href":"https:\/\/elfederalmendoza.com.ar\/index.php\/wp-json\/wp\/v2\/tags?post=22142"}],"curies":[{"name":"wp","href":"https:\/\/api.w.org\/{rel}","templated":true}]}}