{"id":22146,"date":"2023-04-20T10:28:59","date_gmt":"2023-04-20T13:28:59","guid":{"rendered":"https:\/\/elfederalmendoza.com\/?p=22146"},"modified":"2023-04-20T10:29:34","modified_gmt":"2023-04-20T13:29:34","slug":"el-consjo-superior-de-la-uncuyo-confirmo-los-descuentos-a-docentes-que-hacen-paro","status":"publish","type":"post","link":"https:\/\/elfederalmendoza.com.ar\/index.php\/2023\/04\/20\/el-consjo-superior-de-la-uncuyo-confirmo-los-descuentos-a-docentes-que-hacen-paro\/","title":{"rendered":"El Consejo Superior de la UNCuyo confirm\u00f3 los descuentos a docentes que hacen paro"},"content":{"rendered":"\n<p>El conflicto universitario en la\u00a0<strong>UNCuyo\u00a0<\/strong>contin\u00faa, con otra semana de huelga por parte de los\u00a0<strong>docentes\u00a0<\/strong>que reclaman mejoras salariales. El\u00a0<strong>Consejo Superior<\/strong>\u00a0de la universidad ratific\u00f3 la decisi\u00f3n de descontar los d\u00edas de paro a los docentes en una reuni\u00f3n en la que particip\u00f3 FADIUNC, el gremio de docentes e investigadores de la UNCuyo.<\/p>\n\n\n\n<p>La medida ha generado protestas y manifestaciones por parte de los&nbsp;<strong>docentes<\/strong>&nbsp;y FADIUNC, quienes se manifestaron frente al rectorado en contra de la resoluci\u00f3n. Adem\u00e1s, los padres de los estudiantes de los colegios de la universidad realizaron una vigilia en la tarde del mi\u00e9rcoles en el Magisterio.<\/p>\n\n\n\n<p>Por su parte, FADIUNC espera una mejora considerable en la oferta salarial para destrabar el conflicto universitario. El gremio continuar\u00e1 con la medida de fuerza hasta el s\u00e1bado y se reunir\u00e1 hoy con los rectores para discutir una posible soluci\u00f3n al conflicto.<\/p>\n\n\n\n<p><a href=\"https:\/\/www.diariomendoza.com.ar\/mendoza\/pronostico-tiempo-mendoza-proximos-dias-n47725\"><\/a><\/p>\n","protected":false},"excerpt":{"rendered":"<p>El conflicto universitario en la\u00a0UNCuyo\u00a0contin\u00faa, con otra semana de huelga por parte de los\u00a0docentes\u00a0que reclaman mejoras salariales. El\u00a0Consejo Superior\u00a0de la universidad ratific\u00f3 la decisi\u00f3n de descontar los d\u00edas de paro a los docentes en una reuni\u00f3n en la que particip\u00f3 FADIUNC, el gremio de docentes e investigadores de la UNCuyo. La medida ha generado protestas<a class=\"read-more\" href=\"https:\/\/elfederalmendoza.com.ar\/index.php\/2023\/04\/20\/el-consjo-superior-de-la-uncuyo-confirmo-los-descuentos-a-docentes-que-hacen-paro\/\"> [&hellip;]<\/a><\/p>\n","protected":false},"author":2,"featured_media":21495,"comment_status":"open","ping_status":"open","sticky":false,"template":"","format":"standard","meta":{"footnotes":""},"categories":[1],"tags":[],"class_list":["post-22146","post","type-post","status-publish","format-standard","has-post-thumbnail","hentry","category-mza"],"rttpg_featured_image_url":{"full":["https:\/\/elfederalmendoza.com.ar\/wp-content\/uploads\/2023\/03\/elecciones-uncuyo-2022-prensa-uncuyo_1000_1100.jpg",1100,734,false],"landscape":["https:\/\/elfederalmendoza.com.ar\/wp-content\/uploads\/2023\/03\/elecciones-uncuyo-2022-prensa-uncuyo_1000_1100.jpg",1100,734,false],"portraits":["https:\/\/elfederalmendoza.com.ar\/wp-content\/uploads\/2023\/03\/elecciones-uncuyo-2022-prensa-uncuyo_1000_1100.jpg",1100,734,false],"thumbnail":["https:\/\/elfederalmendoza.com.ar\/wp-content\/uploads\/2023\/03\/elecciones-uncuyo-2022-prensa-uncuyo_1000_1100-150x150.jpg",150,150,true],"medium":["https:\/\/elfederalmendoza.com.ar\/wp-content\/uploads\/2023\/03\/elecciones-uncuyo-2022-prensa-uncuyo_1000_1100-300x200.jpg",300,200,true],"large":["https:\/\/elfederalmendoza.com.ar\/wp-content\/uploads\/2023\/03\/elecciones-uncuyo-2022-prensa-uncuyo_1000_1100-1024x683.jpg",640,427,true],"1536x1536":["https:\/\/elfederalmendoza.com.ar\/wp-content\/uploads\/2023\/03\/elecciones-uncuyo-2022-prensa-uncuyo_1000_1100.jpg",1100,734,false],"2048x2048":["https:\/\/elfederalmendoza.com.ar\/wp-content\/uploads\/2023\/03\/elecciones-uncuyo-2022-prensa-uncuyo_1000_1100.jpg",1100,734,false],"ultp_layout_landscape_large":["https:\/\/elfederalmendoza.com.ar\/wp-content\/uploads\/2023\/03\/elecciones-uncuyo-2022-prensa-uncuyo_1000_1100.jpg",1100,734,false],"ultp_layout_landscape":["https:\/\/elfederalmendoza.com.ar\/wp-content\/uploads\/2023\/03\/elecciones-uncuyo-2022-prensa-uncuyo_1000_1100-870x570.jpg",870,570,true],"ultp_layout_portrait":["https:\/\/elfederalmendoza.com.ar\/wp-content\/uploads\/2023\/03\/elecciones-uncuyo-2022-prensa-uncuyo_1000_1100-600x734.jpg",600,734,true],"ultp_layout_square":["https:\/\/elfederalmendoza.com.ar\/wp-content\/uploads\/2023\/03\/elecciones-uncuyo-2022-prensa-uncuyo_1000_1100-600x600.jpg",600,600,true],"rpwe-thumbnail":["https:\/\/elfederalmendoza.com.ar\/wp-content\/uploads\/2023\/03\/elecciones-uncuyo-2022-prensa-uncuyo_1000_1100-45x45.jpg",45,45,true],"advps-thumb-one":["https:\/\/elfederalmendoza.com.ar\/wp-content\/uploads\/2023\/03\/elecciones-uncuyo-2022-prensa-uncuyo_1000_1100-1100x420.jpg",1100,420,true]},"rttpg_author":{"display_name":"Redacci\u00f3n El Federal","author_link":"https:\/\/elfederalmendoza.com.ar\/index.php\/author\/angelflores\/"},"rttpg_comment":0,"rttpg_category":"<a href=\"https:\/\/elfederalmendoza.com.ar\/index.php\/category\/mza\/\" rel=\"category tag\">Mendoza<\/a>","rttpg_excerpt":"El conflicto universitario en la\u00a0UNCuyo\u00a0contin\u00faa, con otra semana de huelga por parte de los\u00a0docentes\u00a0que reclaman mejoras salariales. El\u00a0Consejo Superior\u00a0de la universidad ratific\u00f3 la decisi\u00f3n de descontar los d\u00edas de paro a los docentes en una reuni\u00f3n en la que particip\u00f3 FADIUNC, el gremio de docentes e investigadores de la UNCuyo. La medida ha generado protestas&hellip;","_links":{"self":[{"href":"https:\/\/elfederalmendoza.com.ar\/index.php\/wp-json\/wp\/v2\/posts\/22146","targetHints":{"allow":["GET"]}}],"collection":[{"href":"https:\/\/elfederalmendoza.com.ar\/index.php\/wp-json\/wp\/v2\/posts"}],"about":[{"href":"https:\/\/elfederalmendoza.com.ar\/index.php\/wp-json\/wp\/v2\/types\/post"}],"author":[{"embeddable":true,"href":"https:\/\/elfederalmendoza.com.ar\/index.php\/wp-json\/wp\/v2\/users\/2"}],"replies":[{"embeddable":true,"href":"https:\/\/elfederalmendoza.com.ar\/index.php\/wp-json\/wp\/v2\/comments?post=22146"}],"version-history":[{"count":3,"href":"https:\/\/elfederalmendoza.com.ar\/index.php\/wp-json\/wp\/v2\/posts\/22146\/revisions"}],"predecessor-version":[{"id":22149,"href":"https:\/\/elfederalmendoza.com.ar\/index.php\/wp-json\/wp\/v2\/posts\/22146\/revisions\/22149"}],"wp:featuredmedia":[{"embeddable":true,"href":"https:\/\/elfederalmendoza.com.ar\/index.php\/wp-json\/wp\/v2\/media\/21495"}],"wp:attachment":[{"href":"https:\/\/elfederalmendoza.com.ar\/index.php\/wp-json\/wp\/v2\/media?parent=22146"}],"wp:term":[{"taxonomy":"category","embeddable":true,"href":"https:\/\/elfederalmendoza.com.ar\/index.php\/wp-json\/wp\/v2\/categories?post=22146"},{"taxonomy":"post_tag","embeddable":true,"href":"https:\/\/elfederalmendoza.com.ar\/index.php\/wp-json\/wp\/v2\/tags?post=22146"}],"curies":[{"name":"wp","href":"https:\/\/api.w.org\/{rel}","templated":true}]}}